{"id":18341,"date":"2026-03-05T11:57:13","date_gmt":"2026-03-05T14:57:13","guid":{"rendered":"https:\/\/fatoelado.com\/?p=18341"},"modified":"2026-03-05T11:57:13","modified_gmt":"2026-03-05T14:57:13","slug":"veja-horario-e-onde-assistir-o-grande-premio-da-australia-da-formula-1-deste-fim-de-semana","status":"publish","type":"post","link":"https:\/\/fatoelado.com\/?p=18341","title":{"rendered":"Veja hor\u00e1rio e onde assistir o Grande Pr\u00eamio da Austr\u00e1lia da F\u00f3rmula 1 deste fim de semana"},"content":{"rendered":"<h2 class=\"article-subtitle\" style=\"text-align: center;\">Temporada de 2026 come\u00e7a neste fim de semana, com a corrida principal marcada para o domingo (8)<\/h2>\n<p>&nbsp;<\/p>\n<div class=\"article-image-featured\" style=\"text-align: center;\"><img decoding=\"async\" class=\"i-amphtml-fill-content i-amphtml-replaced-content aligncenter\" src=\"https:\/\/www.meionews.com\/uploads\/imagens\/2026\/3\/5\/nova-temporada-da-formula-1-2026-vai-comecar--a0b3214d60ea7ff6.jpg\" alt=\"Nova temporada da F\u00f3rmula 1 2026 vai come\u00e7ar  | Divulga\u00e7\u00e3o\/F1\" data-amp-loading=\"lazy\" \/><small>Nova temporada da F\u00f3rmula 1 2026 vai come\u00e7ar | Foto: Divulga\u00e7\u00e3o\/F1<\/small><\/div>\n<div class=\"g-news\"><\/div>\n<div class=\"article-html\">\n<div class=\"article-html-more\">\n<p>A corrida de abertura da temporada da\u00a0F\u00f3rmula 1 de 2026 acontece neste fim de semana durante o Grande Pr\u00eamio da Austr\u00e1lia. A categoria teve uma pausa de tr\u00eas meses e retorna com o calend\u00e1rio de corridas com uma nova regulamenta\u00e7\u00e3o completamente diferente.<\/p>\n<p>O conforto principal entre as equipes est\u00e1 marcado para iniciar \u00e0s 1h da manh\u00e3 (de Bras\u00edlia). Quem chega com tudo nesta nova temporada \u00e9 a\u00a0atual campe\u00e3 McLaren com expectativas elevadas. O brit\u00e2nico Lando Norris pretende repetir os mesmos feitos do ano passado e garantir o primeiro lugar. Em contrapartida, Oscar Piastri carrega a press\u00e3o de encerrar um longo intervalo sem vit\u00f3rias para os competidores australianos em casa.<\/p>\n<p>Isso porque desde que a etapa passou a integrar oficialmente o calend\u00e1rio do Mundial, em 1985, nenhum piloto local conseguiu subir ao p\u00f3dio em seu pa\u00eds.<\/p>\n<h2>ESTREIA DA CADILLAC<\/h2>\n<p>Al\u00e9m da reformula\u00e7\u00e3o no regulamento, uma nova equipe passa a integrar a competi\u00e7\u00e3o.\u00a0O fim de semana ser\u00e1 marcado pela estreia da Cadillac na categoria.\u00a0<span class=\"highlight\">Agora, o grid passar\u00e1 a ter 11 equipes e 22 carros<\/span>. Quem chega para integrar as vagas de pilotos s\u00e3o os experientes\u00a0<strong>Valtteri Bottas\u00a0<\/strong>e\u00a0<strong>Sergio P\u00e9rez,<\/strong>\u00a0que retornam ao campeonato ap\u00f3s aus\u00eancia em 2025.<\/p>\n<p>Uma outra mudan\u00e7a \u00e9 a antiga Sauber que inicia uma nova fase como Audi e \u00a0passa a competir com unidade de pot\u00eancia pr\u00f3pria, inaugurando um projeto integralmente desenvolvido pela fabricante alem\u00e3.<\/p>\n<p>Entre os pilotos, a \u00fanica novidade no grid \u00e9 Arvid Lindblad. O jovem chega credenciado por resultados consistentes nas categorias de base e ter\u00e1 pela frente um cen\u00e1rio peculiar: todos os competidores est\u00e3o se adaptando a um novo conceito t\u00e9cnico, o que pode equilibrar a curva de aprendizado.<\/p>\n<h2>NOVO REGULAMENTO<\/h2>\n<p>Esta \u00e9 a primeira vezes em muitos anos que a categoria passa por uma reformula\u00e7\u00e3o completa com mudan\u00e7as profundas no regulamento de chassi e de unidades de pot\u00eancia. A transforma\u00e7\u00e3o representa um desafio consider\u00e1vel para pilotos e engenheiros e tamb\u00e9m levanta questionamentos sobre a qualidade das disputas na pista.\u00a0<span class=\"highlight\">Al\u00e9m disso, o antigo sistema de redu\u00e7\u00e3o de arrasto (DRS) foi substitu\u00eddo por um novo modo de ultrapassagem que oferece pot\u00eancia extra.<\/span><\/p>\n<p>Com uma paridade pr\u00f3xima entre os motores el\u00e9tricos e a combust\u00e3o e a utiliza\u00e7\u00e3o de combust\u00edvel 100% sustent\u00e1vel de nova gera\u00e7\u00e3o, os pilotos tiveram uma pr\u00e9via das novidades nos testes de pr\u00e9-temporada. Ainda assim, admitem incertezas sobre o comportamento dos carros em situa\u00e7\u00f5es de disputa direta durante as corridas.<\/p>\n<p>O evento ser\u00e1 transmitido pelos canais Globo, na TV aberta, SporTV, na TV fechada, Globoplay, no streaming, e pela F1TV.<\/p>\n<p class=\"ads\">\n<div class=\"article-share_buttons2 article-share\">\n<div class=\"share_buttons\">\n<div class=\"buttons\">\n<p>Fonte: Portal MeioNews.<br \/>\nConfira esta e outras mat\u00e9rias na \u00edntegra pelo link: https:\/\/www.meionews.com\/esportes\/veja-horario-e-onde-assistir-o-grande-premio-da-australia-da-formula-1-deste-fim-de-semana-557095<\/p>\n<\/div>\n<\/div>\n<\/div>\n<\/div>\n<\/div>\n","protected":false},"excerpt":{"rendered":"<p>Temporada de 2026 come\u00e7a neste fim de semana, com a corrida principal marcada para o domingo (8) &nbsp; Nova temporada da F\u00f3rmula 1 2026 vai come\u00e7ar | Foto: Divulga\u00e7\u00e3o\/F1 A corrida de abertura da temporada da\u00a0F\u00f3rmula 1 de 2026 acontece neste fim de semana durante o Grande Pr\u00eamio da Austr\u00e1lia. A categoria teve uma pausa [&hellip;]<\/p>\n","protected":false},"author":3,"featured_media":18342,"comment_status":"open","ping_status":"open","sticky":false,"template":"","format":"standard","meta":{"om_disable_all_campaigns":false,"_monsterinsights_skip_tracking":false,"_monsterinsights_sitenote_active":false,"_monsterinsights_sitenote_note":"","_monsterinsights_sitenote_category":0,"footnotes":""},"categories":[48],"tags":[],"class_list":["post-18341","post","type-post","status-publish","format-standard","has-post-thumbnail","hentry","category-esportes"],"jetpack_featured_media_url":"https:\/\/fatoelado.com\/wp-content\/uploads\/2026\/03\/nova-temporada-da-formula-1-2026-vai-comecar-a0b3214d60ea7ff6.jpg","_links":{"self":[{"href":"https:\/\/fatoelado.com\/index.php?rest_route=\/wp\/v2\/posts\/18341","targetHints":{"allow":["GET"]}}],"collection":[{"href":"https:\/\/fatoelado.com\/index.php?rest_route=\/wp\/v2\/posts"}],"about":[{"href":"https:\/\/fatoelado.com\/index.php?rest_route=\/wp\/v2\/types\/post"}],"author":[{"embeddable":true,"href":"https:\/\/fatoelado.com\/index.php?rest_route=\/wp\/v2\/users\/3"}],"replies":[{"embeddable":true,"href":"https:\/\/fatoelado.com\/index.php?rest_route=%2Fwp%2Fv2%2Fcomments&post=18341"}],"version-history":[{"count":1,"href":"https:\/\/fatoelado.com\/index.php?rest_route=\/wp\/v2\/posts\/18341\/revisions"}],"predecessor-version":[{"id":18343,"href":"https:\/\/fatoelado.com\/index.php?rest_route=\/wp\/v2\/posts\/18341\/revisions\/18343"}],"wp:featuredmedia":[{"embeddable":true,"href":"https:\/\/fatoelado.com\/index.php?rest_route=\/wp\/v2\/media\/18342"}],"wp:attachment":[{"href":"https:\/\/fatoelado.com\/index.php?rest_route=%2Fwp%2Fv2%2Fmedia&parent=18341"}],"wp:term":[{"taxonomy":"category","embeddable":true,"href":"https:\/\/fatoelado.com\/index.php?rest_route=%2Fwp%2Fv2%2Fcategories&post=18341"},{"taxonomy":"post_tag","embeddable":true,"href":"https:\/\/fatoelado.com\/index.php?rest_route=%2Fwp%2Fv2%2Ftags&post=18341"}],"curies":[{"name":"wp","href":"https:\/\/api.w.org\/{rel}","templated":true}]}}