{"id":18335,"date":"2026-03-05T11:54:18","date_gmt":"2026-03-05T14:54:18","guid":{"rendered":"https:\/\/fatoelado.com\/?p=18335"},"modified":"2026-03-05T11:54:18","modified_gmt":"2026-03-05T14:54:18","slug":"desemprego-fica-em-54-no-trimestre-encerrado-em-janeiro-segundo-ibge","status":"publish","type":"post","link":"https:\/\/fatoelado.com\/?p=18335","title":{"rendered":"Desemprego fica em 5,4% no trimestre encerrado em janeiro, segundo IBGE"},"content":{"rendered":"<p><img decoding=\"async\" class=\"aligncenter\" src=\"https:\/\/cidadeverde.com\/assets\/uploads\/colecoes\/2\/2026\/02\/caged-empregos-agosto-marcelo-camargo-agencia-brasil.jpg\" alt=\"caged-empregos-agosto-marcelo-camargo-agencia-brasil.jpg\" \/><\/p>\n<p>A taxa de desemprego do Brasil ficou em 5,4% no trimestre encerrado em janeiro de 2026, ap\u00f3s marcar os mesmos 5,4% nos tr\u00eas meses encerrados em outubro, que servem de base de compara\u00e7\u00e3o. Esse \u00e9, portanto, o menor da s\u00e9rie compar\u00e1vel.<\/p>\n<p>Os dados fazem parte da Pnad-Cont\u00ednua (Pesquisa Nacional por Amostra de Domic\u00edlios Cont\u00ednua) e foram divulgados nesta quinta (5) pelo IBGE (Instituto Brasileiro de Geografia e Estat\u00edstica). O levantamento inclui tanto o mercado de trabalho formal quanto o informal.<\/p>\n<p>A mediana das proje\u00e7\u00f5es do mercado financeiro era uma taxa de 5,4%, segundo a ag\u00eancia Bloomberg.<\/p>\n<p>At\u00e9 a divulga\u00e7\u00e3o desta quinta, a menor taxa em todos os trimestres havia sido de 5,1%, nos tr\u00eas meses encerrados em dezembro de 2025. O IBGE, contudo, evita a compara\u00e7\u00e3o direta entre trimestres consecutivos que compartilham meses em comum.<\/p>\n<p>A coordenadora de pesquisas domiciliares do IBGE, Adriana Beriguy, afirma que os resultados do trimestre apontam para a estabilidade dos indicadores de ocupa\u00e7\u00e3o.<\/p>\n<p>Ela explica que h\u00e1 no m\u00eas de janeiro uma tend\u00eancia de redu\u00e7\u00e3o no contingente de trabalhadores, muitas vezes devido \u00e0 dispensa de tempor\u00e1rios, mas diz que os dados favor\u00e1veis de novembro e dezembro reduziram o impacto desse movimento sazonal.<\/p>\n<p>No trimestre at\u00e9 janeiro, o instituto encontrou 5,9 milh\u00f5es de pessoas de 14 anos ou mais em busca de trabalho. Em rela\u00e7\u00e3o ao mesmo trimestre do ano anterior, quando eram 7,1 milh\u00f5es, houve queda de 17,1%.<\/p>\n<p>Na s\u00e9rie da Pnad, iniciada em 2012, o maior contingente de desocupados foi registrado no trimestre at\u00e9 mar\u00e7o de 2021, na pandemia de Covid-19. \u00c0 \u00e9poca, o indicador chegou a quase 15 milh\u00f5es.<\/p>\n<h2><strong>Popula\u00e7\u00e3o ocupada<\/strong><\/h2>\n<p>J\u00e1 o n\u00famero de ocupados com algum trabalho alcan\u00e7ou quase 102,7 milh\u00f5es. Houve aumento de 1,7% (1,7 milh\u00f5es a mais de pessoas) no ano. O n\u00edvel de ocupa\u00e7\u00e3o foi de 58,7%, com estabilidade no trimestre (58,8%) e crescendo 0,5 p.p. no ano (58,2%).<\/p>\n<p>A taxa de informalidade foi de 37,5%, ante 37,8% no trimestre encerrado em outubro e 38,4% um ano antes.<\/p>\n<p>A coordenadora da pesquisa diz que a informalidade est\u00e1 em queda desde 2022, com acelera\u00e7\u00e3o dessa trajet\u00f3ria desde 2023. &#8220;No atual trimestre, a retra\u00e7\u00e3o da taxa esteve associada \u00e0 tend\u00eancia de queda do emprego sem carteira no setor privado e de expans\u00e3o da cobertura de registro no CNPJ dos trabalhadores por conta pr\u00f3pria&#8221;, afirma.<\/p>\n<h2><strong>Renda M\u00e9dica<\/strong><\/h2>\n<p>No trimestre at\u00e9 janeiro, o rendimento m\u00e9dio do trabalho alcan\u00e7ou R$ 3.652 por m\u00eas, aumento de 2,8% no trimestre e 5,4% no ano. Esse \u00e9 o maior valor da s\u00e9rie em termos reais (com ajuste pela infla\u00e7\u00e3o).<\/p>\n<p>A massa de rendimento real ficou em R$ 370,3 bilh\u00f5es, alta de 2,9% no trimestre e 7,3% no ano.<\/p>\n<h2><strong>Tire d\u00favidas<\/strong><\/h2>\n<p><strong>O que \u00e9 desemprego?<\/strong><\/p>\n<p>Segundo o IBGE, o desemprego se refere \u00e0s pessoas de 14 anos ou mais que n\u00e3o est\u00e3o trabalhando, mas que est\u00e3o dispon\u00edveis e tentam encontrar trabalho.<\/p>\n<p>Para algu\u00e9m ser considerado desempregado, n\u00e3o basta n\u00e3o possuir um emprego. \u00c9 preciso que essa pessoa tamb\u00e9m procure oportunidades.<\/p>\n<p><strong>Como funciona a Pnad Cont\u00ednua?<\/strong><\/p>\n<p>\u00c9 o principal instrumento para monitorar a for\u00e7a de trabalho do pa\u00eds. Conforme o IBGE, sua amostra corresponde a 211 mil domic\u00edlios, em todos os estados e no DF, que s\u00e3o visitados a cada trimestre. Cerca de 2.000 entrevistadores trabalham na coleta da pesquisa.<\/p>\n<p><strong>Como \u00e9 medida a taxa de desemprego?<\/strong><\/p>\n<p>\u00c9 o percentual da for\u00e7a de trabalho formado pelas pessoas que est\u00e3o desempregadas.<\/p>\n<p>A for\u00e7a de trabalho \u00e9 composta pelos desempregados e pelos ocupados. Os ocupados, por sua vez, s\u00e3o aqueles que est\u00e3o trabalhando de modo formal ou informal \u0097ou seja, com ou sem carteira ou CNPJ.<\/p>\n<p><strong>O que explica o desemprego baixo?<\/strong><\/p>\n<p>Segundo economistas, ele se explica principalmente por um mercado de trabalho aquecido, reflexo de contrata\u00e7\u00f5es nos setores privado e p\u00fablico. Mudan\u00e7as demogr\u00e1ficas e tecnol\u00f3gicas tamb\u00e9m contribuem para uma taxa baixa.<\/p>\n<p><strong>Isso \u00e9 uma boa not\u00edcia?<\/strong><\/p>\n<p>O desemprego baixo indica um cen\u00e1rio positivo para os trabalhadores.<\/p>\n<p><strong>Que efeito o desemprego baixo pode ter na economia?<\/strong><\/p>\n<p>Com mais pessoas trabalhando, o consumo tende a crescer, j\u00e1 que a popula\u00e7\u00e3o tem mais renda dispon\u00edvel. Por outro lado, isso pode pressionar a infla\u00e7\u00e3o, j\u00e1 que aumenta a demanda por bens e servi\u00e7os.<\/p>\n<p>Assim, o BC (Banco Central) levou a taxa b\u00e1sica de juros para 15% ao ano. A medida busca esfriar o consumo para conter a alta dos pre\u00e7os.<\/p>\n<p>&nbsp;<\/p>\n<p>Fonte: Portal CidadeVerde.<br \/>\nConfira esta e outras mat\u00e9rias na \u00edntegra pelo link: https:\/\/cidadeverde.com\/noticias\/451915\/desemprego-fica-em-54-no-trimestre-encerrado-em-janeiro-segundo-ibge<\/p>\n","protected":false},"excerpt":{"rendered":"<p>A taxa de desemprego do Brasil ficou em 5,4% no trimestre encerrado em janeiro de 2026, ap\u00f3s marcar os mesmos 5,4% nos tr\u00eas meses encerrados em outubro, que servem de base de compara\u00e7\u00e3o. Esse \u00e9, portanto, o menor da s\u00e9rie compar\u00e1vel. Os dados fazem parte da Pnad-Cont\u00ednua (Pesquisa Nacional por Amostra de Domic\u00edlios Cont\u00ednua) e [&hellip;]<\/p>\n","protected":false},"author":3,"featured_media":18336,"comment_status":"open","ping_status":"open","sticky":false,"template":"","format":"standard","meta":{"om_disable_all_campaigns":false,"_monsterinsights_skip_tracking":false,"_monsterinsights_sitenote_active":false,"_monsterinsights_sitenote_note":"","_monsterinsights_sitenote_category":0,"footnotes":""},"categories":[47],"tags":[],"class_list":["post-18335","post","type-post","status-publish","format-standard","has-post-thumbnail","hentry","category-nacionais"],"jetpack_featured_media_url":"https:\/\/fatoelado.com\/wp-content\/uploads\/2026\/03\/caged-empregos-agosto-marcelo-camargo-agencia-brasil-1.jpg","_links":{"self":[{"href":"https:\/\/fatoelado.com\/index.php?rest_route=\/wp\/v2\/posts\/18335","targetHints":{"allow":["GET"]}}],"collection":[{"href":"https:\/\/fatoelado.com\/index.php?rest_route=\/wp\/v2\/posts"}],"about":[{"href":"https:\/\/fatoelado.com\/index.php?rest_route=\/wp\/v2\/types\/post"}],"author":[{"embeddable":true,"href":"https:\/\/fatoelado.com\/index.php?rest_route=\/wp\/v2\/users\/3"}],"replies":[{"embeddable":true,"href":"https:\/\/fatoelado.com\/index.php?rest_route=%2Fwp%2Fv2%2Fcomments&post=18335"}],"version-history":[{"count":1,"href":"https:\/\/fatoelado.com\/index.php?rest_route=\/wp\/v2\/posts\/18335\/revisions"}],"predecessor-version":[{"id":18337,"href":"https:\/\/fatoelado.com\/index.php?rest_route=\/wp\/v2\/posts\/18335\/revisions\/18337"}],"wp:featuredmedia":[{"embeddable":true,"href":"https:\/\/fatoelado.com\/index.php?rest_route=\/wp\/v2\/media\/18336"}],"wp:attachment":[{"href":"https:\/\/fatoelado.com\/index.php?rest_route=%2Fwp%2Fv2%2Fmedia&parent=18335"}],"wp:term":[{"taxonomy":"category","embeddable":true,"href":"https:\/\/fatoelado.com\/index.php?rest_route=%2Fwp%2Fv2%2Fcategories&post=18335"},{"taxonomy":"post_tag","embeddable":true,"href":"https:\/\/fatoelado.com\/index.php?rest_route=%2Fwp%2Fv2%2Ftags&post=18335"}],"curies":[{"name":"wp","href":"https:\/\/api.w.org\/{rel}","templated":true}]}}