{"id":18332,"date":"2026-03-05T11:53:33","date_gmt":"2026-03-05T14:53:33","guid":{"rendered":"https:\/\/fatoelado.com\/?p=18332"},"modified":"2026-03-05T11:53:33","modified_gmt":"2026-03-05T14:53:33","slug":"acao-sobre-saude-renal-sera-realizada-em-picos","status":"publish","type":"post","link":"https:\/\/fatoelado.com\/?p=18332","title":{"rendered":"A\u00e7\u00e3o sobre sa\u00fade renal ser\u00e1 realizada em Picos"},"content":{"rendered":"<p><img decoding=\"async\" class=\"aligncenter\" src=\"https:\/\/cidadeverde.com\/assets\/uploads\/colecoes\/2\/2026\/03\/6f3983186774807ac8b10330fa7a3b54.jpg\" alt=\"rim .jpg\" \/><\/p>\n<p>O munic\u00edpio de Picos sediar\u00e1, na pr\u00f3xima quinta-feira (12), uma a\u00e7\u00e3o alusiva ao Dia Mundial do Rim. A atividade acontecer\u00e1 a partir das 8h, na Pra\u00e7a F\u00e9lix Pacheco, no centro da cidade.<\/p>\n<p>A programa\u00e7\u00e3o voltada \u00e0 promo\u00e7\u00e3o da sa\u00fade contar\u00e1 com orienta\u00e7\u00f5es \u00e0 popula\u00e7\u00e3o, a\u00e7\u00f5es de conscientiza\u00e7\u00e3o, aferi\u00e7\u00e3o de press\u00e3o arterial, testes de glicemia e informa\u00e7\u00f5es sobre a preven\u00e7\u00e3o de doen\u00e7as renais.<\/p>\n<p>A iniciativa ser\u00e1 promovida por cl\u00ednicas especializadas em nefrologia e no tratamento de doen\u00e7as renais que atuam no munic\u00edpio. A a\u00e7\u00e3o tem como objetivo alertar a popula\u00e7\u00e3o sobre a import\u00e2ncia da preven\u00e7\u00e3o, do diagn\u00f3stico precoce e do acompanhamento m\u00e9dico para evitar complica\u00e7\u00f5es relacionadas aos rins.<\/p>\n<p>Durante a mobiliza\u00e7\u00e3o, profissionais da \u00e1rea da sa\u00fade tamb\u00e9m ir\u00e3o orientar os participantes sobre h\u00e1bitos que contribuem para a manuten\u00e7\u00e3o da sa\u00fade renal, como a ingest\u00e3o adequada de \u00e1gua, a pr\u00e1tica regular de atividades f\u00edsicas, o controle da press\u00e3o arterial e da diabetes, al\u00e9m da import\u00e2ncia de evitar a automedica\u00e7\u00e3o.<\/p>\n<p>O Dia Mundial do Rim \u00e9 uma campanha global que busca conscientizar a popula\u00e7\u00e3o sobre a preven\u00e7\u00e3o e o diagn\u00f3stico precoce das doen\u00e7as renais. A data tamb\u00e9m refor\u00e7a a necessidade de cuidados com fatores de risco que podem comprometer o funcionamento dos rins, como hipertens\u00e3o, diabetes, obesidade e hist\u00f3rico familiar da doen\u00e7a.<\/p>\n<p>A expectativa dos organizadores \u00e9 de que a a\u00e7\u00e3o re\u00fana moradores de diferentes bairros de Picos, proporcionando acesso gratuito a informa\u00e7\u00f5es e servi\u00e7os b\u00e1sicos de sa\u00fade, al\u00e9m de estimular a ado\u00e7\u00e3o de h\u00e1bitos mais saud\u00e1veis no dia a dia.<\/p>\n<p>&nbsp;<\/p>\n<p>Fonte: Portal CidadeVerde.<br \/>\nConfira esta e outras mat\u00e9rias na \u00edntegra pelo link: https:\/\/cidadeverde.com\/noticias\/451919\/acao-sobre-saude-renal-sera-realizada-em-picos<\/p>\n","protected":false},"excerpt":{"rendered":"<p>O munic\u00edpio de Picos sediar\u00e1, na pr\u00f3xima quinta-feira (12), uma a\u00e7\u00e3o alusiva ao Dia Mundial do Rim. A atividade acontecer\u00e1 a partir das 8h, na Pra\u00e7a F\u00e9lix Pacheco, no centro da cidade. A programa\u00e7\u00e3o voltada \u00e0 promo\u00e7\u00e3o da sa\u00fade contar\u00e1 com orienta\u00e7\u00f5es \u00e0 popula\u00e7\u00e3o, a\u00e7\u00f5es de conscientiza\u00e7\u00e3o, aferi\u00e7\u00e3o de press\u00e3o arterial, testes de glicemia e [&hellip;]<\/p>\n","protected":false},"author":3,"featured_media":18333,"comment_status":"open","ping_status":"open","sticky":false,"template":"","format":"standard","meta":{"om_disable_all_campaigns":false,"_monsterinsights_skip_tracking":false,"_monsterinsights_sitenote_active":false,"_monsterinsights_sitenote_note":"","_monsterinsights_sitenote_category":0,"footnotes":""},"categories":[42],"tags":[],"class_list":["post-18332","post","type-post","status-publish","format-standard","has-post-thumbnail","hentry","category-saude"],"jetpack_featured_media_url":"https:\/\/fatoelado.com\/wp-content\/uploads\/2026\/03\/6f3983186774807ac8b10330fa7a3b54.jpg","_links":{"self":[{"href":"https:\/\/fatoelado.com\/index.php?rest_route=\/wp\/v2\/posts\/18332","targetHints":{"allow":["GET"]}}],"collection":[{"href":"https:\/\/fatoelado.com\/index.php?rest_route=\/wp\/v2\/posts"}],"about":[{"href":"https:\/\/fatoelado.com\/index.php?rest_route=\/wp\/v2\/types\/post"}],"author":[{"embeddable":true,"href":"https:\/\/fatoelado.com\/index.php?rest_route=\/wp\/v2\/users\/3"}],"replies":[{"embeddable":true,"href":"https:\/\/fatoelado.com\/index.php?rest_route=%2Fwp%2Fv2%2Fcomments&post=18332"}],"version-history":[{"count":1,"href":"https:\/\/fatoelado.com\/index.php?rest_route=\/wp\/v2\/posts\/18332\/revisions"}],"predecessor-version":[{"id":18334,"href":"https:\/\/fatoelado.com\/index.php?rest_route=\/wp\/v2\/posts\/18332\/revisions\/18334"}],"wp:featuredmedia":[{"embeddable":true,"href":"https:\/\/fatoelado.com\/index.php?rest_route=\/wp\/v2\/media\/18333"}],"wp:attachment":[{"href":"https:\/\/fatoelado.com\/index.php?rest_route=%2Fwp%2Fv2%2Fmedia&parent=18332"}],"wp:term":[{"taxonomy":"category","embeddable":true,"href":"https:\/\/fatoelado.com\/index.php?rest_route=%2Fwp%2Fv2%2Fcategories&post=18332"},{"taxonomy":"post_tag","embeddable":true,"href":"https:\/\/fatoelado.com\/index.php?rest_route=%2Fwp%2Fv2%2Ftags&post=18332"}],"curies":[{"name":"wp","href":"https:\/\/api.w.org\/{rel}","templated":true}]}}