{"id":18326,"date":"2026-03-05T05:48:31","date_gmt":"2026-03-05T08:48:31","guid":{"rendered":"https:\/\/fatoelado.com\/?p=18326"},"modified":"2026-03-04T22:49:14","modified_gmt":"2026-03-05T01:49:14","slug":"ifpi-reabre-inscricoes-para-cursos-profissionalizantes-em-teresina-saiba-quais","status":"publish","type":"post","link":"https:\/\/fatoelado.com\/?p=18326","title":{"rendered":"IFPI reabre inscri\u00e7\u00f5es para cursos profissionalizantes em Teresina; saiba quais"},"content":{"rendered":"<p><img decoding=\"async\" class=\"aligncenter\" src=\"https:\/\/cidadeverde.com\/assets\/uploads\/colecoes\/2\/2025\/09\/IFPI.jpg\" alt=\"IFPI.jpg\" \/><\/p>\n<p>O\u00a0<strong>Instituto Federal do Piau\u00ed (IFPI)<\/strong>\u00a0reabriu as inscri\u00e7\u00f5es para dois cursos de qualifica\u00e7\u00e3o profissional do projeto\u00a0<strong>Acredita no Saber Fazer<\/strong>. As oportunidades s\u00e3o para as \u00e1reas de\u00a0<strong>instala\u00e7\u00e3o de ar-condicionado<\/strong>\u00a0e\u00a0<strong>mec\u00e2nica de motocicletas<\/strong>.<\/p>\n<p>As inscri\u00e7\u00f5es seguem abertas\u00a0<strong>at\u00e9 o dia 7 de mar\u00e7o<\/strong>\u00a0e s\u00e3o destinadas a pessoas\u00a0<strong>entre 16 e 65 anos que tenham cadastro ativo no Cad\u00danico<\/strong>.<\/p>\n<p>Os cursos s\u00e3o realizados em parceria com o\u00a0<strong>Minist\u00e9rio do Desenvolvimento e Assist\u00eancia Social, Fam\u00edlia e Combate \u00e0 Fome (MDS)<\/strong>.<\/p>\n<p>As aulas ter\u00e3o in\u00edcio\u00a0<strong>no s\u00e1bado, 7 de mar\u00e7o<\/strong>, e ocorrer\u00e3o durante\u00a0<strong>oito s\u00e1bados consecutivos<\/strong>, das\u00a0<strong>8h \u00e0s 17h<\/strong>, no\u00a0<strong>campus Teresina Central do IFPI<\/strong>, localizado pr\u00f3ximo \u00e0 Igreja S\u00e3o Benedito.<\/p>\n<p>Segundo a institui\u00e7\u00e3o, os alunos ter\u00e3o\u00a0<strong>refei\u00e7\u00e3o no local e aux\u00edlio-transporte<\/strong>\u00a0durante o per\u00edodo das aulas. Ao final da forma\u00e7\u00e3o, os participantes que conclu\u00edrem o curso receber\u00e3o\u00a0<strong>certifica\u00e7\u00e3o emitida pelo IFPI<\/strong>.<\/p>\n<h2><strong>Inscri\u00e7\u00f5es presenciais e online<\/strong><\/h2>\n<p>As inscri\u00e7\u00f5es podem ser feitas\u00a0<strong>presencialmente ou pela internet<\/strong>.<\/p>\n<p>No formato presencial, os interessados devem comparecer ao\u00a0<strong>IFPI \u2013 Campus Teresina Central<\/strong>, no\u00a0<strong>Pr\u00e9dio C, sala C1-04<\/strong>, com acesso pela\u00a0<strong>Rua Quintino Bocai\u00fava<\/strong>, nos seguintes hor\u00e1rios:<\/p>\n<ul>\n<li><strong>Manh\u00e3:<\/strong>\u00a09h \u00e0s 12h<\/li>\n<li><strong>Tarde:<\/strong>\u00a014h \u00e0s 16h<\/li>\n<\/ul>\n<p>Tamb\u00e9m \u00e9 poss\u00edvel realizar a inscri\u00e7\u00e3o\u00a0<a href=\"https:\/\/docs.google.com\/forms\/d\/1tG8Rffq8MZNSuKfg8Vy7_jjrCvjh4wKBO3OSSSn6ulA\/viewform?edit_requested=true\"><strong>online por meio de formul\u00e1rio eletr\u00f4nico. Clique aqui.<\/strong><\/a><\/p>\n<p>Ap\u00f3s o preenchimento, o candidato deve entrar em contato com o respons\u00e1vel pelo projeto,\u00a0<strong>Ant\u00f4nio Aur\u00e9lio<\/strong>, pelo telefone\u00a0<strong>(86) 98869-3874 (WhatsApp)<\/strong>.<\/p>\n<h2><strong>Vagas s\u00e3o limitadas<\/strong><\/h2>\n<p>De acordo com o IFPI, as vagas s\u00e3o\u00a0<strong>limitadas<\/strong>\u00a0e as inscri\u00e7\u00f5es ser\u00e3o confirmadas apenas ap\u00f3s a\u00a0<strong>entrega completa da documenta\u00e7\u00e3o exigida<\/strong>.<\/p>\n<p>Caso o n\u00famero de inscritos ultrapasse o total de vagas dispon\u00edveis, os candidatos ser\u00e3o inclu\u00eddos em\u00a0<strong>lista de excedentes<\/strong>, podendo ser convocados em caso de desist\u00eancia ou abertura de novas vagas.<\/p>\n<p>Para realizar a inscri\u00e7\u00e3o, \u00e9 necess\u00e1rio apresentar:<\/p>\n<ul>\n<li>RG<\/li>\n<li>CPF<\/li>\n<li>Comprovante de resid\u00eancia<\/li>\n<li>N\u00famero do\u00a0<strong>Cad\u00danico (NIS atualizado)<\/strong><\/li>\n<li>Comprovante banc\u00e1rio em nome do aluno para recebimento do aux\u00edlio-transporte<\/li>\n<\/ul>\n<p>O\u00a0<strong>Cad\u00danico atualizado \u00e9 obrigat\u00f3rio<\/strong>\u00a0para participa\u00e7\u00e3o no projeto.<\/p>\n<p>&nbsp;<\/p>\n<p>Fonte: Portal CidadeVerde.<br \/>\nConfira esta e outras mat\u00e9rias na \u00edntegra pelo link: https:\/\/cidadeverde.com\/noticias\/451869\/ifpi-reabre-inscricoes-para-cursos-profissionalizantes-em-teresina-saiba-quais<\/p>\n","protected":false},"excerpt":{"rendered":"<p>O\u00a0Instituto Federal do Piau\u00ed (IFPI)\u00a0reabriu as inscri\u00e7\u00f5es para dois cursos de qualifica\u00e7\u00e3o profissional do projeto\u00a0Acredita no Saber Fazer. As oportunidades s\u00e3o para as \u00e1reas de\u00a0instala\u00e7\u00e3o de ar-condicionado\u00a0e\u00a0mec\u00e2nica de motocicletas. As inscri\u00e7\u00f5es seguem abertas\u00a0at\u00e9 o dia 7 de mar\u00e7o\u00a0e s\u00e3o destinadas a pessoas\u00a0entre 16 e 65 anos que tenham cadastro ativo no Cad\u00danico. Os cursos s\u00e3o [&hellip;]<\/p>\n","protected":false},"author":3,"featured_media":18327,"comment_status":"open","ping_status":"open","sticky":false,"template":"","format":"standard","meta":{"om_disable_all_campaigns":false,"_monsterinsights_skip_tracking":false,"_monsterinsights_sitenote_active":false,"_monsterinsights_sitenote_note":"","_monsterinsights_sitenote_category":0,"footnotes":""},"categories":[33],"tags":[],"class_list":["post-18326","post","type-post","status-publish","format-standard","has-post-thumbnail","hentry","category-piaui"],"jetpack_featured_media_url":"https:\/\/fatoelado.com\/wp-content\/uploads\/2026\/03\/IFPI-1.jpg","_links":{"self":[{"href":"https:\/\/fatoelado.com\/index.php?rest_route=\/wp\/v2\/posts\/18326","targetHints":{"allow":["GET"]}}],"collection":[{"href":"https:\/\/fatoelado.com\/index.php?rest_route=\/wp\/v2\/posts"}],"about":[{"href":"https:\/\/fatoelado.com\/index.php?rest_route=\/wp\/v2\/types\/post"}],"author":[{"embeddable":true,"href":"https:\/\/fatoelado.com\/index.php?rest_route=\/wp\/v2\/users\/3"}],"replies":[{"embeddable":true,"href":"https:\/\/fatoelado.com\/index.php?rest_route=%2Fwp%2Fv2%2Fcomments&post=18326"}],"version-history":[{"count":1,"href":"https:\/\/fatoelado.com\/index.php?rest_route=\/wp\/v2\/posts\/18326\/revisions"}],"predecessor-version":[{"id":18328,"href":"https:\/\/fatoelado.com\/index.php?rest_route=\/wp\/v2\/posts\/18326\/revisions\/18328"}],"wp:featuredmedia":[{"embeddable":true,"href":"https:\/\/fatoelado.com\/index.php?rest_route=\/wp\/v2\/media\/18327"}],"wp:attachment":[{"href":"https:\/\/fatoelado.com\/index.php?rest_route=%2Fwp%2Fv2%2Fmedia&parent=18326"}],"wp:term":[{"taxonomy":"category","embeddable":true,"href":"https:\/\/fatoelado.com\/index.php?rest_route=%2Fwp%2Fv2%2Fcategories&post=18326"},{"taxonomy":"post_tag","embeddable":true,"href":"https:\/\/fatoelado.com\/index.php?rest_route=%2Fwp%2Fv2%2Ftags&post=18326"}],"curies":[{"name":"wp","href":"https:\/\/api.w.org\/{rel}","templated":true}]}}