{"id":18319,"date":"2026-03-05T05:46:41","date_gmt":"2026-03-05T08:46:41","guid":{"rendered":"https:\/\/fatoelado.com\/?p=18319"},"modified":"2026-03-04T22:47:27","modified_gmt":"2026-03-05T01:47:27","slug":"venho-com-muita-vontade-afirma-renato-gaucho-em-chegada-ao-vasco","status":"publish","type":"post","link":"https:\/\/fatoelado.com\/?p=18319","title":{"rendered":"\u201cVenho com muita vontade\u201d, afirma Renato Ga\u00facho em chegada ao Vasco"},"content":{"rendered":"<h2 class=\"article-subtitle\" style=\"text-align: center;\">Treinador retorna ao clube ap\u00f3s 18 anos, inicia terceira passagem e j\u00e1 comanda primeiro treino no CT Moacyr Barbosa<\/h2>\n<p>&nbsp;<\/p>\n<div class=\"article-image-featured\" style=\"text-align: center;\"><img decoding=\"async\" class=\"i-amphtml-fill-content i-amphtml-replaced-content aligncenter\" src=\"https:\/\/www.meionews.com\/uploads\/imagens\/2026\/3\/4\/renato-gaucho-em-primeiro-treino-no-vasco--445f682c577bdba0.jpg\" alt=\"Renato Ga\u00facho em primeiro treino no Vasco | Foto: Matheus Lima\/Vasco\" data-amp-loading=\"lazy\" \/><small>Renato Ga\u00facho em primeiro treino no Vasco | Foto: Matheus Lima\/Vasco<\/small><\/div>\n<div class=\"g-news\"><\/div>\n<div class=\"article-html\">\n<div class=\"article-html-more\">\n<p><strong>Renato Ga\u00facho<\/strong>\u00a0foi apresentado oficialmente como\u00a0<strong>novo t\u00e9cnico do\u00a0<\/strong><strong>Vasco da Gama<\/strong> na tarde desta quarta-feira (4), no CT Moacyr Barbosa. Horas antes da coletiva, ele comandou o primeiro treino \u00e0 frente da equipe.<\/p>\n<p>De volta ao clube ap\u00f3s 18 anos, o treinador afirmou que a\u00a0<strong>prioridade<\/strong>\u00a0da temporada ser\u00e1 o\u00a0<strong>Campeonato Brasileiro<\/strong>, embora o time tamb\u00e9m dispute a Copa do Brasil e a Copa Sul-Americana.<\/p>\n<blockquote><p>Tra\u00e7ar as metas: o Vasco tem tr\u00eas competi\u00e7\u00f5es. O Brasileiro \u00e9 prioridade. Tem Copa do Brasil e Sul-Americana. Vamos buscando. Onde o Vasco vai chegar, eu n\u00e3o sei. \u00c9 dif\u00edcil para todos, n\u00e3o ser\u00e1 f\u00e1cil para n\u00f3s. Vamos tentar andar nas tr\u00eas competi\u00e7\u00f5es, mas a prioridade sempre vai ser o Brasileiro.<\/p><\/blockquote>\n<h3 data-end=\"1140\" data-start=\"1099\">motiva\u00e7\u00e3o e retorno ao vasco<\/h3>\n<p>Durante a entrevista, Renato destacou a motiva\u00e7\u00e3o para reassumir o comando da equipe. O treinador volta ao futebol ap\u00f3s pedir demiss\u00e3o do Fluminense em 2025. Ele tamb\u00e9m informou que assinou contrato at\u00e9 o fim de 2026 e que\u00a0<strong>n\u00e3o h\u00e1 multa rescis\u00f3ria<\/strong>\u00a0prevista.<\/p>\n<blockquote><p>\u201cEstou com muita vontade e tes\u00e3o de trabalhar. Gosto do que fa\u00e7o. Se n\u00e3o, estaria na minha praia jogando futev\u00f4lei e tomando chope. Se estou aqui, \u00e9 porque gosto do que fa\u00e7o.<\/p><\/blockquote>\n<p>Renato \u00e9 o<strong>\u00a0treinador com mais jogos pelo Gigante da Colina no s\u00e9culo 21<\/strong>. Esta ser\u00e1 sua terceira passagem pelo clube. Entre 2005 e 2006, foi vice-campe\u00e3o da Copa do Brasil. Em 2008, retornou com a miss\u00e3o de evitar o rebaixamento no Campeonato Brasileiro, mas n\u00e3o conseguiu impedir a queda.<\/p>\n<p>&nbsp;<\/p>\n<div class=\"dimg\"><img decoding=\"async\" class=\"i-amphtml-intrinsic-sizer\" role=\"presentation\" src=\"data:;base64,<svg height=\"593px\" width=\"950px\" xmlns=\"http:\/\/www.w3.org\/2000\/svg\" version=\"1.1\"\/>&#8221; alt=&#8221;&#8221; aria-hidden=&#8221;true&#8221; \/><img decoding=\"async\" class=\"i-amphtml-fill-content i-amphtml-replaced-content\" src=\"https:\/\/www.meionews.com\/uploads\/imagens\/2026\/3\/4\/venho-com-muita-vontade-afirma-renato-gaucho-em-chegada-ao-vasco--13ec8b3daf4ffbcd.jpg\" alt=\"Renato Ga\u00facho em treino durante sua segunda passagem no Vasco - Foto: Cleber Mendes\/Lancepress\" data-amp-loading=\"lazy\" \/><\/div>\n<p><span class=\"fr-inner\">Renato Ga\u00facho em treino durante sua segunda passagem no Vasco &#8211; Foto: Cleber Mendes\/Lancepress<\/span>&nbsp;<\/p>\n<h3 data-end=\"2179\" data-start=\"2137\">Pedido de apoio e cobran\u00e7a por entrega<\/h3>\n<p>O treinador tamb\u00e9m pediu o apoio da torcida e destacou que a postura dentro de campo ser\u00e1 determinante para reconquistar a confian\u00e7a dos vasca\u00ednos.<\/p>\n<blockquote><p>Para mim \u00e9 um prazer enorme estar voltando. Para o treinador \u00e9 sempre um desafio independente da \u00e9poca. Desafio treinar uma equipe grande como o Vasco, com uma imensa torcida. Voc\u00eas veem hoje em dia que o grupo vem sendo criticado, mas \u00e9 uma vida nova. [&#8230;] Vamos pensar em novos rumos. O Vasco tem uma enorme torcida. A torcida sempre apoiou. Quando voc\u00ea v\u00ea uma vaia aqui, para o torcedor n\u00e3o est\u00e1 saindo de acordo. Ent\u00e3o a entrega \u00e9 fundamental. Sempre falo para o jogador, se voc\u00ea correr, se entregar, n\u00e3o tem torcida no mundo que vai vaiar.<\/p><\/blockquote>\n<h3 data-end=\"2577\" data-start=\"2553\">Negocia\u00e7\u00e3o e estreia<\/h3>\n<p>A contrata\u00e7\u00e3o foi anunciada na ter\u00e7a-feira. As negocia\u00e7\u00f5es avan\u00e7aram durante a madrugada e foram conclu\u00eddas no in\u00edcio da tarde. Antes do acerto, Renato recusou duas propostas salariais at\u00e9 que os termos fossem ajustados.<\/p>\n<p>A comiss\u00e3o t\u00e9cnica ser\u00e1 formada por Marcelo Salles e Alexandre Mendes, parceiros de longa data. A\u00a0<strong>estreia<\/strong>\u00a0est\u00e1 marcada para o dia\u00a0<strong>12, contra o Palmeiras<\/strong>, pelo Campeonato Brasileiro.<\/p>\n<p class=\"ads\">\n<div class=\"article-share_buttons2 article-share\">\n<div class=\"share_buttons\">\n<div class=\"buttons\">\n<p>Fonte: Portal MeioNews.<br \/>\nConfira esta e outras mat\u00e9rias na \u00edntegra pelo link: https:\/\/www.meionews.com\/esportes\/venho-com-muita-vontade-afirma-renato-gaucho-em-chegada-ao-vasco-557042<\/p>\n<\/div>\n<\/div>\n<\/div>\n<\/div>\n<\/div>\n","protected":false},"excerpt":{"rendered":"<p>Treinador retorna ao clube ap\u00f3s 18 anos, inicia terceira passagem e j\u00e1 comanda primeiro treino no CT Moacyr Barbosa &nbsp; Renato Ga\u00facho em primeiro treino no Vasco | Foto: Matheus Lima\/Vasco Renato Ga\u00facho\u00a0foi apresentado oficialmente como\u00a0novo t\u00e9cnico do\u00a0Vasco da Gama na tarde desta quarta-feira (4), no CT Moacyr Barbosa. Horas antes da coletiva, ele comandou [&hellip;]<\/p>\n","protected":false},"author":3,"featured_media":18320,"comment_status":"open","ping_status":"open","sticky":false,"template":"","format":"standard","meta":{"om_disable_all_campaigns":false,"_monsterinsights_skip_tracking":false,"_monsterinsights_sitenote_active":false,"_monsterinsights_sitenote_note":"","_monsterinsights_sitenote_category":0,"footnotes":""},"categories":[48],"tags":[],"class_list":["post-18319","post","type-post","status-publish","format-standard","has-post-thumbnail","hentry","category-esportes"],"jetpack_featured_media_url":"https:\/\/fatoelado.com\/wp-content\/uploads\/2026\/03\/renato-gaucho-em-primeiro-treino-no-vasco-445f682c577bdba0.jpg","_links":{"self":[{"href":"https:\/\/fatoelado.com\/index.php?rest_route=\/wp\/v2\/posts\/18319","targetHints":{"allow":["GET"]}}],"collection":[{"href":"https:\/\/fatoelado.com\/index.php?rest_route=\/wp\/v2\/posts"}],"about":[{"href":"https:\/\/fatoelado.com\/index.php?rest_route=\/wp\/v2\/types\/post"}],"author":[{"embeddable":true,"href":"https:\/\/fatoelado.com\/index.php?rest_route=\/wp\/v2\/users\/3"}],"replies":[{"embeddable":true,"href":"https:\/\/fatoelado.com\/index.php?rest_route=%2Fwp%2Fv2%2Fcomments&post=18319"}],"version-history":[{"count":1,"href":"https:\/\/fatoelado.com\/index.php?rest_route=\/wp\/v2\/posts\/18319\/revisions"}],"predecessor-version":[{"id":18321,"href":"https:\/\/fatoelado.com\/index.php?rest_route=\/wp\/v2\/posts\/18319\/revisions\/18321"}],"wp:featuredmedia":[{"embeddable":true,"href":"https:\/\/fatoelado.com\/index.php?rest_route=\/wp\/v2\/media\/18320"}],"wp:attachment":[{"href":"https:\/\/fatoelado.com\/index.php?rest_route=%2Fwp%2Fv2%2Fmedia&parent=18319"}],"wp:term":[{"taxonomy":"category","embeddable":true,"href":"https:\/\/fatoelado.com\/index.php?rest_route=%2Fwp%2Fv2%2Fcategories&post=18319"},{"taxonomy":"post_tag","embeddable":true,"href":"https:\/\/fatoelado.com\/index.php?rest_route=%2Fwp%2Fv2%2Ftags&post=18319"}],"curies":[{"name":"wp","href":"https:\/\/api.w.org\/{rel}","templated":true}]}}