{"id":18315,"date":"2026-03-05T05:45:28","date_gmt":"2026-03-05T08:45:28","guid":{"rendered":"https:\/\/fatoelado.com\/?p=18315"},"modified":"2026-03-04T22:46:30","modified_gmt":"2026-03-05T01:46:30","slug":"flamengo-oficializa-contratacao-de-leonardo-jardim-apos-demissao-de-filipe-luis","status":"publish","type":"post","link":"https:\/\/fatoelado.com\/?p=18315","title":{"rendered":"Flamengo oficializa contrata\u00e7\u00e3o de Leonardo Jardim ap\u00f3s demiss\u00e3o de Filipe Lu\u00eds"},"content":{"rendered":"<h2 class=\"article-subtitle\" style=\"text-align: center;\">Portugu\u00eas assume o comando do time ap\u00f3s demiss\u00e3o de Filipe Lu\u00eds; contrato demorou a ser assinado por quest\u00f5es burocr\u00e1ticas<\/h2>\n<p>&nbsp;<\/p>\n<div class=\"article-image-featured\" style=\"text-align: center;\"><img decoding=\"async\" class=\"i-amphtml-fill-content i-amphtml-replaced-content aligncenter\" src=\"https:\/\/www.meionews.com\/uploads\/imagens\/2026\/3\/4\/leonardo-jardim-no-flamengo--f8449ea44db120e9.jpg\" alt=\"Leonardo Jardim no Flamengo  | Divulga\u00e7\u00e3o\/Flamengo \" data-amp-loading=\"lazy\" \/><small>Leonardo Jardim no Flamengo | Foto: Divulga\u00e7\u00e3o\/Flamengo<\/small><\/div>\n<div class=\"g-news\"><\/div>\n<div class=\"article-html\">\n<div class=\"article-html-more\">\n<p>O Flamengo anunciou nesta quarta-feira (4) a oficializa\u00e7\u00e3o da contrata\u00e7\u00e3o do t\u00e9cnico\u00a0Leonardo Jardim, que passa a estar \u00e0 frente do time. O an\u00fancio oficial veio um dia ap\u00f3s a demiss\u00e3o de Filipe Lu\u00eds.<\/p>\n<p><span class=\"highlight\">Jardim tem contrato v\u00e1lido at\u00e9 dezembro de 2027.<\/span>\u00a0Ele ser\u00e1 apresentado ainda nesta quinta-feira (5) ap\u00f3s o treino da manh\u00e3.<\/p>\n<p class=\"ads\">\n<h2>DEMISS\u00c3O DE FILIPE LU\u00cdS<\/h2>\n<p>O novo l\u00edder chega em um momento delicado para a torcida rubro-negra que mostrou\u00a0descontentamento com a demiss\u00e3o rel\u00e2mpago de Filipe Lu\u00eds\u00a0ap\u00f3s a goleada por 8 a 0 sobre o Madureira, na semifinal do Campeonato Carioca.<\/p>\n<div class=\"dimg\"><img decoding=\"async\" class=\"i-amphtml-intrinsic-sizer\" role=\"presentation\" src=\"data:;base64,<svg height=\"1192px\" width=\"2122px\" xmlns=\"http:\/\/www.w3.org\/2000\/svg\" version=\"1.1\"\/>&#8221; alt=&#8221;&#8221; aria-hidden=&#8221;true&#8221; \/><img decoding=\"async\" class=\"i-amphtml-fill-content i-amphtml-replaced-content\" src=\"https:\/\/www.meionews.com\/uploads\/imagens\/2026\/3\/4\/flamengo-oficializa-contratacao-de-leonardo-jardim-apos-demissao-de-filipe-luis--c756d71e5fb28910.jpg\" alt=\"Filipe Lu\u00eds \u00e9 demitido do Flamengo - Foto: Reprodu\u00e7\u00e3o\u00a0\" data-amp-loading=\"lazy\" \/><\/div>\n<p><span class=\"fr-inner\">Filipe Lu\u00eds \u00e9 demitido do Flamengo &#8211; Foto: Reprodu\u00e7\u00e3o\u00a0<\/span>&nbsp;<\/p>\n<p>No entanto, o que se sabe \u00e9 que a diretoria do Flamengo j\u00e1 vinha alinhando os detalhes com Jardim desde antes de Filipe ser avisado sobre a demiss\u00e3o. O t\u00e9cnico chega acompanhado dos auxiliares Ant\u00f3nio Vieira, Jos\u00e9 Barros e Diogo Dias.<\/p>\n<h2>CHEGADA AO RIO<\/h2>\n<p>O portugu\u00eas pousou no Rio de Janeiro ainda na ter\u00e7a-feira (3) e passou o dia na sede do Flamengo.\u00a0Ele tamb\u00e9m j\u00e1 teve o primeiro contato com os jogadores e comandou o primeiro treino.<\/p>\n<p>Ele estava no Cruzeiro no ano passado, levou o time at\u00e9 \u00e0 semifinal da Copa do Brasil e terminou em terceiro lugar na S\u00e9rie A, conseguindo vaga direta na fase de grupos da Libertadores 2026. Ao todo, foram 55 jogos, 26 vit\u00f3rias, 18 empates e 11 derrotas.<\/p>\n<div class=\"mgbox\"><\/div>\n<div class=\"article-share_buttons2 article-share\">\n<div class=\"share_buttons\">\n<div class=\"buttons\">\n<p>Fonte: Portal MeioNews.<br \/>\nConfira esta e outras mat\u00e9rias na \u00edntegra pelo link: https:\/\/www.meionews.com\/esportes\/flamengo-oficializa-contratacao-de-leonardo-jardim-apos-demissao-de-filipe-luis-557067<\/p>\n<\/div>\n<\/div>\n<\/div>\n<\/div>\n<\/div>\n","protected":false},"excerpt":{"rendered":"<p>Portugu\u00eas assume o comando do time ap\u00f3s demiss\u00e3o de Filipe Lu\u00eds; contrato demorou a ser assinado por quest\u00f5es burocr\u00e1ticas &nbsp; Leonardo Jardim no Flamengo | Foto: Divulga\u00e7\u00e3o\/Flamengo O Flamengo anunciou nesta quarta-feira (4) a oficializa\u00e7\u00e3o da contrata\u00e7\u00e3o do t\u00e9cnico\u00a0Leonardo Jardim, que passa a estar \u00e0 frente do time. O an\u00fancio oficial veio um dia ap\u00f3s [&hellip;]<\/p>\n","protected":false},"author":3,"featured_media":18316,"comment_status":"open","ping_status":"open","sticky":false,"template":"","format":"standard","meta":{"om_disable_all_campaigns":false,"_monsterinsights_skip_tracking":false,"_monsterinsights_sitenote_active":false,"_monsterinsights_sitenote_note":"","_monsterinsights_sitenote_category":0,"footnotes":""},"categories":[48],"tags":[],"class_list":["post-18315","post","type-post","status-publish","format-standard","has-post-thumbnail","hentry","category-esportes"],"jetpack_featured_media_url":"https:\/\/fatoelado.com\/wp-content\/uploads\/2026\/03\/leonardo-jardim-no-flamengo-f8449ea44db120e9.jpg","_links":{"self":[{"href":"https:\/\/fatoelado.com\/index.php?rest_route=\/wp\/v2\/posts\/18315","targetHints":{"allow":["GET"]}}],"collection":[{"href":"https:\/\/fatoelado.com\/index.php?rest_route=\/wp\/v2\/posts"}],"about":[{"href":"https:\/\/fatoelado.com\/index.php?rest_route=\/wp\/v2\/types\/post"}],"author":[{"embeddable":true,"href":"https:\/\/fatoelado.com\/index.php?rest_route=\/wp\/v2\/users\/3"}],"replies":[{"embeddable":true,"href":"https:\/\/fatoelado.com\/index.php?rest_route=%2Fwp%2Fv2%2Fcomments&post=18315"}],"version-history":[{"count":1,"href":"https:\/\/fatoelado.com\/index.php?rest_route=\/wp\/v2\/posts\/18315\/revisions"}],"predecessor-version":[{"id":18317,"href":"https:\/\/fatoelado.com\/index.php?rest_route=\/wp\/v2\/posts\/18315\/revisions\/18317"}],"wp:featuredmedia":[{"embeddable":true,"href":"https:\/\/fatoelado.com\/index.php?rest_route=\/wp\/v2\/media\/18316"}],"wp:attachment":[{"href":"https:\/\/fatoelado.com\/index.php?rest_route=%2Fwp%2Fv2%2Fmedia&parent=18315"}],"wp:term":[{"taxonomy":"category","embeddable":true,"href":"https:\/\/fatoelado.com\/index.php?rest_route=%2Fwp%2Fv2%2Fcategories&post=18315"},{"taxonomy":"post_tag","embeddable":true,"href":"https:\/\/fatoelado.com\/index.php?rest_route=%2Fwp%2Fv2%2Ftags&post=18315"}],"curies":[{"name":"wp","href":"https:\/\/api.w.org\/{rel}","templated":true}]}}