{"id":18311,"date":"2026-03-05T05:44:11","date_gmt":"2026-03-05T08:44:11","guid":{"rendered":"https:\/\/fatoelado.com\/?p=18311"},"modified":"2026-03-04T22:45:08","modified_gmt":"2026-03-05T01:45:08","slug":"ambulante-e-preso-apos-tentar-cobrar-r-7-mil-por-dois-copos-de-acai-no-rio-de-janeiro","status":"publish","type":"post","link":"https:\/\/fatoelado.com\/?p=18311","title":{"rendered":"Ambulante \u00e9 preso ap\u00f3s tentar cobrar R$ 7 mil por dois copos de a\u00e7a\u00ed no Rio de Janeiro"},"content":{"rendered":"<h2 class=\"article-subtitle\" style=\"text-align: center;\">A transa\u00e7\u00e3o n\u00e3o foi conclu\u00edda pelo banco, e o suspeito alterou rapidamente o valor para R$ 700, conseguindo finalizar a cobran\u00e7a<\/h2>\n<p>&nbsp;<\/p>\n<div class=\"article-image-featured\" style=\"text-align: center;\"><img decoding=\"async\" class=\"i-amphtml-fill-content i-amphtml-replaced-content aligncenter\" src=\"https:\/\/www.meionews.com\/uploads\/imagens\/2026\/3\/4\/a-prisao-foi-realizada-pela-guarda-municipal-do-rio-de-janeiro--be49ef8a3675db2a.jpg\" alt=\"A pris\u00e3o foi realizada pela Guarda Municipal do Rio de Janeiro | Foto: Reprodu\u00e7\u00e3o\/Guarda Municipal do RJ\" data-amp-loading=\"lazy\" \/><small>A pris\u00e3o foi realizada pela Guarda Municipal do Rio de Janeiro | Foto: Reprodu\u00e7\u00e3o\/Guarda Municipal do RJ<\/small><\/div>\n<div class=\"g-news\"><\/div>\n<div class=\"article-html\">\n<div class=\"article-html-more\">\n<p>Um vendedor<strong><u>\u00a0ambulante de 29 anos foi preso no \u00faltimo domingo (1\u00ba) ap\u00f3s aplicar um golpe contra duas turistas argentinas na Praia do Arpoador,<\/u><\/strong>\u00a0na Zona Sul do Rio de Janeiro. A pris\u00e3o foi realizada pela Guarda Municipal do Rio de Janeiro, ap\u00f3s as v\u00edtimas perceberem a<strong>\u00a0cobran\u00e7a irregular<\/strong>\u00a0e acionarem os agentes.<\/p>\n<h2>COMO ACONTECEU<\/h2>\n<p>De acordo com a Guarda Municipal, o ambulante tentou vender dois copos de a\u00e7a\u00ed por um valor inicialmente informado como R$ 70. No momento do pagamento via Pix, no entanto, ele digitou R$ 7 mil. A transa\u00e7\u00e3o n\u00e3o foi conclu\u00edda pelo banco,<span class=\"highlight\">\u00a0e o suspeito alterou rapidamente o valor para R$ 700, conseguindo finalizar a cobran\u00e7a.<\/span><\/p>\n<p>Somente ap\u00f3s conferirem o aplicativo banc\u00e1rio, as turistas notaram que haviam sido enganadas e pediram ajuda aos guardas que patrulhavam a regi\u00e3o.\u00a0<strong>O vendedor tentou fugir<\/strong>\u00a0ao perceber a aproxima\u00e7\u00e3o da equipe, mas foi contido com o aux\u00edlio de uma pistola de eletrochoque.<\/p>\n<p>Em nota, a Pol\u00edcia Civil do Rio de Janeiro informou que o ambulante foi encaminhado \u00e0 Delegacia Especial de Apoio ao Turismo, onde foi autuado em flagrante pelo crime de estelionato. O caso foi registrado e encaminhado \u00e0 Justi\u00e7a, que ficar\u00e1 respons\u00e1vel pelas pr\u00f3ximas provid\u00eancias.<\/p>\n<p>&nbsp;<\/p>\n<div class=\"article-share_buttons2 article-share\">\n<div class=\"share_buttons\">\n<div class=\"buttons\">\n<p>Fonte: Portal MeioNews.<br \/>\nConfira esta e outras mat\u00e9rias na \u00edntegra pelo link: https:\/\/www.meionews.com\/noticias\/ambulante-e-preso-apos-tentar-cobrar-r-7-mil-por-dois-copos-de-acai-no-rio-de-janeiro-557068<\/p>\n<\/div>\n<\/div>\n<\/div>\n<\/div>\n<\/div>\n","protected":false},"excerpt":{"rendered":"<p>A transa\u00e7\u00e3o n\u00e3o foi conclu\u00edda pelo banco, e o suspeito alterou rapidamente o valor para R$ 700, conseguindo finalizar a cobran\u00e7a &nbsp; A pris\u00e3o foi realizada pela Guarda Municipal do Rio de Janeiro | Foto: Reprodu\u00e7\u00e3o\/Guarda Municipal do RJ Um vendedor\u00a0ambulante de 29 anos foi preso no \u00faltimo domingo (1\u00ba) ap\u00f3s aplicar um golpe contra [&hellip;]<\/p>\n","protected":false},"author":3,"featured_media":18312,"comment_status":"open","ping_status":"open","sticky":false,"template":"","format":"standard","meta":{"om_disable_all_campaigns":false,"_monsterinsights_skip_tracking":false,"_monsterinsights_sitenote_active":false,"_monsterinsights_sitenote_note":"","_monsterinsights_sitenote_category":0,"footnotes":""},"categories":[47,542],"tags":[],"class_list":["post-18311","post","type-post","status-publish","format-standard","has-post-thumbnail","hentry","category-nacionais","category-policia"],"jetpack_featured_media_url":"https:\/\/fatoelado.com\/wp-content\/uploads\/2026\/03\/a-prisao-foi-realizada-pela-guarda-municipal-do-rio-de-janeiro-be49ef8a3675db2a.jpg","_links":{"self":[{"href":"https:\/\/fatoelado.com\/index.php?rest_route=\/wp\/v2\/posts\/18311","targetHints":{"allow":["GET"]}}],"collection":[{"href":"https:\/\/fatoelado.com\/index.php?rest_route=\/wp\/v2\/posts"}],"about":[{"href":"https:\/\/fatoelado.com\/index.php?rest_route=\/wp\/v2\/types\/post"}],"author":[{"embeddable":true,"href":"https:\/\/fatoelado.com\/index.php?rest_route=\/wp\/v2\/users\/3"}],"replies":[{"embeddable":true,"href":"https:\/\/fatoelado.com\/index.php?rest_route=%2Fwp%2Fv2%2Fcomments&post=18311"}],"version-history":[{"count":2,"href":"https:\/\/fatoelado.com\/index.php?rest_route=\/wp\/v2\/posts\/18311\/revisions"}],"predecessor-version":[{"id":18314,"href":"https:\/\/fatoelado.com\/index.php?rest_route=\/wp\/v2\/posts\/18311\/revisions\/18314"}],"wp:featuredmedia":[{"embeddable":true,"href":"https:\/\/fatoelado.com\/index.php?rest_route=\/wp\/v2\/media\/18312"}],"wp:attachment":[{"href":"https:\/\/fatoelado.com\/index.php?rest_route=%2Fwp%2Fv2%2Fmedia&parent=18311"}],"wp:term":[{"taxonomy":"category","embeddable":true,"href":"https:\/\/fatoelado.com\/index.php?rest_route=%2Fwp%2Fv2%2Fcategories&post=18311"},{"taxonomy":"post_tag","embeddable":true,"href":"https:\/\/fatoelado.com\/index.php?rest_route=%2Fwp%2Fv2%2Ftags&post=18311"}],"curies":[{"name":"wp","href":"https:\/\/api.w.org\/{rel}","templated":true}]}}