{"id":18308,"date":"2026-03-05T05:43:03","date_gmt":"2026-03-05T08:43:03","guid":{"rendered":"https:\/\/fatoelado.com\/?p=18308"},"modified":"2026-03-04T22:44:08","modified_gmt":"2026-03-05T01:44:08","slug":"policia-planeja-quebrar-sigilo-telefonico-de-adolescentes-por-estupro-coletivo-em-copacabana","status":"publish","type":"post","link":"https:\/\/fatoelado.com\/?p=18308","title":{"rendered":"Pol\u00edcia planeja quebrar sigilo telef\u00f4nico de adolescentes por estupro coletivo em Copacabana"},"content":{"rendered":"<h2 class=\"article-subtitle\" style=\"text-align: center;\">Os policiais tamb\u00e9m aguardam autoriza\u00e7\u00e3o judicial para acessar dados de celulares e computadores do adolescente denunciado por dois estupros<\/h2>\n<p>&nbsp;<\/p>\n<div class=\"article-image-featured\" style=\"text-align: center;\"><img decoding=\"async\" class=\"i-amphtml-fill-content i-amphtml-replaced-content aligncenter\" src=\"https:\/\/www.meionews.com\/uploads\/imagens\/2026\/3\/4\/o-delegado-angelo-lages-e-o-responsavel-pelo-caso--cee82fff0e8b54b7.jpg\" alt=\"O delegado \u00c2ngelo Lages \u00e9 o respons\u00e1vel pelo caso  | Foto: Fernando Fraz\u00e3o\/Ag\u00eancia Brasil\" data-amp-loading=\"lazy\" \/><small>O delegado \u00c2ngelo Lages \u00e9 o respons\u00e1vel pelo caso | Foto: Fernando Fraz\u00e3o\/Ag\u00eancia Brasil<\/small><\/div>\n<div class=\"g-news\"><\/div>\n<div class=\"article-html\">\n<div class=\"article-html-more\">\n<p>A Pol\u00edcia Civil do Rio de Janeiro<strong><u>\u00a0pretende solicitar \u00e0 Justi\u00e7a a quebra de sigilo telef\u00f4nico e telem\u00e1tico dos r\u00e9us investigados por crimes de estupro\u00a0<\/u><\/strong>envolvendo estudantes do Col\u00e9gio Pedro II, no Rio de Janeiro. A medida \u00e9 considerada estrat\u00e9gica pelos investigadores para aprofundar a apura\u00e7\u00e3o e reunir novas provas sobre<strong> a atua\u00e7\u00e3o do grupo.<\/strong><\/p>\n<p>Os policiais tamb\u00e9m aguardam autoriza\u00e7\u00e3o judicial para acessar dados de celulares e computadores do adolescente denunciado por dois estupros<span class=\"highlight\">. Segundo a investiga\u00e7\u00e3o, ele \u00e9 apontado como o principal articulador dos ataques, que teriam seguido o mesmo padr\u00e3o de abordagem das v\u00edtimas.<\/span>\u00a0Apesar do pedido de interna\u00e7\u00e3o e de apreens\u00e3o dos aparelhos, o jovem responde ao processo em liberdade.<\/p>\n<blockquote><p>\u201cO adolescente era a mente por tr\u00e1s disso tudo. Ele tinha a confian\u00e7a das v\u00edtimas, inclusive por j\u00e1 ter se relacionado com elas. Por isso, a gente entende que a apreens\u00e3o \u00e9 necess\u00e1ria\u201d, afirmou o delegado respons\u00e1vel pelo caso, \u00c2ngelo Lages.<\/p><\/blockquote>\n<h2>A INVESTIGA\u00c7\u00c3O<\/h2>\n<p>No estupro coletivo ocorrido em janeiro, em Copacabana, cinco rapazes s\u00e3o investigados. Quatro deles tiveram a pris\u00e3o determinada pela Justi\u00e7a. O adolescente \u00e9 o \u00fanico que n\u00e3o teve a interna\u00e7\u00e3o autorizada. De acordo com a Pol\u00edcia Civil, nenhum dos presos entregou voluntariamente celulares ou outros dispositivos eletr\u00f4nicos.<\/p>\n<p>Segundo Lages, o acesso ao conte\u00fado dos aparelhos pode esclarecer a din\u00e2mica dos crimes. \u201cEles combinaram antes, conversaram. Esse grupo n\u00e3o apareceu naquele apartamento por acaso\u201d, disse. \u201cS\u00e3o comuns filmagens nesse tipo de crime, e isso pode ajudar a elucidar os fatos.\u201d<\/p>\n<h2>OUTRAS V\u00cdTIMAS<\/h2>\n<p>Ap\u00f3s a repercuss\u00e3o do caso, outras duas v\u00edtimas procuraram a pol\u00edcia para denunciar estupros cometidos por integrantes do mesmo grupo. Uma das den\u00fancias foi feita por uma jovem que tinha 14 anos \u00e0 \u00e9poca do crime, ocorrido em 2023, em um apartamento no Maracan\u00e3. Em depoimento, ela afirmou que a viol\u00eancia foi registrada em v\u00eddeo e usada como forma de chantagem.<\/p>\n<p>\u201cO que chamou a nossa aten\u00e7\u00e3o \u00e9 que era o mesmo modus operandi do caso de Copacabana\u201d, explicou o delegado. Segundo ele, nos dois epis\u00f3dios, o adolescente teria preparado emboscadas para atrair as v\u00edtimas at\u00e9 os locais onde ocorreram os abusos.<\/p>\n<p>O Minist\u00e9rio P\u00fablico do Rio de Janeiro informou, por meio de nota, que \u201ceventuais medidas cautelares ainda podem ser requeridas no decorrer da investiga\u00e7\u00e3o\u201d. A Pol\u00edcia Civil tamb\u00e9m pretende acionar a dire\u00e7\u00e3o do col\u00e9gio para ter acesso a poss\u00edveis den\u00fancias anteriores envolvendo alunos investigados.<\/p>\n<p>Em nota, o gr\u00eamio estudantil do Col\u00e9gio Pedro II pediu a expuls\u00e3o dos estudantes envolvidos. \u201cN\u00e3o \u00e9 de hoje que tais alunos t\u00eam algum tipo de envolvimento em casos de ass\u00e9dio e abuso\u201d, diz o comunicado divulgado nas redes sociais.<\/p>\n<p>A defesa de um dos investigados afirmou que o cliente nega o estupro coletivo. O advogado sustentou a tese de consentimento, apesar das les\u00f5es constatadas por exame pericial.<\/p>\n<p>Ao comentar o caso, o delegado voltou a fazer um alerta. \u201cOs meninos, principalmente, precisam saber que n\u00e3o \u00e9 n\u00e3o\u201d, afirmou. \u201cA partir do momento em que n\u00e3o h\u00e1 consentimento, h\u00e1 crime, inclusive com pena pesada, que pode chegar a 20 anos de pris\u00e3o quando a v\u00edtima \u00e9 adolescente.\u201d<\/p>\n<p><em>As informa\u00e7\u00f5es s\u00e3o da Ag\u00eancia Brasil<\/em><\/p>\n<p class=\"ads\">\n<div class=\"article-share_buttons2 article-share\">\n<div class=\"share_buttons\">\n<div class=\"buttons\">\n<p>Fonte: Portal MeioNews.<br \/>\nConfira esta e outras mat\u00e9rias na \u00edntegra pelo link: https:\/\/www.meionews.com\/noticias\/policia-planeja-quebrar-sigilo-telefonico-de-adolescentes-por-estupro-coletivo-em-copacabana-557066<\/p>\n<\/div>\n<\/div>\n<\/div>\n<\/div>\n<\/div>\n","protected":false},"excerpt":{"rendered":"<p>Os policiais tamb\u00e9m aguardam autoriza\u00e7\u00e3o judicial para acessar dados de celulares e computadores do adolescente denunciado por dois estupros &nbsp; O delegado \u00c2ngelo Lages \u00e9 o respons\u00e1vel pelo caso | Foto: Fernando Fraz\u00e3o\/Ag\u00eancia Brasil A Pol\u00edcia Civil do Rio de Janeiro\u00a0pretende solicitar \u00e0 Justi\u00e7a a quebra de sigilo telef\u00f4nico e telem\u00e1tico dos r\u00e9us investigados por [&hellip;]<\/p>\n","protected":false},"author":3,"featured_media":18309,"comment_status":"open","ping_status":"open","sticky":false,"template":"","format":"standard","meta":{"om_disable_all_campaigns":false,"_monsterinsights_skip_tracking":false,"_monsterinsights_sitenote_active":false,"_monsterinsights_sitenote_note":"","_monsterinsights_sitenote_category":0,"footnotes":""},"categories":[47,542],"tags":[],"class_list":["post-18308","post","type-post","status-publish","format-standard","has-post-thumbnail","hentry","category-nacionais","category-policia"],"jetpack_featured_media_url":"https:\/\/fatoelado.com\/wp-content\/uploads\/2026\/03\/o-delegado-angelo-lages-e-o-responsavel-pelo-caso-cee82fff0e8b54b7.jpg","_links":{"self":[{"href":"https:\/\/fatoelado.com\/index.php?rest_route=\/wp\/v2\/posts\/18308","targetHints":{"allow":["GET"]}}],"collection":[{"href":"https:\/\/fatoelado.com\/index.php?rest_route=\/wp\/v2\/posts"}],"about":[{"href":"https:\/\/fatoelado.com\/index.php?rest_route=\/wp\/v2\/types\/post"}],"author":[{"embeddable":true,"href":"https:\/\/fatoelado.com\/index.php?rest_route=\/wp\/v2\/users\/3"}],"replies":[{"embeddable":true,"href":"https:\/\/fatoelado.com\/index.php?rest_route=%2Fwp%2Fv2%2Fcomments&post=18308"}],"version-history":[{"count":1,"href":"https:\/\/fatoelado.com\/index.php?rest_route=\/wp\/v2\/posts\/18308\/revisions"}],"predecessor-version":[{"id":18310,"href":"https:\/\/fatoelado.com\/index.php?rest_route=\/wp\/v2\/posts\/18308\/revisions\/18310"}],"wp:featuredmedia":[{"embeddable":true,"href":"https:\/\/fatoelado.com\/index.php?rest_route=\/wp\/v2\/media\/18309"}],"wp:attachment":[{"href":"https:\/\/fatoelado.com\/index.php?rest_route=%2Fwp%2Fv2%2Fmedia&parent=18308"}],"wp:term":[{"taxonomy":"category","embeddable":true,"href":"https:\/\/fatoelado.com\/index.php?rest_route=%2Fwp%2Fv2%2Fcategories&post=18308"},{"taxonomy":"post_tag","embeddable":true,"href":"https:\/\/fatoelado.com\/index.php?rest_route=%2Fwp%2Fv2%2Ftags&post=18308"}],"curies":[{"name":"wp","href":"https:\/\/api.w.org\/{rel}","templated":true}]}}