{"id":18301,"date":"2026-03-04T11:54:18","date_gmt":"2026-03-04T14:54:18","guid":{"rendered":"https:\/\/fatoelado.com\/?p=18301"},"modified":"2026-03-04T11:54:18","modified_gmt":"2026-03-04T14:54:18","slug":"governador-entrega-modernizacao-de-escola-na-zona-norte-de-teresina-e-expande-acesso-a-laboratorios-ensino-tecnico-e-tempo-integral","status":"publish","type":"post","link":"https:\/\/fatoelado.com\/?p=18301","title":{"rendered":"Governador entrega moderniza\u00e7\u00e3o de escola na zona norte de Teresina e expande acesso a laborat\u00f3rios, ensino t\u00e9cnico e tempo integral"},"content":{"rendered":"<h2 class=\"elementor-heading-title elementor-size-default\" style=\"text-align: center;\">O investimento de R$ 2,7 milh\u00f5es garantiu melhorias na infraestrutura e novos equipamentos, consolidando o modelo de escola padr\u00e3o ouro da rede estadual de ensino.<\/h2>\n<p>&nbsp;<\/p>\n<p>O governador Rafael Fonteles inaugurou, nesta quarta-feira (4), a reforma e moderniza\u00e7\u00e3o do Centro Estadual de Tempo Integral (Ceti) Professora Helena Carvalho, no bairro Memorare, zona norte de Teresina. O investimento de R$ 2,7 milh\u00f5es garantiu melhorias na infraestrutura e novos equipamentos, consolidando o modelo de escola padr\u00e3o ouro da rede estadual de ensino.<\/p>\n<p>A escola passa a contar com 10 salas de aula, biblioteca, laborat\u00f3rios de inform\u00e1tica e ci\u00eancias, sala do Programa Piau\u00ed Sa\u00fade Digital, salas de Atendimento Educacional Especializado (AEE), al\u00e9m de vesti\u00e1rios, refeit\u00f3rio e quadras poliesportivas revitalizadas.<\/p>\n<p>Atualmente, 434 estudantes est\u00e3o matriculados no ensino fundamental e no ensino m\u00e9dio integrado a cursos t\u00e9cnicos de Desenvolvimento de Sistemas, Administra\u00e7\u00e3o com \u00eanfase em Empreendedorismo, Programa\u00e7\u00e3o de Jogos Digitais e Marketing Digital. Os alunos tamb\u00e9m t\u00eam acesso \u00e0s aulas do Canal Educa\u00e7\u00e3o e participam da Jornada Ampliada, que oferta atividades aos s\u00e1bados com o objetivo de refor\u00e7ar a qualidade do ensino.<\/p>\n<figure id=\"attachment_120016\" class=\"wp-caption alignnone\" aria-describedby=\"caption-attachment-120016\"><img loading=\"lazy\" decoding=\"async\" class=\"wp-image-120016 size-full\" src=\"https:\/\/www.pi.gov.br\/wp-content\/uploads\/2026\/03\/7df45446-4e93-4f21-9fb0-b2f7dc349693-scaled.jpg\" sizes=\"auto, (max-width: 2560px) 100vw, 2560px\" srcset=\"https:\/\/www.pi.gov.br\/wp-content\/uploads\/2026\/03\/7df45446-4e93-4f21-9fb0-b2f7dc349693-scaled.jpg 2560w, https:\/\/www.pi.gov.br\/wp-content\/uploads\/2026\/03\/7df45446-4e93-4f21-9fb0-b2f7dc349693-300x200.jpg 300w, https:\/\/www.pi.gov.br\/wp-content\/uploads\/2026\/03\/7df45446-4e93-4f21-9fb0-b2f7dc349693-1024x683.jpg 1024w, https:\/\/www.pi.gov.br\/wp-content\/uploads\/2026\/03\/7df45446-4e93-4f21-9fb0-b2f7dc349693-768x512.jpg 768w, https:\/\/www.pi.gov.br\/wp-content\/uploads\/2026\/03\/7df45446-4e93-4f21-9fb0-b2f7dc349693-1536x1024.jpg 1536w, https:\/\/www.pi.gov.br\/wp-content\/uploads\/2026\/03\/7df45446-4e93-4f21-9fb0-b2f7dc349693-2048x1366.jpg 2048w\" alt=\"\" width=\"2560\" height=\"1707\" \/><figcaption id=\"caption-attachment-120016\" class=\"wp-caption-text\">Foto: Gabriel Paulino<\/figcaption><\/figure>\n<p>Ao destacar a import\u00e2ncia da entrega, o governador afirmou que o modelo pedag\u00f3gico de tempo integral com ensino t\u00e9cnico integrado \u00e9 um diferencial para os jovens. \u201cEsse resultado \u00e9 fruto desse trabalho de melhoria das escolas a partir da valoriza\u00e7\u00e3o dos profissionais, da melhoria da infraestrutura, mas sobretudo do modelo pedag\u00f3gico campe\u00e3o. Esses meninos e meninas v\u00e3o sair com dois diplomas, de ensino m\u00e9dio e de cursos t\u00e9cnicos em \u00e1reas vanguardistas, como Desenvolvimento de Sistemas, Marketing Digital, Programa\u00e7\u00e3o de Jogos e Administra\u00e7\u00e3o com \u00eanfase em Empreendedorismo\u201d, ressaltou Rafael Fonteles.<\/p>\n<figure id=\"attachment_120023\" class=\"wp-caption alignnone\" aria-describedby=\"caption-attachment-120023\"><img loading=\"lazy\" decoding=\"async\" class=\"wp-image-120023 size-full\" src=\"https:\/\/www.pi.gov.br\/wp-content\/uploads\/2026\/03\/11c89040-0acf-4df7-bc39-d379fa473574-scaled.jpg\" sizes=\"auto, (max-width: 2560px) 100vw, 2560px\" srcset=\"https:\/\/www.pi.gov.br\/wp-content\/uploads\/2026\/03\/11c89040-0acf-4df7-bc39-d379fa473574-scaled.jpg 2560w, https:\/\/www.pi.gov.br\/wp-content\/uploads\/2026\/03\/11c89040-0acf-4df7-bc39-d379fa473574-300x200.jpg 300w, https:\/\/www.pi.gov.br\/wp-content\/uploads\/2026\/03\/11c89040-0acf-4df7-bc39-d379fa473574-1024x683.jpg 1024w, https:\/\/www.pi.gov.br\/wp-content\/uploads\/2026\/03\/11c89040-0acf-4df7-bc39-d379fa473574-768x512.jpg 768w, https:\/\/www.pi.gov.br\/wp-content\/uploads\/2026\/03\/11c89040-0acf-4df7-bc39-d379fa473574-1536x1024.jpg 1536w, https:\/\/www.pi.gov.br\/wp-content\/uploads\/2026\/03\/11c89040-0acf-4df7-bc39-d379fa473574-2048x1366.jpg 2048w\" alt=\"\" width=\"2560\" height=\"1707\" \/><figcaption id=\"caption-attachment-120023\" class=\"wp-caption-text\">Foto: Ascom Gabriel Paulino<\/figcaption><\/figure>\n<p>O secret\u00e1rio da Educa\u00e7\u00e3o, Rodrigo Torres, destacou o impacto do investimento na escola e o avan\u00e7o da pol\u00edtica educacional do estado. \u201cAqui nessa escola, por exemplo, s\u00e3o quase 3 milh\u00f5es de reais de investimento, 2,7 milh\u00f5es tanto em equipamentos quanto em infraestrutura, moderniza\u00e7\u00e3o e reforma. Essa interven\u00e7\u00e3o garante ambientes que antes n\u00e3o existiam, como laborat\u00f3rios e a sala de Sa\u00fade Digital, e est\u00e1 ocorrendo em todas as escolas da rede\u201d, destacou o gestor.<\/p>\n<figure id=\"attachment_120048\" class=\"wp-caption alignnone\" aria-describedby=\"caption-attachment-120048\"><img loading=\"lazy\" decoding=\"async\" class=\"size-full wp-image-120048\" src=\"https:\/\/www.pi.gov.br\/wp-content\/uploads\/2026\/03\/dcff1226-e98b-47e6-969e-1b867e32ae6d-scaled.jpg\" sizes=\"auto, (max-width: 2560px) 100vw, 2560px\" srcset=\"https:\/\/www.pi.gov.br\/wp-content\/uploads\/2026\/03\/dcff1226-e98b-47e6-969e-1b867e32ae6d-scaled.jpg 2560w, https:\/\/www.pi.gov.br\/wp-content\/uploads\/2026\/03\/dcff1226-e98b-47e6-969e-1b867e32ae6d-300x200.jpg 300w, https:\/\/www.pi.gov.br\/wp-content\/uploads\/2026\/03\/dcff1226-e98b-47e6-969e-1b867e32ae6d-1024x683.jpg 1024w, https:\/\/www.pi.gov.br\/wp-content\/uploads\/2026\/03\/dcff1226-e98b-47e6-969e-1b867e32ae6d-768x512.jpg 768w, https:\/\/www.pi.gov.br\/wp-content\/uploads\/2026\/03\/dcff1226-e98b-47e6-969e-1b867e32ae6d-1536x1024.jpg 1536w, https:\/\/www.pi.gov.br\/wp-content\/uploads\/2026\/03\/dcff1226-e98b-47e6-969e-1b867e32ae6d-2048x1366.jpg 2048w\" alt=\"\" width=\"2560\" height=\"1707\" \/><figcaption id=\"caption-attachment-120048\" class=\"wp-caption-text\">Foto: Gabriel Paulino<\/figcaption><\/figure>\n<p>Para os estudantes, as mudan\u00e7as representam novas oportunidades de aprendizado e apoio.\u00a0O aluno Geovane Soares, representante do Gr\u00eamio Estudantil, comemorou as melhorias e garante que isso trar\u00e1 reconhecimento para os alunos. \u201cCom a reforma, a gente consegue ter professores melhores, acesso a um melhor ensino com as salas criadas, isso vai nos ajudar 100% na quest\u00e3o dos estudos. Muitos alunos aqui merecem reconhecimento pelo seu esfor\u00e7o e trabalho, com muitos alunos medalhistas na escola\u201d, afirmou o estudante.<\/p>\n<figure id=\"attachment_120031\" class=\"wp-caption alignnone\" aria-describedby=\"caption-attachment-120031\"><img loading=\"lazy\" decoding=\"async\" class=\"size-full wp-image-120031\" src=\"https:\/\/www.pi.gov.br\/wp-content\/uploads\/2026\/03\/182c7677-d065-4539-8d22-b95700a9250f-scaled.jpg\" sizes=\"auto, (max-width: 2560px) 100vw, 2560px\" srcset=\"https:\/\/www.pi.gov.br\/wp-content\/uploads\/2026\/03\/182c7677-d065-4539-8d22-b95700a9250f-scaled.jpg 2560w, https:\/\/www.pi.gov.br\/wp-content\/uploads\/2026\/03\/182c7677-d065-4539-8d22-b95700a9250f-300x200.jpg 300w, https:\/\/www.pi.gov.br\/wp-content\/uploads\/2026\/03\/182c7677-d065-4539-8d22-b95700a9250f-1024x683.jpg 1024w, https:\/\/www.pi.gov.br\/wp-content\/uploads\/2026\/03\/182c7677-d065-4539-8d22-b95700a9250f-768x512.jpg 768w, https:\/\/www.pi.gov.br\/wp-content\/uploads\/2026\/03\/182c7677-d065-4539-8d22-b95700a9250f-1536x1024.jpg 1536w, https:\/\/www.pi.gov.br\/wp-content\/uploads\/2026\/03\/182c7677-d065-4539-8d22-b95700a9250f-2048x1366.jpg 2048w\" alt=\"\" width=\"2560\" height=\"1707\" \/><figcaption id=\"caption-attachment-120031\" class=\"wp-caption-text\">Foto: Gabriel Paulino<\/p>\n<p>Fonte: Portal pi.Gov.<br \/>\nConfira esta e outras mat\u00e9rias na \u00edntegra pelo link: https:\/\/www.pi.gov.br\/governador-entrega-escola-modernizada-na-zona-norte-e-expande-acesso-de-estudantes-a-laboratorios-ensino-tecnico-e-tempo-integral\/<\/figcaption><\/figure>\n","protected":false},"excerpt":{"rendered":"<p>O investimento de R$ 2,7 milh\u00f5es garantiu melhorias na infraestrutura e novos equipamentos, consolidando o modelo de escola padr\u00e3o ouro da rede estadual de ensino. &nbsp; O governador Rafael Fonteles inaugurou, nesta quarta-feira (4), a reforma e moderniza\u00e7\u00e3o do Centro Estadual de Tempo Integral (Ceti) Professora Helena Carvalho, no bairro Memorare, zona norte de Teresina. [&hellip;]<\/p>\n","protected":false},"author":3,"featured_media":18302,"comment_status":"open","ping_status":"open","sticky":false,"template":"","format":"standard","meta":{"om_disable_all_campaigns":false,"_monsterinsights_skip_tracking":false,"_monsterinsights_sitenote_active":false,"_monsterinsights_sitenote_note":"","_monsterinsights_sitenote_category":0,"footnotes":""},"categories":[33],"tags":[],"class_list":["post-18301","post","type-post","status-publish","format-standard","has-post-thumbnail","hentry","category-piaui"],"jetpack_featured_media_url":"https:\/\/fatoelado.com\/wp-content\/uploads\/2026\/03\/dcff1226-e98b-47e6-969e-1b867e32ae6d-2048x1366-1.jpg","_links":{"self":[{"href":"https:\/\/fatoelado.com\/index.php?rest_route=\/wp\/v2\/posts\/18301","targetHints":{"allow":["GET"]}}],"collection":[{"href":"https:\/\/fatoelado.com\/index.php?rest_route=\/wp\/v2\/posts"}],"about":[{"href":"https:\/\/fatoelado.com\/index.php?rest_route=\/wp\/v2\/types\/post"}],"author":[{"embeddable":true,"href":"https:\/\/fatoelado.com\/index.php?rest_route=\/wp\/v2\/users\/3"}],"replies":[{"embeddable":true,"href":"https:\/\/fatoelado.com\/index.php?rest_route=%2Fwp%2Fv2%2Fcomments&post=18301"}],"version-history":[{"count":1,"href":"https:\/\/fatoelado.com\/index.php?rest_route=\/wp\/v2\/posts\/18301\/revisions"}],"predecessor-version":[{"id":18303,"href":"https:\/\/fatoelado.com\/index.php?rest_route=\/wp\/v2\/posts\/18301\/revisions\/18303"}],"wp:featuredmedia":[{"embeddable":true,"href":"https:\/\/fatoelado.com\/index.php?rest_route=\/wp\/v2\/media\/18302"}],"wp:attachment":[{"href":"https:\/\/fatoelado.com\/index.php?rest_route=%2Fwp%2Fv2%2Fmedia&parent=18301"}],"wp:term":[{"taxonomy":"category","embeddable":true,"href":"https:\/\/fatoelado.com\/index.php?rest_route=%2Fwp%2Fv2%2Fcategories&post=18301"},{"taxonomy":"post_tag","embeddable":true,"href":"https:\/\/fatoelado.com\/index.php?rest_route=%2Fwp%2Fv2%2Ftags&post=18301"}],"curies":[{"name":"wp","href":"https:\/\/api.w.org\/{rel}","templated":true}]}}