{"id":18298,"date":"2026-03-04T11:53:09","date_gmt":"2026-03-04T14:53:09","guid":{"rendered":"https:\/\/fatoelado.com\/?p=18298"},"modified":"2026-03-04T11:53:09","modified_gmt":"2026-03-04T14:53:09","slug":"integrado-com-municipios-governo-do-piaui-reforca-resposta-aos-impactos-das-chuvas-e-orienta-uso-de-canais-de-emergencia","status":"publish","type":"post","link":"https:\/\/fatoelado.com\/?p=18298","title":{"rendered":"Integrado com munic\u00edpios, Governo do Piau\u00ed refor\u00e7a resposta aos impactos das chuvas e orienta uso de canais de emerg\u00eancia"},"content":{"rendered":"<h2 class=\"elementor-heading-title elementor-size-default\" style=\"text-align: center;\">O governador Rafael Fonteles destaca que for\u00e7a-tarefa com a participa\u00e7\u00e3o de diferentes \u00f3rg\u00e3os estaduais garante atua\u00e7\u00e3o coordenada nas \u00e1reas mais cr\u00edticas<\/h2>\n<p>&nbsp;<\/p>\n<p>O Governo do Estado intensificou as a\u00e7\u00f5es de preven\u00e7\u00e3o e resposta aos impactos das chuvas em diversas regi\u00f5es do Piau\u00ed. Com a previs\u00e3o de precipita\u00e7\u00f5es intensas ao longo de todo o m\u00eas, o Estado mant\u00e9m equipes em alerta e atua\u00e7\u00e3o integrada com munic\u00edpios j\u00e1 afetados.<\/p>\n<p>O governador Rafael Fonteles destaca que foi estruturado um gabinete com a participa\u00e7\u00e3o de diferentes \u00f3rg\u00e3os estaduais, garantindo atua\u00e7\u00e3o coordenada nas \u00e1reas mais cr\u00edticas. A for\u00e7a-tarefa envolve Defesa Civil, Corpo de Bombeiros, Pol\u00edcia Militar, Assist\u00eancia Social, a Secretaria do Meio Ambiente e Recursos H\u00eddricos (Semarh), respons\u00e1vel pelo monitoramento das barragens e pelas quest\u00f5es ambientais, al\u00e9m do Departamento de Estradas de Rodagem (DER), que atua na reconstru\u00e7\u00e3o de rodovias danificadas.<\/p>\n<p>\u201cJ\u00e1 tivemos a\u00e7\u00f5es em Corrente, em Riacho Frio, em S\u00e3o Gon\u00e7alo do Gurgu\u00e9ia, tamb\u00e9m na regi\u00e3o de Floriano, S\u00e3o Jo\u00e3o da Serra. Temos previs\u00e3o de fortes chuvas neste m\u00eas inteiro, por isso que n\u00f3s estamos em vigil\u00e2ncia, redobrando as equipes e pedindo \u00e0 popula\u00e7\u00e3o que escute as autoridades municipais, estaduais e federais\u201d, destacou o governador.<\/p>\n<figure id=\"attachment_67739\" class=\"wp-caption alignnone\" aria-describedby=\"caption-attachment-67739\"><img loading=\"lazy\" decoding=\"async\" class=\"size-full wp-image-67739\" src=\"https:\/\/www.pi.gov.br\/wp-content\/uploads\/2025\/07\/governador-rafael-fonteles-3-scaled-e1752587589595.jpeg\" sizes=\"auto, (max-width: 2560px) 100vw, 2560px\" srcset=\"https:\/\/www.pi.gov.br\/wp-content\/uploads\/2025\/07\/governador-rafael-fonteles-3-scaled-e1752587589595.jpeg 2560w, https:\/\/www.pi.gov.br\/wp-content\/uploads\/2025\/07\/governador-rafael-fonteles-3-scaled-e1752587589595-300x161.jpeg 300w, https:\/\/www.pi.gov.br\/wp-content\/uploads\/2025\/07\/governador-rafael-fonteles-3-scaled-e1752587589595-1024x551.jpeg 1024w, https:\/\/www.pi.gov.br\/wp-content\/uploads\/2025\/07\/governador-rafael-fonteles-3-scaled-e1752587589595-768x413.jpeg 768w, https:\/\/www.pi.gov.br\/wp-content\/uploads\/2025\/07\/governador-rafael-fonteles-3-scaled-e1752587589595-1536x827.jpeg 1536w, https:\/\/www.pi.gov.br\/wp-content\/uploads\/2025\/07\/governador-rafael-fonteles-3-scaled-e1752587589595-2048x1102.jpeg 2048w\" alt=\"\" width=\"2560\" height=\"1378\" \/><figcaption id=\"caption-attachment-67739\" class=\"wp-caption-text\">Foto: Gabriel Paulino<\/figcaption><\/figure>\n<p>Rafael Fonteles destacou que o sistema de alertas foi aprimorado para garantir mais anteced\u00eancia nas informa\u00e7\u00f5es \u00e0 popula\u00e7\u00e3o. \u201cMelhoramos muito o sistema de alertas, com uma certa anteced\u00eancia para a popula\u00e7\u00e3o se programar, evitar sair de casa e tomar todos os cuidados quando j\u00e1 h\u00e1 uma previs\u00e3o de chuva forte com aquele alerta laranja, amarelo e vermelho, notifica\u00e7\u00e3o por SMS e WhatsApp e evitar o mal pior que \u00e9 a perda de vida como est\u00e1 acontecendo em outros estados, n\u00e3o queremos que isso ocorra\u201d, afirmou o gestor.<\/p>\n<p>O governo federal tem atuado com os munic\u00edpios para mitigar os efeitos das fortes chuvas. O ministro Wellington Dias esteve no Piau\u00ed para orientar os prefeitos sobre a import\u00e2ncia de realizar corretamente o cadastramento das ocorr\u00eancias, garantindo que os benef\u00edcios cheguem com mais rapidez \u00e0s fam\u00edlias afetadas.<\/p>\n<figure id=\"attachment_119989\" class=\"wp-caption alignnone\" aria-describedby=\"caption-attachment-119989\"><img loading=\"lazy\" decoding=\"async\" class=\"size-full wp-image-119989\" src=\"https:\/\/www.pi.gov.br\/wp-content\/uploads\/2026\/03\/WhatsApp-Image-2026-03-04-at-10.51.41-1.jpeg\" sizes=\"auto, (max-width: 1280px) 100vw, 1280px\" srcset=\"https:\/\/www.pi.gov.br\/wp-content\/uploads\/2026\/03\/WhatsApp-Image-2026-03-04-at-10.51.41-1.jpeg 1280w, https:\/\/www.pi.gov.br\/wp-content\/uploads\/2026\/03\/WhatsApp-Image-2026-03-04-at-10.51.41-1-300x225.jpeg 300w, https:\/\/www.pi.gov.br\/wp-content\/uploads\/2026\/03\/WhatsApp-Image-2026-03-04-at-10.51.41-1-1024x768.jpeg 1024w, https:\/\/www.pi.gov.br\/wp-content\/uploads\/2026\/03\/WhatsApp-Image-2026-03-04-at-10.51.41-1-768x576.jpeg 768w\" alt=\"\" width=\"1280\" height=\"960\" \/><figcaption id=\"caption-attachment-119989\" class=\"wp-caption-text\">Foto: Ascom Sedec<\/figcaption><\/figure>\n<p>Entre as medidas anunciadas est\u00e3o a antecipa\u00e7\u00e3o de benef\u00edcios sociais, como o Bolsa Fam\u00edlia e o Benef\u00edcio de Presta\u00e7\u00e3o Continuada (BPC), al\u00e9m do envio de alimentos e do apoio \u00e0 recupera\u00e7\u00e3o p\u00f3s-desastre, em uma atua\u00e7\u00e3o integrada entre o Minist\u00e9rio do Desenvolvimento e Assist\u00eancia Social e o Minist\u00e9rio do Desenvolvimento Regional.<\/p>\n<p><strong>Canais oficiais<\/strong><\/p>\n<p>Em situa\u00e7\u00f5es de emerg\u00eancia, o Governo do Estado refor\u00e7a que a popula\u00e7\u00e3o deve utilizar exclusivamente os canais oficiais. O Corpo de Bombeiros atende pelo n\u00famero 193, a Pol\u00edcia Militar pelo 190 e Defesa Civil pelo 199. A Defesa Civil Estadual tamb\u00e9m disponibiliza atendimento pelo WhatsApp (86) 9409-9388 e o sistema de alertas via SMS, com cadastro pelo n\u00famero 40199, garantindo informa\u00e7\u00e3o r\u00e1pida e apoio \u00e0 popula\u00e7\u00e3o durante todo o per\u00edodo chuvoso.<\/p>\n<p>&nbsp;<\/p>\n<p>Fonte: Portal pi.Gov.<br \/>\nConfira esta e outras mat\u00e9rias na \u00edntegra pelo link: https:\/\/www.pi.gov.br\/integrado-com-municipios-governo-do-piaui-reforca-resposta-aos-impactos-das-chuvas-e-orienta-uso-de-canais-de-emergencia\/<\/p>\n","protected":false},"excerpt":{"rendered":"<p>O governador Rafael Fonteles destaca que for\u00e7a-tarefa com a participa\u00e7\u00e3o de diferentes \u00f3rg\u00e3os estaduais garante atua\u00e7\u00e3o coordenada nas \u00e1reas mais cr\u00edticas &nbsp; O Governo do Estado intensificou as a\u00e7\u00f5es de preven\u00e7\u00e3o e resposta aos impactos das chuvas em diversas regi\u00f5es do Piau\u00ed. Com a previs\u00e3o de precipita\u00e7\u00f5es intensas ao longo de todo o m\u00eas, o [&hellip;]<\/p>\n","protected":false},"author":3,"featured_media":18299,"comment_status":"open","ping_status":"open","sticky":false,"template":"","format":"standard","meta":{"om_disable_all_campaigns":false,"_monsterinsights_skip_tracking":false,"_monsterinsights_sitenote_active":false,"_monsterinsights_sitenote_note":"","_monsterinsights_sitenote_category":0,"footnotes":""},"categories":[33],"tags":[],"class_list":["post-18298","post","type-post","status-publish","format-standard","has-post-thumbnail","hentry","category-piaui"],"jetpack_featured_media_url":"https:\/\/fatoelado.com\/wp-content\/uploads\/2026\/03\/WhatsApp-Image-2026-03-04-at-10.51.41-1.jpeg","_links":{"self":[{"href":"https:\/\/fatoelado.com\/index.php?rest_route=\/wp\/v2\/posts\/18298","targetHints":{"allow":["GET"]}}],"collection":[{"href":"https:\/\/fatoelado.com\/index.php?rest_route=\/wp\/v2\/posts"}],"about":[{"href":"https:\/\/fatoelado.com\/index.php?rest_route=\/wp\/v2\/types\/post"}],"author":[{"embeddable":true,"href":"https:\/\/fatoelado.com\/index.php?rest_route=\/wp\/v2\/users\/3"}],"replies":[{"embeddable":true,"href":"https:\/\/fatoelado.com\/index.php?rest_route=%2Fwp%2Fv2%2Fcomments&post=18298"}],"version-history":[{"count":1,"href":"https:\/\/fatoelado.com\/index.php?rest_route=\/wp\/v2\/posts\/18298\/revisions"}],"predecessor-version":[{"id":18300,"href":"https:\/\/fatoelado.com\/index.php?rest_route=\/wp\/v2\/posts\/18298\/revisions\/18300"}],"wp:featuredmedia":[{"embeddable":true,"href":"https:\/\/fatoelado.com\/index.php?rest_route=\/wp\/v2\/media\/18299"}],"wp:attachment":[{"href":"https:\/\/fatoelado.com\/index.php?rest_route=%2Fwp%2Fv2%2Fmedia&parent=18298"}],"wp:term":[{"taxonomy":"category","embeddable":true,"href":"https:\/\/fatoelado.com\/index.php?rest_route=%2Fwp%2Fv2%2Fcategories&post=18298"},{"taxonomy":"post_tag","embeddable":true,"href":"https:\/\/fatoelado.com\/index.php?rest_route=%2Fwp%2Fv2%2Ftags&post=18298"}],"curies":[{"name":"wp","href":"https:\/\/api.w.org\/{rel}","templated":true}]}}