{"id":18286,"date":"2026-03-04T11:48:55","date_gmt":"2026-03-04T14:48:55","guid":{"rendered":"https:\/\/fatoelado.com\/?p=18286"},"modified":"2026-03-04T11:48:55","modified_gmt":"2026-03-04T14:48:55","slug":"vorcaro-planejou-assalto-para-agredir-o-jornalista-lauro-jardim-diz-ministro","status":"publish","type":"post","link":"https:\/\/fatoelado.com\/?p=18286","title":{"rendered":"Vorcaro planejou &#8216;assalto&#8217; para agredir o jornalista Lauro Jardim, diz ministro"},"content":{"rendered":"<h2 class=\"article-subtitle\" style=\"text-align: center;\">Ministro Andr\u00e9 Mendon\u00e7a diz que objetivo era &#8216;calar a voz da imprensa que ousasse emitir opini\u00e3o contr\u00e1ria aos seus interesses privados&#8217;<\/h2>\n<p>&nbsp;<\/p>\n<div class=\"article-image-featured\" style=\"text-align: center;\"><img decoding=\"async\" class=\"i-amphtml-fill-content i-amphtml-replaced-content aligncenter\" src=\"https:\/\/www.meionews.com\/uploads\/imagens\/2026\/3\/4\/daniel-vocaro-e-lauro-jardim--d41021e33e141fc2.jpg\" alt=\"Daniel Vocaro e Lauro Jardim | Reprodu\u00e7\u00e3o\" data-amp-loading=\"lazy\" \/><small>Daniel Vocaro e Lauro Jardim | Foto: Reprodu\u00e7\u00e3o<\/small><\/div>\n<div class=\"g-news\"><\/div>\n<div class=\"article-html\">\n<div class=\"article-html-more\">\n<p>Na decis\u00e3o que determinou a pris\u00e3o do\u00a0<strong>banqueiro Daniel Vorcaro, dono do Banco Master<\/strong>, o ministro Andr\u00e9 Mendon\u00e7a, do Supremo Tribunal Federal (STF), afirmou haver\u00a0<strong data-end=\"389\" data-start=\"322\">ind\u00edcios de que o investigado ordenou a simula\u00e7\u00e3o de um assalto<\/strong>\u00a0para\u00a0<strong data-end=\"425\" data-start=\"395\">\u201cprejudicar violentamente\u201d<\/strong> o jornalista Lauro Jardim, colunista do jornal O Globo.<\/p>\n<p>Segundo o ministro, o objetivo da a\u00e7\u00e3o seria\u00a0<strong data-end=\"687\" data-start=\"583\">intimidar o profissional e silenciar reportagens consideradas contr\u00e1rias aos interesses do banqueiro<\/strong>, configurando tentativa de\u00a0<strong data-end=\"746\" data-start=\"715\">calar a atua\u00e7\u00e3o da imprensa<\/strong>.<\/p>\n<p class=\"ads\">\n<h2 data-end=\"794\" data-start=\"749\">Grupo \u201cA Turma\u201d discutiu ataque, diz PF<\/h2>\n<p>Mensagens encontradas pela Pol\u00edcia Federal no celular de Vorcaro mostram que ele participava de um grupo de WhatsApp chamado \u201cA Turma\u201d, onde teria sido discutida uma estrat\u00e9gia para simular um assalto contra o jornalista.<\/p>\n<p>Nos di\u00e1logos analisados, o banqueiro \u2014 identificado como DV \u2014 afirma que seria necess\u00e1rio colocar pessoas para seguir Lauro Jardim, chegando a mencionar a possibilidade de agress\u00e3o f\u00edsica durante o falso assalto, como forma de intimida\u00e7\u00e3o.<\/p>\n<div class=\"mgbox\"><\/div>\n<h2 data-end=\"1341\" data-start=\"1302\">Autoriza\u00e7\u00e3o para execu\u00e7\u00e3o da a\u00e7\u00e3o<\/h2>\n<p>De acordo com trechos reproduzidos na decis\u00e3o judicial, Vorcaro teria autorizado a execu\u00e7\u00e3o do plano, dando aval para que a a\u00e7\u00e3o fosse colocada em pr\u00e1tica contra o jornalista.<\/p>\n<p>Para o ministro Andr\u00e9 Mendon\u00e7a, os elementos reunidos indicam uma tentativa de obstru\u00e7\u00e3o da liberdade de imprensa, com uso de viol\u00eancia simulada para impedir a divulga\u00e7\u00e3o de informa\u00e7\u00f5es consideradas prejudiciais ao investigado.<\/p>\n<p>MOUR\u00c3O: Esse Lauro Jardim bate cart\u00e3o todo domingo? hrs hein Lan\u00e7o uma nova sua? Positiva.<\/p>\n<p>DV: Sim<\/p>\n<p>MOUR\u00c3O: Cara escroto.<\/p>\n<p>DV: Tinha que colocar gente seguindo esse cara. Pra pegar tudo dele.<\/p>\n<p>MOUR\u00c3O: Vou fazer isto.<\/p>\n<p>(\u2026)<\/p>\n<p>DV: Esse lauro quero mandar dar um pau nele. Quebrar todos os dentes. Num assalto.<\/p>\n<p>As mensagens indicam que o agressor seria Luiz Phillipi Machado de Moraes Mour\u00e3o, conhecido como Felipe Mour\u00e3o e apelidado de \u201cSic\u00e1rio\u201d. Segundo a investiga\u00e7\u00e3o, ele teria atuado na coordena\u00e7\u00e3o operacional de a\u00e7\u00f5es de vigil\u00e2ncia, coleta de informa\u00e7\u00f5es e monitoramento de pessoas ligadas a investiga\u00e7\u00f5es ou cr\u00edticas ao Banco Master.<\/p>\n<p>&nbsp;<\/p>\n<h2>Sobre esses fatos, O GLOBO divulgou a seguinte nota<\/h2>\n<p>&nbsp;<\/p>\n<p>&nbsp;<\/p>\n<p><em>&#8220;O GLOBO repudia veementemente as iniciativas criminosas planejadas contra o colunista Lauro Jardim, um dos mais respeitados jornalistas do pa\u00eds. A a\u00e7\u00e3o, como destacado pelo ministro Andr\u00e9 Mendon\u00e7a, visava &#8216;calar a voz da imprensa&#8217;, pilar fundamental da democracia. Os envolvidos nessa trama criminosa devem ser investigados e punidos com o rigor da lei. O GLOBO e seus jornalistas n\u00e3o se intimidar\u00e3o com amea\u00e7as e seguir\u00e3o acompanhando o caso e trazendo luz \u00e0s informa\u00e7\u00f5es de interesse p\u00fablico.&#8221;<\/em><\/p>\n<p>&nbsp;<\/p>\n<p><em>(Com informa\u00e7\u00f5es do O Globo)\u00a0<\/em><\/p>\n<p class=\"ads\">\n<div class=\"article-share_buttons2 article-share\">\n<div class=\"share_buttons\">\n<div class=\"buttons\">\n<p>Fonte: Portal MeioNews.<br \/>\nConfira esta e outras mat\u00e9rias na \u00edntegra pelo link: https:\/\/www.meionews.com\/politica\/vorcaro-planejou-assalto-para-agredir-o-jornalista-lauro-jardim-diz-ministro-557002<\/p>\n<\/div>\n<\/div>\n<\/div>\n<\/div>\n<\/div>\n","protected":false},"excerpt":{"rendered":"<p>Ministro Andr\u00e9 Mendon\u00e7a diz que objetivo era &#8216;calar a voz da imprensa que ousasse emitir opini\u00e3o contr\u00e1ria aos seus interesses privados&#8217; &nbsp; Daniel Vocaro e Lauro Jardim | Foto: Reprodu\u00e7\u00e3o Na decis\u00e3o que determinou a pris\u00e3o do\u00a0banqueiro Daniel Vorcaro, dono do Banco Master, o ministro Andr\u00e9 Mendon\u00e7a, do Supremo Tribunal Federal (STF), afirmou haver\u00a0ind\u00edcios de [&hellip;]<\/p>\n","protected":false},"author":3,"featured_media":18287,"comment_status":"open","ping_status":"open","sticky":false,"template":"","format":"standard","meta":{"om_disable_all_campaigns":false,"_monsterinsights_skip_tracking":false,"_monsterinsights_sitenote_active":false,"_monsterinsights_sitenote_note":"","_monsterinsights_sitenote_category":0,"footnotes":""},"categories":[47],"tags":[],"class_list":["post-18286","post","type-post","status-publish","format-standard","has-post-thumbnail","hentry","category-nacionais"],"jetpack_featured_media_url":"https:\/\/fatoelado.com\/wp-content\/uploads\/2026\/03\/daniel-vocaro-e-lauro-jardim-d41021e33e141fc2.jpg","_links":{"self":[{"href":"https:\/\/fatoelado.com\/index.php?rest_route=\/wp\/v2\/posts\/18286","targetHints":{"allow":["GET"]}}],"collection":[{"href":"https:\/\/fatoelado.com\/index.php?rest_route=\/wp\/v2\/posts"}],"about":[{"href":"https:\/\/fatoelado.com\/index.php?rest_route=\/wp\/v2\/types\/post"}],"author":[{"embeddable":true,"href":"https:\/\/fatoelado.com\/index.php?rest_route=\/wp\/v2\/users\/3"}],"replies":[{"embeddable":true,"href":"https:\/\/fatoelado.com\/index.php?rest_route=%2Fwp%2Fv2%2Fcomments&post=18286"}],"version-history":[{"count":1,"href":"https:\/\/fatoelado.com\/index.php?rest_route=\/wp\/v2\/posts\/18286\/revisions"}],"predecessor-version":[{"id":18288,"href":"https:\/\/fatoelado.com\/index.php?rest_route=\/wp\/v2\/posts\/18286\/revisions\/18288"}],"wp:featuredmedia":[{"embeddable":true,"href":"https:\/\/fatoelado.com\/index.php?rest_route=\/wp\/v2\/media\/18287"}],"wp:attachment":[{"href":"https:\/\/fatoelado.com\/index.php?rest_route=%2Fwp%2Fv2%2Fmedia&parent=18286"}],"wp:term":[{"taxonomy":"category","embeddable":true,"href":"https:\/\/fatoelado.com\/index.php?rest_route=%2Fwp%2Fv2%2Fcategories&post=18286"},{"taxonomy":"post_tag","embeddable":true,"href":"https:\/\/fatoelado.com\/index.php?rest_route=%2Fwp%2Fv2%2Ftags&post=18286"}],"curies":[{"name":"wp","href":"https:\/\/api.w.org\/{rel}","templated":true}]}}