{"id":18283,"date":"2026-03-04T11:47:25","date_gmt":"2026-03-04T14:47:25","guid":{"rendered":"https:\/\/fatoelado.com\/?p=18283"},"modified":"2026-03-04T11:47:25","modified_gmt":"2026-03-04T14:47:25","slug":"escala-6x1-presidente-lula-defende-jornada-diferenciada-por-categoria-entenda","status":"publish","type":"post","link":"https:\/\/fatoelado.com\/?p=18283","title":{"rendered":"Escala 6&#215;1: presidente Lula defende jornada diferenciada por categoria; entenda"},"content":{"rendered":"<h2 class=\"article-subtitle\" style=\"text-align: center;\">Presidente disse ser preciso entender especificidades entre categorias. Redu\u00e7\u00e3o de jornada de trabalho virou prioridade e um dos motes de campanha de Lula.<\/h2>\n<p>&nbsp;<\/p>\n<div class=\"article-image-featured\" style=\"text-align: center;\"><img decoding=\"async\" class=\"i-amphtml-fill-content i-amphtml-replaced-content aligncenter\" src=\"https:\/\/www.meionews.com\/uploads\/imagens\/2026\/3\/4\/presidente-lula--95edb464230fed97.jpg\" alt=\"Presidente Lula | Marcelo Camargo\/Ag\u00eancia Brasil\" data-amp-loading=\"lazy\" \/><small>Presidente Lula | Foto: Marcelo Camargo\/Ag\u00eancia Brasil<\/small><\/div>\n<div class=\"g-news\"><\/div>\n<div class=\"article-html\">\n<div class=\"article-html-more\">\n<p>O presidente Luiz In\u00e1cio Lula da Silva defendeu nesta ter\u00e7a-feira (3) a constru\u00e7\u00e3o de um\u00a0<strong data-end=\"154\" data-start=\"101\">acordo entre governo, empres\u00e1rios e trabalhadores<\/strong>\u00a0para discutir o poss\u00edvel fim da escala de trabalho\u00a0<strong data-end=\"213\" data-start=\"206\">6&#215;1<\/strong> \u2014 modelo em que o funcion\u00e1rio trabalha seis dias e descansa apenas um.<\/p>\n<p>A declara\u00e7\u00e3o foi feita durante a abertura da Confer\u00eancia Nacional do Trabalho, realizada no Anhembi, na cidade de S\u00e3o Paulo.<\/p>\n<h2 data-end=\"523\" data-start=\"474\">Defesa de negocia\u00e7\u00e3o e regras por categoria<\/h2>\n<p>Segundo Lula, a mudan\u00e7a na jornada precisa ocorrer de forma equilibrada, sem prejudicar a economia nem os trabalhadores.<\/p>\n<blockquote data-start=\"646\"><p>N\u00e3o iremos contribuir para prejudicar os trabalhadores e tamb\u00e9m n\u00e3o queremos contribuir para preju\u00edzo da economia brasileira. Queremos contribuir para, de forma bem pensada e harmonizada, a gente possa encontrar uma solu\u00e7\u00e3o. Qual \u00e9 a jornada ideal? Para muitas categorias tem jornada diferenciada. Pode ter at\u00e9 regra geral, mas na hora de regulamentar vai ter que cair na especificidade de cada categoria, disse o presidente.<\/p><\/blockquote>\n<p>O presidente destacou que n\u00e3o deve existir apenas uma regra \u00fanica, j\u00e1 que diferentes setores possuem realidades distintas. Assim, a regulamenta\u00e7\u00e3o poderia prever jornadas espec\u00edficas conforme cada categoria profissional.<\/p>\n<h2 data-end=\"1028\" data-start=\"1004\">Proposta em debate<\/h2>\n<p>Uma das principais discuss\u00f5es envolve:<\/p>\n<ul data-start=\"1068\">\n<li data-start=\"1068\">redu\u00e7\u00e3o da jornada semanal de\u00a0<strong data-end=\"1120\" data-start=\"1100\">44 para 40 horas<\/strong>;<\/li>\n<li data-start=\"1122\">revis\u00e3o ou poss\u00edvel fim da escala\u00a0<strong data-end=\"1198\" data-start=\"1158\">6 dias de trabalho por 1 de descanso<\/strong>.<\/li>\n<\/ul>\n<p>A proposta enfrenta resist\u00eancia de parte do setor produtivo, que argumenta que a medida pode elevar custos e impactar pre\u00e7os ao consumidor.<\/p>\n<p>Tebet afirmou que estudos realizados pelo Instituto de Pesquisa Econ\u00f4mica Aplicada indicam que o fim da escala 6&#215;1 \u00e9 vi\u00e1vel economicamente e pode melhorar a qualidade de vida dos trabalhadores. J\u00e1 Haddad defendeu maior participa\u00e7\u00e3o da sociedade no debate e ressaltou que o pa\u00eds precisa discutir tamb\u00e9m como utilizar melhor a for\u00e7a de trabalho e aumentar a produtividade.<\/p>\n<h2 data-end=\"2096\" data-start=\"2072\">O que est\u00e1 em jogo<\/h2>\n<p>O debate envolve tr\u00eas pontos principais:<\/p>\n<p>&nbsp;<\/p>\n<p>&#8211; mais tempo de descanso e conviv\u00eancia familiar<br data-start=\"2185\" data-end=\"2188\" \/>&#8211; impactos econ\u00f4micos e custos para empresas<br data-start=\"2232\" data-end=\"2235\" \/>&#8211; aumento de produtividade e moderniza\u00e7\u00e3o do trabalho<\/p>\n<p>A discuss\u00e3o ainda deve passar por negocia\u00e7\u00f5es com o Congresso Nacional antes de qualquer mudan\u00e7a na legisla\u00e7\u00e3o trabalhista.<\/p>\n<p class=\"ads\">\n<div class=\"article-share_buttons2 article-share\">\n<div class=\"share_buttons\">\n<div class=\"buttons\">\n<p>Fonte: Portal MeioNews.<br \/>\nConfira esta e outras mat\u00e9rias na \u00edntegra pelo link: https:\/\/www.meionews.com\/politica\/escala-6&#215;1-presidente-lula-defende-jornada-diferenciada-por-categoria-entenda-556975<\/p>\n<\/div>\n<\/div>\n<\/div>\n<\/div>\n<\/div>\n","protected":false},"excerpt":{"rendered":"<p>Presidente disse ser preciso entender especificidades entre categorias. Redu\u00e7\u00e3o de jornada de trabalho virou prioridade e um dos motes de campanha de Lula. &nbsp; Presidente Lula | Foto: Marcelo Camargo\/Ag\u00eancia Brasil O presidente Luiz In\u00e1cio Lula da Silva defendeu nesta ter\u00e7a-feira (3) a constru\u00e7\u00e3o de um\u00a0acordo entre governo, empres\u00e1rios e trabalhadores\u00a0para discutir o poss\u00edvel fim [&hellip;]<\/p>\n","protected":false},"author":3,"featured_media":18284,"comment_status":"open","ping_status":"open","sticky":false,"template":"","format":"standard","meta":{"om_disable_all_campaigns":false,"_monsterinsights_skip_tracking":false,"_monsterinsights_sitenote_active":false,"_monsterinsights_sitenote_note":"","_monsterinsights_sitenote_category":0,"footnotes":""},"categories":[47],"tags":[],"class_list":["post-18283","post","type-post","status-publish","format-standard","has-post-thumbnail","hentry","category-nacionais"],"jetpack_featured_media_url":"https:\/\/fatoelado.com\/wp-content\/uploads\/2026\/03\/presidente-lula-95edb464230fed97.jpg","_links":{"self":[{"href":"https:\/\/fatoelado.com\/index.php?rest_route=\/wp\/v2\/posts\/18283","targetHints":{"allow":["GET"]}}],"collection":[{"href":"https:\/\/fatoelado.com\/index.php?rest_route=\/wp\/v2\/posts"}],"about":[{"href":"https:\/\/fatoelado.com\/index.php?rest_route=\/wp\/v2\/types\/post"}],"author":[{"embeddable":true,"href":"https:\/\/fatoelado.com\/index.php?rest_route=\/wp\/v2\/users\/3"}],"replies":[{"embeddable":true,"href":"https:\/\/fatoelado.com\/index.php?rest_route=%2Fwp%2Fv2%2Fcomments&post=18283"}],"version-history":[{"count":1,"href":"https:\/\/fatoelado.com\/index.php?rest_route=\/wp\/v2\/posts\/18283\/revisions"}],"predecessor-version":[{"id":18285,"href":"https:\/\/fatoelado.com\/index.php?rest_route=\/wp\/v2\/posts\/18283\/revisions\/18285"}],"wp:featuredmedia":[{"embeddable":true,"href":"https:\/\/fatoelado.com\/index.php?rest_route=\/wp\/v2\/media\/18284"}],"wp:attachment":[{"href":"https:\/\/fatoelado.com\/index.php?rest_route=%2Fwp%2Fv2%2Fmedia&parent=18283"}],"wp:term":[{"taxonomy":"category","embeddable":true,"href":"https:\/\/fatoelado.com\/index.php?rest_route=%2Fwp%2Fv2%2Fcategories&post=18283"},{"taxonomy":"post_tag","embeddable":true,"href":"https:\/\/fatoelado.com\/index.php?rest_route=%2Fwp%2Fv2%2Ftags&post=18283"}],"curies":[{"name":"wp","href":"https:\/\/api.w.org\/{rel}","templated":true}]}}