{"id":18280,"date":"2026-03-04T11:26:54","date_gmt":"2026-03-04T14:26:54","guid":{"rendered":"https:\/\/fatoelado.com\/?p=18280"},"modified":"2026-03-04T11:26:54","modified_gmt":"2026-03-04T14:26:54","slug":"saiba-qual-e-a-capital-com-mais-pessoas-com-obesidade-do-brasil-segundo-levantamento","status":"publish","type":"post","link":"https:\/\/fatoelado.com\/?p=18280","title":{"rendered":"Saiba qual \u00e9 a capital com mais pessoas com obesidade do Brasil, segundo levantamento"},"content":{"rendered":"<h2 class=\"article-subtitle\" style=\"text-align: center;\">Levantamento mostra os n\u00fameros da doen\u00e7a por munic\u00edpio em meio \u00e0 alta de 118% no pa\u00eds<\/h2>\n<p>&nbsp;<\/p>\n<div class=\"article-image-featured\" style=\"text-align: center;\"><img decoding=\"async\" class=\"i-amphtml-fill-content i-amphtml-replaced-content aligncenter\" src=\"https:\/\/www.meionews.com\/uploads\/imagens\/2026\/3\/4\/efeito-sanfona--4557b7e32c81d5db.jpg\" alt=\"Efeito sanfona | Imagem de Freepik\" data-amp-loading=\"lazy\" \/><small>Efeito sanfona | Foto: Imagem de Freepik<\/small><\/div>\n<div class=\"g-news\"><\/div>\n<div class=\"article-html\">\n<div class=\"article-html-more\">\n<p>A obesidade avan\u00e7ou de forma acelerada no Brasil nas \u00faltimas duas d\u00e9cadas e j\u00e1 atinge\u00a0<strong data-end=\"115\" data-start=\"86\">um em cada quatro adultos<\/strong>, segundo novos dados da pesquisa Vigitel, realizada pelo Minist\u00e9rio da Sa\u00fade. De acordo com o levantamento, a\u00a0<strong data-end=\"334\" data-start=\"275\">preval\u00eancia da obesidade cresceu 118% entre 2006 e 2024<\/strong>, chegando a\u00a0<strong data-end=\"387\" data-start=\"347\">25,7% da popula\u00e7\u00e3o adulta brasileira<\/strong>.<\/p>\n<p>Quando considerado o sobrepeso \u2014 \u00edndice de massa corporal (IMC) acima de 25 kg\/m\u00b2 \u2014 o aumento foi de 46,9%, atingindo atualmente 62,6% dos adultos, ou seja, a maioria da popula\u00e7\u00e3o.<\/p>\n<h3 data-end=\"624\" data-start=\"583\">Cen\u00e1rio ainda mais preocupante no SUS<\/h3>\n<p>Embora o Vigitel considere apenas moradores das capitais, dados de 2025 do Sistema de Vigil\u00e2ncia Alimentar e Nutricional, baseados em atendimentos da aten\u00e7\u00e3o prim\u00e1ria do Sistema \u00danico de Sa\u00fade (SUS), indicam \u00edndices ainda maiores:<\/p>\n<ul data-start=\"864\">\n<li data-start=\"864\"><strong data-end=\"914\">36,3% dos adultos atendidos tinham obesidade<\/strong><\/li>\n<li data-start=\"917\"><strong>70,9% estavam acima do peso<\/strong><\/li>\n<\/ul>\n<h3 data-end=\"984\" data-start=\"952\">Capitais com maiores \u00edndices<\/h3>\n<p>Entre as capitais brasileiras, o levantamento aponta:<\/p>\n<p>\u2705\u00a0<strong data-end=\"1083\" data-start=\"1042\">Recife<\/strong><\/p>\n<ul data-start=\"1086\">\n<li data-start=\"1086\">47,17% dos adultos com obesidade<\/li>\n<li data-start=\"1123\">77,44% com sobrepeso<\/li>\n<\/ul>\n<p>\u2705\u00a0<strong data-end=\"1192\" data-start=\"1151\">Porto Alegre<\/strong><\/p>\n<ul data-start=\"1195\">\n<li data-start=\"1195\">44,11% com obesidade<\/li>\n<li data-start=\"1220\">74,9% com sobrepeso<\/li>\n<\/ul>\n<h3 data-end=\"1275\" data-start=\"1245\">Capitais com menores taxas<\/h3>\n<p>Na outra ponta do ranking:<\/p>\n<p>\u2705\u00a0<strong data-end=\"1347\" data-start=\"1306\">Palmas<\/strong><\/p>\n<ul data-start=\"1350\">\n<li data-start=\"1350\">29,31% com obesidade<\/li>\n<li data-start=\"1375\">64,77% com sobrepeso<\/li>\n<\/ul>\n<p>\u2705\u00a0<strong data-end=\"1444\" data-start=\"1403\">S\u00e3o Lu\u00eds<\/strong><\/p>\n<ul data-start=\"1447\">\n<li data-start=\"1447\">30,35% com obesidade<\/li>\n<li data-start=\"1472\">68,03% com sobrepeso<\/li>\n<\/ul>\n<p>Especialistas alertam que o crescimento cont\u00ednuo da obesidade aumenta o risco de doen\u00e7as cr\u00f4nicas como diabetes, hipertens\u00e3o e problemas cardiovasculares, pressionando ainda mais o sistema p\u00fablico de sa\u00fade.<\/p>\n<p><strong>Recife lidera ranking de obesidade entre as capitais<\/strong><\/p>\n<table>\n<tbody>\n<tr>\n<td>Capital<\/td>\n<td>Taxa de obesidade<\/td>\n<td>Obesidade + Sobrepeso<\/td>\n<\/tr>\n<tr>\n<td>Recife<\/td>\n<td>47,17%<\/td>\n<td>77,44%<\/td>\n<\/tr>\n<tr>\n<td>Porto Alegre<\/td>\n<td>44,11%<\/td>\n<td>74,90%<\/td>\n<\/tr>\n<tr>\n<td>Natal<\/td>\n<td>44,01%<\/td>\n<td>77,34%<\/td>\n<\/tr>\n<tr>\n<td>Belo Horizonte<\/td>\n<td>43,69%<\/td>\n<td>74,16%<\/td>\n<\/tr>\n<tr>\n<td>Aracaju<\/td>\n<td>41,64%<\/td>\n<td>73,96%<\/td>\n<\/tr>\n<tr>\n<td>Curitiba<\/td>\n<td>41,43%<\/td>\n<td>72,76%<\/td>\n<\/tr>\n<tr>\n<td>Campo Grande<\/td>\n<td>41,09%<\/td>\n<td>73,57%<\/td>\n<\/tr>\n<tr>\n<td>Fortaleza<\/td>\n<td>40,80%<\/td>\n<td>75,18%<\/td>\n<\/tr>\n<tr>\n<td>Cuiab\u00e1<\/td>\n<td>40,56%<\/td>\n<td>73,19%<\/td>\n<\/tr>\n<tr>\n<td>Rio de Janeiro<\/td>\n<td>40,49%<\/td>\n<td>71,98%<\/td>\n<\/tr>\n<tr>\n<td>Florian\u00f3polis<\/td>\n<td>40,35%<\/td>\n<td>71,02%<\/td>\n<\/tr>\n<tr>\n<td>Macei\u00f3<\/td>\n<td>40,10%%<\/td>\n<td>73,34%<\/td>\n<\/tr>\n<tr>\n<td>Jo\u00e3o Pessoa<\/td>\n<td>39,41%<\/td>\n<td>72,17%<\/td>\n<\/tr>\n<tr>\n<td>Salvador<\/td>\n<td>39,02%<\/td>\n<td>71,56%<\/td>\n<\/tr>\n<tr>\n<td>Rio Branco<\/td>\n<td>38,87%<\/td>\n<td>71,65%<\/td>\n<\/tr>\n<tr>\n<td>Manaus<\/td>\n<td>38,85%<\/td>\n<td>74,04%<\/td>\n<\/tr>\n<tr>\n<td>Porto Velho<\/td>\n<td>38,60%<\/td>\n<td>72,74%<\/td>\n<\/tr>\n<tr>\n<td>S\u00e3o Paulo<\/td>\n<td>37,63%<\/td>\n<td>72,17%<\/td>\n<\/tr>\n<tr>\n<td>Macap\u00e1<\/td>\n<td>36,36%<\/td>\n<td>72,83%<\/td>\n<\/tr>\n<tr>\n<td>Goi\u00e2nia<\/td>\n<td>35,70%<\/td>\n<td>70,21%<\/td>\n<\/tr>\n<tr>\n<td>Boa Vista<\/td>\n<td>35,32%<\/td>\n<td>70,98%<\/td>\n<\/tr>\n<tr>\n<td>Bel\u00e9m<\/td>\n<td>35,12%<\/td>\n<td>71,77%<\/td>\n<\/tr>\n<tr>\n<td>Vit\u00f3ria<\/td>\n<td>34,06%<\/td>\n<td>66,72%<\/td>\n<\/tr>\n<tr>\n<td>Teresina<\/td>\n<td>33,42%<\/td>\n<td>69,95%<\/td>\n<\/tr>\n<tr>\n<td>Bras\u00edlia<\/td>\n<td>31,69%<\/td>\n<td>66,89%<\/td>\n<\/tr>\n<tr>\n<td>S\u00e3o Lu\u00eds<\/td>\n<td>30,35%<\/td>\n<td>68,03%<\/td>\n<\/tr>\n<tr>\n<td>Palmas<\/td>\n<td>29,31%<\/td>\n<td>64,77%<\/td>\n<\/tr>\n<\/tbody>\n<\/table>\n<p>Fonte: Sisvan \/ Minist\u00e9rio da Sa\u00fade<\/p>\n<p><em>(Com informa\u00e7\u00f5es do O Globo)<\/em><\/p>\n<p class=\"ads\">\n<div class=\"article-share_buttons2 article-share\">\n<div class=\"share_buttons\">\n<div class=\"buttons\">\n<p>Fonte: Portal MeioNews.<br \/>\nConfira esta e outras mat\u00e9rias na \u00edntegra pelo link: https:\/\/www.meionews.com\/noticias\/saiba-qual-e-a-capital-com-mais-pessoas-com-obesidade-do-brasil-segundo-levantamento-556968<\/p>\n<\/div>\n<\/div>\n<\/div>\n<\/div>\n<\/div>\n","protected":false},"excerpt":{"rendered":"<p>Levantamento mostra os n\u00fameros da doen\u00e7a por munic\u00edpio em meio \u00e0 alta de 118% no pa\u00eds &nbsp; Efeito sanfona | Foto: Imagem de Freepik A obesidade avan\u00e7ou de forma acelerada no Brasil nas \u00faltimas duas d\u00e9cadas e j\u00e1 atinge\u00a0um em cada quatro adultos, segundo novos dados da pesquisa Vigitel, realizada pelo Minist\u00e9rio da Sa\u00fade. De [&hellip;]<\/p>\n","protected":false},"author":3,"featured_media":18281,"comment_status":"open","ping_status":"open","sticky":false,"template":"","format":"standard","meta":{"om_disable_all_campaigns":false,"_monsterinsights_skip_tracking":false,"_monsterinsights_sitenote_active":false,"_monsterinsights_sitenote_note":"","_monsterinsights_sitenote_category":0,"footnotes":""},"categories":[47,42],"tags":[],"class_list":["post-18280","post","type-post","status-publish","format-standard","has-post-thumbnail","hentry","category-nacionais","category-saude"],"jetpack_featured_media_url":"https:\/\/fatoelado.com\/wp-content\/uploads\/2026\/03\/efeito-sanfona-4557b7e32c81d5db.jpg","_links":{"self":[{"href":"https:\/\/fatoelado.com\/index.php?rest_route=\/wp\/v2\/posts\/18280","targetHints":{"allow":["GET"]}}],"collection":[{"href":"https:\/\/fatoelado.com\/index.php?rest_route=\/wp\/v2\/posts"}],"about":[{"href":"https:\/\/fatoelado.com\/index.php?rest_route=\/wp\/v2\/types\/post"}],"author":[{"embeddable":true,"href":"https:\/\/fatoelado.com\/index.php?rest_route=\/wp\/v2\/users\/3"}],"replies":[{"embeddable":true,"href":"https:\/\/fatoelado.com\/index.php?rest_route=%2Fwp%2Fv2%2Fcomments&post=18280"}],"version-history":[{"count":1,"href":"https:\/\/fatoelado.com\/index.php?rest_route=\/wp\/v2\/posts\/18280\/revisions"}],"predecessor-version":[{"id":18282,"href":"https:\/\/fatoelado.com\/index.php?rest_route=\/wp\/v2\/posts\/18280\/revisions\/18282"}],"wp:featuredmedia":[{"embeddable":true,"href":"https:\/\/fatoelado.com\/index.php?rest_route=\/wp\/v2\/media\/18281"}],"wp:attachment":[{"href":"https:\/\/fatoelado.com\/index.php?rest_route=%2Fwp%2Fv2%2Fmedia&parent=18280"}],"wp:term":[{"taxonomy":"category","embeddable":true,"href":"https:\/\/fatoelado.com\/index.php?rest_route=%2Fwp%2Fv2%2Fcategories&post=18280"},{"taxonomy":"post_tag","embeddable":true,"href":"https:\/\/fatoelado.com\/index.php?rest_route=%2Fwp%2Fv2%2Ftags&post=18280"}],"curies":[{"name":"wp","href":"https:\/\/api.w.org\/{rel}","templated":true}]}}