{"id":18277,"date":"2026-03-04T11:26:04","date_gmt":"2026-03-04T14:26:04","guid":{"rendered":"https:\/\/fatoelado.com\/?p=18277"},"modified":"2026-03-04T11:26:04","modified_gmt":"2026-03-04T14:26:04","slug":"formula-1-inicia-temporada-2026-com-mudancas-historicas-no-regulamento","status":"publish","type":"post","link":"https:\/\/fatoelado.com\/?p=18277","title":{"rendered":"F\u00f3rmula 1 inicia temporada 2026 com mudan\u00e7as hist\u00f3ricas no regulamento"},"content":{"rendered":"<h2 class=\"article-subtitle\" style=\"text-align: center;\">Reformula\u00e7\u00e3o profunda nos regulamentos de chassi e motor gera d\u00favidas sobre as disputas na pista<\/h2>\n<p>&nbsp;<\/p>\n<div class=\"article-image-featured\" style=\"text-align: center;\"><img decoding=\"async\" class=\"i-amphtml-fill-content i-amphtml-replaced-content aligncenter\" src=\"https:\/\/www.meionews.com\/uploads\/imagens\/2026\/3\/4\/formula-1--a9879379753b54b7.jpg\" alt=\"F\u00f3rmula 1 | Reprodu\u00e7\u00e3o\/ Divulga\u00e7\u00e3o\/F\u00f3rmula 1\" data-amp-loading=\"lazy\" \/><small>F\u00f3rmula 1 | Foto: Reprodu\u00e7\u00e3o\/ Divulga\u00e7\u00e3o\/F\u00f3rmula 1<\/small><\/div>\n<div class=\"g-news\"><\/div>\n<div class=\"article-html\">\n<div class=\"article-html-more\">\n<p><strong>A F\u00f3rmula 1 d\u00e1 largada, neste fim de semana, a uma nova fase de sua hist\u00f3ria com a disputa do Grande Pr\u00eamio da Austr\u00e1lia,\u00a0<\/strong>etapa de abertura da temporada, no circuito de Albert Park Circuit. A prova marca a estreia de um pacote t\u00e9cnico amplamente reformulado, que promete transformar a din\u00e2mica das corridas, e gerar incertezas no grid.<\/p>\n<p><span class=\"highlight\">Pela primeira vez em d\u00e9cadas, a categoria implementa mudan\u00e7as profundas e simult\u00e2neas nos regulamentos de chassi e de unidades de pot\u00eancia.\u00a0<\/span>A reformula\u00e7\u00e3o representa um desafio significativo para equipes e pilotos, al\u00e9m de levantar d\u00favidas sobre o impacto das novas regras na competitividade e na qualidade das disputas.<\/p>\n<p>Entre as principais novidades est\u00e3o o equil\u00edbrio maior entre motores el\u00e9tricos e a combust\u00e3o e o\u00a0<strong>uso de combust\u00edvel 100% sustent\u00e1vel de nova gera\u00e7\u00e3o.<\/strong>\u00a0Embora os testes de pr\u00e9-temporada tenham oferecido uma pr\u00e9via do desempenho dos carros, o comportamento em condi\u00e7\u00f5es reais de corrida ainda \u00e9 uma inc\u00f3gnita.<\/p>\n<p>&nbsp;<\/p>\n<h2>Gest\u00e3o de energia ser\u00e1 fator decisivo<\/h2>\n<p><span class=\"highlight\">Com maior gera\u00e7\u00e3o de energia el\u00e9trica em rela\u00e7\u00e3o \u00e0 temporada passada, a gest\u00e3o estrat\u00e9gica da pot\u00eancia passa a ser elemento central nas corridas.\u00a0<\/span>A aplica\u00e7\u00e3o e a regenera\u00e7\u00e3o de energia exigir\u00e3o precis\u00e3o milim\u00e9trica das equipes. O tradicional sistema de redu\u00e7\u00e3o de arrasto (DRS) foi substitu\u00eddo por um novo modo de ultrapassagem, que libera pot\u00eancia adicional.<\/p>\n<p>O australiano Oscar Piastri, da McLaren, afirmou estar mais confort\u00e1vel com os novos carros do que h\u00e1 alguns meses, mas reconheceu que ainda existem vari\u00e1veis desconhecidas. Segundo ele, a equipe acreditava ter compreendido plenamente o modelo durante o desenvolvimento, mas os testes de inverno revelaram pontos que ainda demandam ajustes.<\/p>\n<p>&nbsp;<\/p>\n<div class=\"dimg\"><img decoding=\"async\" class=\"i-amphtml-intrinsic-sizer\" role=\"presentation\" src=\"data:;base64,<svg height=\"665px\" width=\"1200px\" xmlns=\"http:\/\/www.w3.org\/2000\/svg\" version=\"1.1\"\/>&#8221; alt=&#8221;&#8221; aria-hidden=&#8221;true&#8221; \/><img decoding=\"async\" class=\"i-amphtml-fill-content i-amphtml-replaced-content\" src=\"https:\/\/www.meionews.com\/uploads\/imagens\/2026\/3\/4\/lando-norris-oscar-piastri-e-max-verstappen-ainda-estao-na-disputa-pelo-titulo-mundial-da-formula-1-dc92fa9591794a57--9cbccdefa398b271.jpg\" alt=\"Lando Norris, Oscar Piastri e Max Verstappen na disputa pelo t\u00edtulo mundial da F\u00f3rmula 1 | Foto: Divulga\u00e7\u00e3o\/F\u00f3rmula 1\u00a0\" data-amp-loading=\"lazy\" \/><\/div>\n<p><span class=\"fr-inner\">Lando Norris, Oscar Piastri e Max Verstappen na disputa pelo t\u00edtulo mundial da F\u00f3rmula 1 | Foto: Divulga\u00e7\u00e3o\/F\u00f3rmula 1\u00a0<\/span>&nbsp;<\/p>\n<p>J\u00e1 o tetracampe\u00e3o mundial Max Verstappen, da Red Bull Racing, foi cr\u00edtico ao novo regulamento, classificando-o como \u201cuma F\u00f3rmula E com esteroides\u201d e \u201cantiprop\u00edcia \u00e0s corridas\u201d. Em contrapartida, o presidente-executivo da categoria, Stefano Domenicali, defendeu as mudan\u00e7as e garantiu que o espet\u00e1culo ser\u00e1 mantido.<\/p>\n<h2>Equil\u00edbrio ou amplia\u00e7\u00e3o da diferen\u00e7a?<\/h2>\n<p>As novas regras alimentaram a expectativa de um<strong>\u00a0campeonato mais equilibrado<\/strong>, com possibilidade de ruptura da hegemonia das principais equipes. No entanto, os testes realizados no Bahrein indicaram a manuten\u00e7\u00e3o de um pelot\u00e3o de elite formado por Ferrari, Mercedes, Red Bull e McLaren.<\/p>\n<p>Para Jonathan Wheatley, chefe da futura equipe oficial da Audi, a diferen\u00e7a entre os mais r\u00e1pidos e os demais pode at\u00e9 aumentar. Segundo ele, j\u00e1 \u00e9 poss\u00edvel perceber um intervalo\u00a0<strong>maior de desempenho<\/strong>\u00a0em compara\u00e7\u00e3o \u00e0s \u00faltimas temporadas.<\/p>\n<p><span class=\"highlight\">O grid tamb\u00e9m passa a contar com a entrada da Cadillac, ampliando o n\u00famero de equipes no campeonato.\u00a0<\/span>Por outro lado, a Aston Martin chega sob d\u00favidas ap\u00f3s enfrentar problemas de confiabilidade na pr\u00e9-temporada. Mesmo com a orienta\u00e7\u00e3o t\u00e9cnica de Adrian Newey, contratado junto \u00e0 Red Bull, o time completou poucas voltas nos testes.<\/p>\n<p>Os carros AMR26 estar\u00e3o na Austr\u00e1lia, mas existe a possibilidade de que disputem apenas parte da corrida, caso os problemas persistam.<\/p>\n<p>Diante desse cen\u00e1rio, o GP da Austr\u00e1lia surge n\u00e3o apenas como abertura da temporada, mas como primeiro grande teste de um regulamento que pode redefinir o equil\u00edbrio de for\u00e7as na F\u00f3rmula 1.<\/p>\n<p class=\"ads\">\n<div class=\"article-share_buttons2 article-share\">\n<div class=\"share_buttons\">\n<div class=\"buttons\">\n<p>Fonte: Portal MeioNews.<br \/>\nConfira esta e outras mat\u00e9rias na \u00edntegra pelo link: https:\/\/www.meionews.com\/esportes\/formula-1-inicia-temporada-2026-com-mudancas-historicas-no-regulamento-557008<\/p>\n<\/div>\n<\/div>\n<\/div>\n<\/div>\n<\/div>\n","protected":false},"excerpt":{"rendered":"<p>Reformula\u00e7\u00e3o profunda nos regulamentos de chassi e motor gera d\u00favidas sobre as disputas na pista &nbsp; F\u00f3rmula 1 | Foto: Reprodu\u00e7\u00e3o\/ Divulga\u00e7\u00e3o\/F\u00f3rmula 1 A F\u00f3rmula 1 d\u00e1 largada, neste fim de semana, a uma nova fase de sua hist\u00f3ria com a disputa do Grande Pr\u00eamio da Austr\u00e1lia,\u00a0etapa de abertura da temporada, no circuito de Albert [&hellip;]<\/p>\n","protected":false},"author":3,"featured_media":18278,"comment_status":"open","ping_status":"open","sticky":false,"template":"","format":"standard","meta":{"om_disable_all_campaigns":false,"_monsterinsights_skip_tracking":false,"_monsterinsights_sitenote_active":false,"_monsterinsights_sitenote_note":"","_monsterinsights_sitenote_category":0,"footnotes":""},"categories":[48],"tags":[],"class_list":["post-18277","post","type-post","status-publish","format-standard","has-post-thumbnail","hentry","category-esportes"],"jetpack_featured_media_url":"https:\/\/fatoelado.com\/wp-content\/uploads\/2026\/03\/formula-1-a9879379753b54b7.jpg","_links":{"self":[{"href":"https:\/\/fatoelado.com\/index.php?rest_route=\/wp\/v2\/posts\/18277","targetHints":{"allow":["GET"]}}],"collection":[{"href":"https:\/\/fatoelado.com\/index.php?rest_route=\/wp\/v2\/posts"}],"about":[{"href":"https:\/\/fatoelado.com\/index.php?rest_route=\/wp\/v2\/types\/post"}],"author":[{"embeddable":true,"href":"https:\/\/fatoelado.com\/index.php?rest_route=\/wp\/v2\/users\/3"}],"replies":[{"embeddable":true,"href":"https:\/\/fatoelado.com\/index.php?rest_route=%2Fwp%2Fv2%2Fcomments&post=18277"}],"version-history":[{"count":1,"href":"https:\/\/fatoelado.com\/index.php?rest_route=\/wp\/v2\/posts\/18277\/revisions"}],"predecessor-version":[{"id":18279,"href":"https:\/\/fatoelado.com\/index.php?rest_route=\/wp\/v2\/posts\/18277\/revisions\/18279"}],"wp:featuredmedia":[{"embeddable":true,"href":"https:\/\/fatoelado.com\/index.php?rest_route=\/wp\/v2\/media\/18278"}],"wp:attachment":[{"href":"https:\/\/fatoelado.com\/index.php?rest_route=%2Fwp%2Fv2%2Fmedia&parent=18277"}],"wp:term":[{"taxonomy":"category","embeddable":true,"href":"https:\/\/fatoelado.com\/index.php?rest_route=%2Fwp%2Fv2%2Fcategories&post=18277"},{"taxonomy":"post_tag","embeddable":true,"href":"https:\/\/fatoelado.com\/index.php?rest_route=%2Fwp%2Fv2%2Ftags&post=18277"}],"curies":[{"name":"wp","href":"https:\/\/api.w.org\/{rel}","templated":true}]}}