{"id":18262,"date":"2026-03-04T05:59:33","date_gmt":"2026-03-04T08:59:33","guid":{"rendered":"https:\/\/fatoelado.com\/?p=18262"},"modified":"2026-03-03T23:01:50","modified_gmt":"2026-03-04T02:01:50","slug":"moraes-manda-filipe-martins-ex-assessor-de-bolsonaro-voltar-para-presidio-no-parana","status":"publish","type":"post","link":"https:\/\/fatoelado.com\/?p=18262","title":{"rendered":"Moraes manda Filipe Martins, ex-assessor de Bolsonaro, voltar para pres\u00eddio no Paran\u00e1"},"content":{"rendered":"<h2 class=\"article-subtitle\" style=\"text-align: center;\">Ex-assessor de Bolsonaro, condenado na trama golpista, havia sido movido sem aval do ministro para o Complexo M\u00e9dico Penal.<\/h2>\n<p>&nbsp;<\/p>\n<div class=\"article-image-featured\" style=\"text-align: center;\"><img decoding=\"async\" class=\"i-amphtml-fill-content i-amphtml-replaced-content aligncenter\" src=\"https:\/\/www.meionews.com\/uploads\/imagens\/2026\/3\/3\/filipe-martins--fa4844a664a00e03.jpg\" alt=\" Filipe Martins. |  Arthur Max\/MRE\" data-amp-loading=\"lazy\" \/><small>Filipe Martins. | Foto: Arthur Max\/MRE<\/small><\/div>\n<div class=\"g-news\"><\/div>\n<div class=\"article-html\">\n<div class=\"article-html-more\">\n<p>O ministro Alexandre de Moraes, do Supremo Tribunal Federal (STF), determinou nesta ter\u00e7a-feira (3) que Filipe Martins,\u00a0<strong>ex-assessor de assuntos internacionais do ex-presidente Jair Bolsonaro<\/strong>,<strong>\u00a0<\/strong>seja levado de volta \u00e0 Cadeia P\u00fablica de Ponta Grossa, no interior do Paran\u00e1.<\/p>\n<h2><strong>VIOLA\u00c7\u00c3O DE MEDIDA CAUTELAR<\/strong><\/h2>\n<p>Martins cumpre pris\u00e3o preventiva desde janeiro deste ano, ap\u00f3s ser condenado a 21 anos de pris\u00e3o no processo sobre a trama golpista. No entanto, ainda recorre da senten\u00e7a. Ele \u00e9 acusado de violar uma medida cautelar que o proibia de acessar a internet.<\/p>\n<p>Ap\u00f3s a pris\u00e3o, o ex-assessor foi\u00a0<strong data-end=\"399\" data-start=\"349\">transferido para o Complexo M\u00e9dico Penal (CMP)<\/strong>, na regi\u00e3o metropolitana de Curitiba, sem a autoriza\u00e7\u00e3o do ministro respons\u00e1vel pela execu\u00e7\u00e3o da pena.<\/p>\n<p>Na decis\u00e3o, Moraes destacou que a administra\u00e7\u00e3o do pres\u00eddio n\u00e3o pode promover transfer\u00eancias sem comunica\u00e7\u00e3o pr\u00e9via ao STF,<strong>\u00a0<\/strong><span class=\"highlight\"><strong>s<\/strong><\/span><strong><span class=\"highlight\">ob risco de comprometer o acompanhamento da execu\u00e7\u00e3o penal:<\/span><\/strong><\/p>\n<blockquote><p><em>\u201cA transfer\u00eancia do r\u00e9u realizada sem pr\u00e9via autoriza\u00e7\u00e3o desta Suprema Corte configura indevida mitiga\u00e7\u00e3o da compet\u00eancia deste ju\u00edzo, al\u00e9m de comprometer o regular acompanhamento da execu\u00e7\u00e3o penal\u201d, afirmou Moraes.<\/em><\/p><\/blockquote>\n<h2>CONDENA\u00c7\u00c3O<\/h2>\n<p>Filipe Martins foi acusado pela Procuradoria-Geral da Rep\u00fablica (PGR) e condenado pelo STF sob a acusa\u00e7\u00e3o de atuar como um dos respons\u00e1veis pela elabora\u00e7\u00e3o da minuta de golpe de Estado que foi produzida no final do governo Bolsonaro.<\/p>\n<p><em>Com informa\u00e7\u00f5es da Ag\u00eancia Brasil.<\/em><\/p>\n<p>&nbsp;<\/p>\n<div class=\"article-share_buttons2 article-share\">\n<div class=\"share_buttons\">\n<div class=\"buttons\">\n<p>Fonte: Portal MeioNews.<br \/>\nConfira esta e outras mat\u00e9rias na \u00edntegra pelo link: https:\/\/www.meionews.com\/politica\/moraes-manda-filipe-martins-ex-assessor-de-bolsonaro-voltar-para-presidio-no-parana-556963<\/p>\n<\/div>\n<\/div>\n<\/div>\n<\/div>\n<\/div>\n","protected":false},"excerpt":{"rendered":"<p>Ex-assessor de Bolsonaro, condenado na trama golpista, havia sido movido sem aval do ministro para o Complexo M\u00e9dico Penal. &nbsp; Filipe Martins. | Foto: Arthur Max\/MRE O ministro Alexandre de Moraes, do Supremo Tribunal Federal (STF), determinou nesta ter\u00e7a-feira (3) que Filipe Martins,\u00a0ex-assessor de assuntos internacionais do ex-presidente Jair Bolsonaro,\u00a0seja levado de volta \u00e0 Cadeia [&hellip;]<\/p>\n","protected":false},"author":3,"featured_media":18263,"comment_status":"open","ping_status":"open","sticky":false,"template":"","format":"standard","meta":{"om_disable_all_campaigns":false,"_monsterinsights_skip_tracking":false,"_monsterinsights_sitenote_active":false,"_monsterinsights_sitenote_note":"","_monsterinsights_sitenote_category":0,"footnotes":""},"categories":[47],"tags":[],"class_list":["post-18262","post","type-post","status-publish","format-standard","has-post-thumbnail","hentry","category-nacionais"],"jetpack_featured_media_url":"https:\/\/fatoelado.com\/wp-content\/uploads\/2026\/03\/filipe-martins-fa4844a664a00e03.jpg","_links":{"self":[{"href":"https:\/\/fatoelado.com\/index.php?rest_route=\/wp\/v2\/posts\/18262","targetHints":{"allow":["GET"]}}],"collection":[{"href":"https:\/\/fatoelado.com\/index.php?rest_route=\/wp\/v2\/posts"}],"about":[{"href":"https:\/\/fatoelado.com\/index.php?rest_route=\/wp\/v2\/types\/post"}],"author":[{"embeddable":true,"href":"https:\/\/fatoelado.com\/index.php?rest_route=\/wp\/v2\/users\/3"}],"replies":[{"embeddable":true,"href":"https:\/\/fatoelado.com\/index.php?rest_route=%2Fwp%2Fv2%2Fcomments&post=18262"}],"version-history":[{"count":1,"href":"https:\/\/fatoelado.com\/index.php?rest_route=\/wp\/v2\/posts\/18262\/revisions"}],"predecessor-version":[{"id":18264,"href":"https:\/\/fatoelado.com\/index.php?rest_route=\/wp\/v2\/posts\/18262\/revisions\/18264"}],"wp:featuredmedia":[{"embeddable":true,"href":"https:\/\/fatoelado.com\/index.php?rest_route=\/wp\/v2\/media\/18263"}],"wp:attachment":[{"href":"https:\/\/fatoelado.com\/index.php?rest_route=%2Fwp%2Fv2%2Fmedia&parent=18262"}],"wp:term":[{"taxonomy":"category","embeddable":true,"href":"https:\/\/fatoelado.com\/index.php?rest_route=%2Fwp%2Fv2%2Fcategories&post=18262"},{"taxonomy":"post_tag","embeddable":true,"href":"https:\/\/fatoelado.com\/index.php?rest_route=%2Fwp%2Fv2%2Ftags&post=18262"}],"curies":[{"name":"wp","href":"https:\/\/api.w.org\/{rel}","templated":true}]}}