{"id":18256,"date":"2026-03-04T05:45:40","date_gmt":"2026-03-04T08:45:40","guid":{"rendered":"https:\/\/fatoelado.com\/?p=18256"},"modified":"2026-03-03T22:49:31","modified_gmt":"2026-03-04T01:49:31","slug":"um-dos-dias-mais-tristes-neymar-publica-mensagem-de-apoio-a-rodrygo-apos-grave-lesao","status":"publish","type":"post","link":"https:\/\/fatoelado.com\/?p=18256","title":{"rendered":"&#8216;Um dos dias mais tristes&#8217;: Neymar publica mensagem de apoio a Rodrygo ap\u00f3s grave les\u00e3o"},"content":{"rendered":"<h2 class=\"article-subtitle\" style=\"text-align: center;\">Craque usou as redes sociais para enviar mensagem de for\u00e7a ao Menino da Vila, que rompeu ligamento do joelho direito e est\u00e1 fora da Copa do Mundo<\/h2>\n<p>&nbsp;<\/p>\n<div class=\"article-image-featured\" style=\"text-align: center;\"><img decoding=\"async\" class=\"i-amphtml-fill-content i-amphtml-replaced-content aligncenter\" src=\"https:\/\/www.meionews.com\/uploads\/imagens\/2026\/3\/3\/rodrygo-e-neymar-em-treino-do-brasil-na-arena-pantanal--0bda739e5e5287d9.jpg\" alt=\"Rodrygo e Neymar em treino do Brasil na Arena Pantanal  | Foto: Daniel Leite\/Momentum Produtora\" data-amp-loading=\"lazy\" \/><small>Rodrygo e Neymar em treino do Brasil na Arena Pantanal | Foto: Daniel Leite\/Momentum Produtora<\/small><\/div>\n<div class=\"g-news\"><\/div>\n<div class=\"article-html\">\n<div class=\"article-html-more\">\n<p>O craque\u00a0Neymar\u00a0publicou nas redes sociais uma mensagem de apoio a Rodrygo, do Real Madrid, que\u00a0sofreu uma grave les\u00e3o no joelho direito e\u00a0<strong>est\u00e1 fora da Copa do Mundo de 2026<\/strong>. No Instagram, Neymar lamentou o ocorrido e se dirigiu ao jovem atacante, tamb\u00e9m revelado na Vila Belmiro, lembrando o v\u00ednculo entre eles.<\/p>\n<blockquote><p>Hoje \u00e9 um dos dias mais tristes pra mim. Quando fiquei sabendo da les\u00e3o, me passou um filme na cabe\u00e7a. Todo sofrimento, toda ang\u00fastia e o medo de viver essa les\u00e3o! Meu 10, meu menino, meu herdeiro (como te chamo) s\u00f3 te pe\u00e7o uma coisa: cuida da sua cabe\u00e7a. Agora \u00e9 hora de colocar todo mundo que voc\u00ea ama ao seu redor.<\/p><\/blockquote>\n<div class=\"dimg\"><img decoding=\"async\" class=\"i-amphtml-intrinsic-sizer\" role=\"presentation\" src=\"data:;base64,<svg height=\"1225px\" width=\"1080px\" xmlns=\"http:\/\/www.w3.org\/2000\/svg\" version=\"1.1\"\/>&#8221; alt=&#8221;&#8221; aria-hidden=&#8221;true&#8221; \/><img decoding=\"async\" class=\"i-amphtml-fill-content i-amphtml-replaced-content\" src=\"https:\/\/www.meionews.com\/uploads\/imagens\/2026\/3\/3\/um-dos-dias-mais-tristes-neymar-publica-mensagem-de-apoio-a-rodrygo-apos-grave-lesao--74e260302793c372.jpg\" alt=\"Neymar presta apoio a Rodrygo ap\u00f3s les\u00e3o que deixa atacante fora da Copa de 2026 - Foto: Reprodu\u00e7\u00e3o\/Redes Sociais\" data-amp-loading=\"lazy\" \/><span class=\"fr-img-caption fr-fic fr-dib\"><span class=\"fr-img-wrap\"><span class=\"fr-inner\">Neymar presta apoio a Rodrygo ap\u00f3s les\u00e3o que deixa atacante fora da Copa de 2026 &#8211; Foto: Reprodu\u00e7\u00e3o\/Redes Sociais<\/span><\/span><\/span><\/div>\n<h3 data-end=\"1222\" data-start=\"1197\"><strong data-end=\"1222\" data-start=\"1201\">Detalhes da les\u00e3o<\/strong><\/h3>\n<p>Rodrygo, de 25 anos, rompeu o ligamento cruzado anterior e o menisco do joelho direito durante a partida contra o Getafe, pelo Campeonato Espanhol, na \u00faltima segunda-feira. O atacante entrou em campo aos nove minutos do segundo tempo e, minutos depois, sentiu dores, mas permaneceu at\u00e9 o fim do jogo.<\/p>\n<p>O tempo m\u00e9dio de recupera\u00e7\u00e3o para les\u00f5es desse tipo varia entre seis meses e um ano, afastando o Menino da Vila n\u00e3o apenas do Mundial, mas de parte significativa da temporada europeia.<\/p>\n<h3 data-end=\"1807\" data-start=\"1749\"><strong data-end=\"1807\" data-start=\"1753\">Suporte e mem\u00f3ria da pr\u00f3pria recupera\u00e7\u00e3o de Neymar<\/strong><\/h3>\n<p>Neymar tamb\u00e9m lembrou do apoio que recebeu de Rodrygo durante sua pr\u00f3pria grave les\u00e3o no joelho esquerdo, que o manteve afastado por quase um ano.<\/p>\n<p>\u201cComo voc\u00ea disse, voc\u00ea n\u00e3o merecia passar por isso justo agora, mas quem somos n\u00f3s para duvidar dos planos de Deus. Irm\u00e3ozinho, for\u00e7a! Tenho certeza de que ir\u00e1 voltar voando. Te amo. Da mesma forma que me deu apoio, eu estarei aqui por voc\u00ea\u201d, concluiu o camisa 10 do Santos.<\/p>\n<div class=\"mgbox\"><\/div>\n<div class=\"article-share_buttons2 article-share\">\n<div class=\"share_buttons\">\n<div class=\"buttons\">\n<p>Fonte: Portal MeioNews.<br \/>\nConfira esta e outras mat\u00e9rias na \u00edntegra pelo link: https:\/\/www.meionews.com\/esportes\/um-dos-dias-mais-tristes-neymar-publica-mensagem-de-apoio-a-rodrygo-apos-grave-lesao-556951<\/p>\n<\/div>\n<\/div>\n<\/div>\n<\/div>\n<\/div>\n","protected":false},"excerpt":{"rendered":"<p>Craque usou as redes sociais para enviar mensagem de for\u00e7a ao Menino da Vila, que rompeu ligamento do joelho direito e est\u00e1 fora da Copa do Mundo &nbsp; Rodrygo e Neymar em treino do Brasil na Arena Pantanal | Foto: Daniel Leite\/Momentum Produtora O craque\u00a0Neymar\u00a0publicou nas redes sociais uma mensagem de apoio a Rodrygo, do [&hellip;]<\/p>\n","protected":false},"author":3,"featured_media":18257,"comment_status":"open","ping_status":"open","sticky":false,"template":"","format":"standard","meta":{"om_disable_all_campaigns":false,"_monsterinsights_skip_tracking":false,"_monsterinsights_sitenote_active":false,"_monsterinsights_sitenote_note":"","_monsterinsights_sitenote_category":0,"footnotes":""},"categories":[48],"tags":[],"class_list":["post-18256","post","type-post","status-publish","format-standard","has-post-thumbnail","hentry","category-esportes"],"jetpack_featured_media_url":"https:\/\/fatoelado.com\/wp-content\/uploads\/2026\/03\/rodrygo-e-neymar-em-treino-do-brasil-na-arena-pantanal-0bda739e5e5287d9.jpg","_links":{"self":[{"href":"https:\/\/fatoelado.com\/index.php?rest_route=\/wp\/v2\/posts\/18256","targetHints":{"allow":["GET"]}}],"collection":[{"href":"https:\/\/fatoelado.com\/index.php?rest_route=\/wp\/v2\/posts"}],"about":[{"href":"https:\/\/fatoelado.com\/index.php?rest_route=\/wp\/v2\/types\/post"}],"author":[{"embeddable":true,"href":"https:\/\/fatoelado.com\/index.php?rest_route=\/wp\/v2\/users\/3"}],"replies":[{"embeddable":true,"href":"https:\/\/fatoelado.com\/index.php?rest_route=%2Fwp%2Fv2%2Fcomments&post=18256"}],"version-history":[{"count":1,"href":"https:\/\/fatoelado.com\/index.php?rest_route=\/wp\/v2\/posts\/18256\/revisions"}],"predecessor-version":[{"id":18258,"href":"https:\/\/fatoelado.com\/index.php?rest_route=\/wp\/v2\/posts\/18256\/revisions\/18258"}],"wp:featuredmedia":[{"embeddable":true,"href":"https:\/\/fatoelado.com\/index.php?rest_route=\/wp\/v2\/media\/18257"}],"wp:attachment":[{"href":"https:\/\/fatoelado.com\/index.php?rest_route=%2Fwp%2Fv2%2Fmedia&parent=18256"}],"wp:term":[{"taxonomy":"category","embeddable":true,"href":"https:\/\/fatoelado.com\/index.php?rest_route=%2Fwp%2Fv2%2Fcategories&post=18256"},{"taxonomy":"post_tag","embeddable":true,"href":"https:\/\/fatoelado.com\/index.php?rest_route=%2Fwp%2Fv2%2Ftags&post=18256"}],"curies":[{"name":"wp","href":"https:\/\/api.w.org\/{rel}","templated":true}]}}