{"id":18253,"date":"2026-03-04T05:44:17","date_gmt":"2026-03-04T08:44:17","guid":{"rendered":"https:\/\/fatoelado.com\/?p=18253"},"modified":"2026-03-03T22:45:24","modified_gmt":"2026-03-04T01:45:24","slug":"populacao-carceraria-do-pi-cresce-60-em-tres-anos-e-pressiona-sistema-prisional","status":"publish","type":"post","link":"https:\/\/fatoelado.com\/?p=18253","title":{"rendered":"Popula\u00e7\u00e3o carcer\u00e1ria do PI cresce 60% em tr\u00eas anos e pressiona sistema prisional"},"content":{"rendered":"<p><img decoding=\"async\" class=\"aligncenter\" src=\"https:\/\/cidadeverde.com\/assets\/uploads\/colecoes\/13884\/Secret%C3%A1rio_de_Justi%C3%A7a_Coronel_Carlos_Augusto_2.jpeg\" alt=\"SECRET\u00c1RIOS - GOVERNO DO PIAU\u00cd\" \/><\/p>\n<p>A\u00a0<strong>popula\u00e7\u00e3o carcer\u00e1ria do Piau\u00ed aumentou 60% nos \u00faltimos tr\u00eas anos, segundo o secret\u00e1rio de Justi\u00e7a, coronel Carlos Augusto.<\/strong>\u00a0O n\u00famero de internos passou de 5 mil para 8 mil pessoas nas unidades prisionais do estado.<\/p>\n<p>A declara\u00e7\u00e3o foi dada durante reuni\u00e3o de planejamento do governo, nesta segunda- feira (2). De acordo com o secret\u00e1rio, o crescimento est\u00e1 diretamente ligado ao\u00a0<strong>fortalecimento das for\u00e7as de seguran\u00e7a e ao aumento das pris\u00f5es realizadas no per\u00edodo.<\/strong><\/p>\n<blockquote><p>\u201cEu recebi o estado mais superlotado e somos o estado que mais prendeu gente, proporcionalmente, no Brasil. Aumentamos nossa popula\u00e7\u00e3o carcer\u00e1ria em tr\u00eas anos em 60%\u201d, afirmou.<\/p><\/blockquote>\n<h2><strong>Sistema prisional recebe impacto direto das pris\u00f5es<\/strong><\/h2>\n<p>O secret\u00e1rio explicou que a Secretaria de Justi\u00e7a atua na\u00a0<strong>interface entre o sistema de Justi\u00e7a<\/strong>, respons\u00e1vel pelas condena\u00e7\u00f5es e encaminhamentos \u00e0s unidades prisionais, e o sistema de seguran\u00e7a p\u00fablica, que realiza as pris\u00f5es.<\/p>\n<blockquote><p>\u201cN\u00f3s acolhemos, entre aspas, nas nossas unidades, tudo o que \u00e9 produzido pela Pol\u00edcia Militar e pela Pol\u00edcia Civil\u201d, disse.<\/p><\/blockquote>\n<p>Segundo ele, o aumento no n\u00famero de presos trouxe \u201cum desafio enorme\u201d para o Estado, exigindo amplia\u00e7\u00e3o estrutural e refor\u00e7o de pessoal.<\/p>\n<h2><strong>Novas unidades e amplia\u00e7\u00e3o de vagas<\/strong><\/h2>\n<p>Para enfrentar a superlota\u00e7\u00e3o, o governo iniciou reconstru\u00e7\u00f5es e amplia\u00e7\u00f5es simult\u00e2neas nas unidades prisionais. Entre as medidas citadas pelo secret\u00e1rio est\u00e3o a inaugura\u00e7\u00e3o da penitenci\u00e1ria de Buriti dos Lopes,<strong>\u00a0a abertura da\u00a0nova Casa de Deten\u00e7\u00e3o Provis\u00f3ria (CDP) de Altos, com mais de 300 vagas e prevista para o dia 10<\/strong>, al\u00e9m de uma unidade com 1.293 vagas que est\u00e1 com 60% das obras conclu\u00eddas. Tamb\u00e9m est\u00e3o previstas duas novas unidades no munic\u00edpio de Picos.<\/p>\n<p>Al\u00e9m disso, 200 policiais penais foram formados e nomeados, e outros 200 est\u00e3o em forma\u00e7\u00e3o.<\/p>\n<blockquote><p>\u201cH\u00e1 que se ter local para acolher a produ\u00e7\u00e3o da Pol\u00edcia Militar e da Pol\u00edcia Civil, que aumentaram efetivo e intelig\u00eancia\u201d, declarou.<\/p><\/blockquote>\n<h2><strong>Redu\u00e7\u00e3o de crimes e aumento de presos<\/strong><\/h2>\n<p>O secret\u00e1rio citou o munic\u00edpio de Parna\u00edba como exemplo do impacto das a\u00e7\u00f5es de seguran\u00e7a. Segundo ele,<strong>\u00a0houve redu\u00e7\u00e3o superior a 50% nos homic\u00eddios, al\u00e9m de queda em furtos e roubos.<\/strong><\/p>\n<p>No mesmo per\u00edodo, o n\u00famero de presos na cidade passou de 394 para mais de mil. \u201cO Piau\u00ed hoje \u00e9 destaque porque prendeu muito\u201d, afirmou.<\/p>\n<p>Carlos Augusto informou ainda que a Secretaria de Justi\u00e7a elaborou um planejamento estrat\u00e9gico para os pr\u00f3ximos 20 anos, que dever\u00e1 ser apresentado oficialmente. \u201cPlanejar \u00e9 essencial\u201d, disse.<\/p>\n<p>&nbsp;<\/p>\n<p>Fonte: Portal CidadeVerde.<br \/>\nConfira esta e outras mat\u00e9rias na \u00edntegra pelo link: https:\/\/cidadeverde.com\/noticias\/451729\/populacao-carceraria-do-pi-cresce-60-em-tres-anos-e-pressiona-sistema-prisional<\/p>\n","protected":false},"excerpt":{"rendered":"<p>A\u00a0popula\u00e7\u00e3o carcer\u00e1ria do Piau\u00ed aumentou 60% nos \u00faltimos tr\u00eas anos, segundo o secret\u00e1rio de Justi\u00e7a, coronel Carlos Augusto.\u00a0O n\u00famero de internos passou de 5 mil para 8 mil pessoas nas unidades prisionais do estado. A declara\u00e7\u00e3o foi dada durante reuni\u00e3o de planejamento do governo, nesta segunda- feira (2). De acordo com o secret\u00e1rio, o crescimento [&hellip;]<\/p>\n","protected":false},"author":3,"featured_media":18254,"comment_status":"open","ping_status":"open","sticky":false,"template":"","format":"standard","meta":{"om_disable_all_campaigns":false,"_monsterinsights_skip_tracking":false,"_monsterinsights_sitenote_active":false,"_monsterinsights_sitenote_note":"","_monsterinsights_sitenote_category":0,"footnotes":""},"categories":[33],"tags":[],"class_list":["post-18253","post","type-post","status-publish","format-standard","has-post-thumbnail","hentry","category-piaui"],"jetpack_featured_media_url":"https:\/\/fatoelado.com\/wp-content\/uploads\/2026\/03\/Secretario_de_Justica_Coronel_Carlos_Augusto_2.jpeg","_links":{"self":[{"href":"https:\/\/fatoelado.com\/index.php?rest_route=\/wp\/v2\/posts\/18253","targetHints":{"allow":["GET"]}}],"collection":[{"href":"https:\/\/fatoelado.com\/index.php?rest_route=\/wp\/v2\/posts"}],"about":[{"href":"https:\/\/fatoelado.com\/index.php?rest_route=\/wp\/v2\/types\/post"}],"author":[{"embeddable":true,"href":"https:\/\/fatoelado.com\/index.php?rest_route=\/wp\/v2\/users\/3"}],"replies":[{"embeddable":true,"href":"https:\/\/fatoelado.com\/index.php?rest_route=%2Fwp%2Fv2%2Fcomments&post=18253"}],"version-history":[{"count":1,"href":"https:\/\/fatoelado.com\/index.php?rest_route=\/wp\/v2\/posts\/18253\/revisions"}],"predecessor-version":[{"id":18255,"href":"https:\/\/fatoelado.com\/index.php?rest_route=\/wp\/v2\/posts\/18253\/revisions\/18255"}],"wp:featuredmedia":[{"embeddable":true,"href":"https:\/\/fatoelado.com\/index.php?rest_route=\/wp\/v2\/media\/18254"}],"wp:attachment":[{"href":"https:\/\/fatoelado.com\/index.php?rest_route=%2Fwp%2Fv2%2Fmedia&parent=18253"}],"wp:term":[{"taxonomy":"category","embeddable":true,"href":"https:\/\/fatoelado.com\/index.php?rest_route=%2Fwp%2Fv2%2Fcategories&post=18253"},{"taxonomy":"post_tag","embeddable":true,"href":"https:\/\/fatoelado.com\/index.php?rest_route=%2Fwp%2Fv2%2Ftags&post=18253"}],"curies":[{"name":"wp","href":"https:\/\/api.w.org\/{rel}","templated":true}]}}