{"id":18250,"date":"2026-03-04T05:42:03","date_gmt":"2026-03-04T08:42:03","guid":{"rendered":"https:\/\/fatoelado.com\/?p=18250"},"modified":"2026-03-03T22:44:07","modified_gmt":"2026-03-04T01:44:07","slug":"educadores-fisicos-pedem-prorrogacao-de-tac-conselho-avalia-pedido","status":"publish","type":"post","link":"https:\/\/fatoelado.com\/?p=18250","title":{"rendered":"Educadores f\u00edsicos pedem prorroga\u00e7\u00e3o de TAC; conselho avalia pedido"},"content":{"rendered":"<p><img decoding=\"async\" class=\"aligncenter\" src=\"https:\/\/cidadeverde.com\/assets\/uploads\/colecoes\/2\/2026\/03\/academia-educacaofisica.jpg\" alt=\"academia-educacaofisica.jpg\" \/><\/p>\n<p>Profissionais de Educa\u00e7\u00e3o F\u00edsica realizaram, na manh\u00e3 desta ter\u00e7a-feira (3), uma manifesta\u00e7\u00e3o em frente \u00e0 sede do Conselho Regional de Educa\u00e7\u00e3o F\u00edsica (CREF 15\/PI), em Teresina. O grupo pede a prorroga\u00e7\u00e3o do Termo de Ajuste de Conduta (TAC) firmado entre o conselho e o Minist\u00e9rio P\u00fablico Federal (MPF).<\/p>\n<p>O acordo, encerrado no\u00a0<strong>dia 19 de fevereiro<\/strong>, permitia que profissionais com\u00a0<strong>licenciatura em Educa\u00e7\u00e3o F\u00edsica<\/strong>\u00a0atuassem em academias de gin\u00e1stica, clubes e est\u00fadios, ou seja, fora do ambiente escolar, enquanto providenciavam a complementa\u00e7\u00e3o da forma\u00e7\u00e3o para o\u00a0<strong>bacharelado.<\/strong><\/p>\n<p>Durante o per\u00edodo de vig\u00eancia do TAC, os profissionais licenciados puderam exercer normalmente as atividades em academias, sem sofrer autua\u00e7\u00f5es ou fiscaliza\u00e7\u00f5es por parte do CREF-PI.<\/p>\n<p>Ao\u00a0<strong>Cidadeverde.com<\/strong>, o presidente do Conselho Regional de Educa\u00e7\u00e3o F\u00edsica (CREF-PI), Danys Queiroz, afirmou que o \u00f3rg\u00e3o est\u00e1 avaliando a situa\u00e7\u00e3o.<\/p>\n<blockquote><p>\u201cEstamos fazendo um levantamento da necessidade do TAC, estamos vendo a legalidade, buscando dados, o levantamento do impacto social de ficar sem esses profissionais, de quantas pessoas ficar\u00e3o sem orienta\u00e7\u00e3o, o impacto disso para a sociedade, na sa\u00fade p\u00fablica, \u00e9 isso que a gente quer fazer\u201d, destacou.<\/p><\/blockquote>\n<p>Segundo Danys Queiroz, atualmente cerca de 60% dos profissionais de Educa\u00e7\u00e3o F\u00edsica no estado j\u00e1 possuem bacharelado. Ele informou ainda que o Minist\u00e9rio P\u00fablico Federal (MPF) solicitou ao conselho um posicionamento formal sobre o pedido de prorroga\u00e7\u00e3o apresentado pela categoria.<\/p>\n<p>\u201cSabemos que hoje 60% dos profissionais de Educa\u00e7\u00e3o F\u00edsica t\u00eam bacharel. Esses 60% conseguem atender todo o estado? Porque sabemos que tem o problema da concentra\u00e7\u00e3o em Teresina. O conselho vai fazer um novo levantamento para saber o quantitativo das academias, a situa\u00e7\u00e3o do respons\u00e1vel t\u00e9cnico. N\u00f3s sabemos o impacto da vida de uma pessoa ficar sem renda\u201d, ressaltou.<\/p>\n<h2><strong>Reivindica\u00e7\u00e3o da categoria<\/strong><\/h2>\n<p>Manoel de Castro, integrante da comiss\u00e3o que representa os profissionais, afirma que\u00a0o estado possui particularidades na forma\u00e7\u00e3o acad\u00eamica que justificaram o acordo firmado.<\/p>\n<blockquote><p>\u201cEstamos reivindicando que haja a prorroga\u00e7\u00e3o do Termo de Ajuste de Conduta que foi firmado entre o Minist\u00e9rio P\u00fablico Federal e a autarquia, no caso o Conselho Regional de Educa\u00e7\u00e3o F\u00edsica, h\u00e1 dois anos. Ocorre que o Piau\u00ed tem uma situa\u00e7\u00e3o particular em quest\u00e3o de forma\u00e7\u00e3o profissional e justamente por essas peculiaridades foi necess\u00e1rio o firmamento desse TAC. O que os profissionais pedem hoje \u00e9 que esse TAC seja prorrogado porque n\u00e3o conseguiu atingir uma pol\u00edtica necess\u00e1ria para abranger beneficamente todos esses profissionais\u201d, explica.<\/p><\/blockquote>\n<p>Segundo ele,\u00a0os profissionais pedem mais agilidade na an\u00e1lise do pedido.<\/p>\n<p>\u201cPedimos um pouco mais de celeridade e solidariedade porque n\u00f3s aqui n\u00e3o estamos querendo descumprir, n\u00f3s n\u00e3o somos contra o conselho, n\u00f3s queremos apenas que o conselho seja mais solid\u00e1rio e tenha celeridade nesse procedimento&#8221;, ressaltou.<\/p>\n<p>Com o fim do TAC,\u00a0<strong>profissionais licenciados foram impedidos de atuar em academias no estado<\/strong>, o que, segundo a categoria, tem gerado impacto financeiro e profissional.<\/p>\n<blockquote><p>\u201cN\u00f3s entramos em contato com o CREF e ele disse que est\u00e1 avaliando toda a demanda e n\u00f3s pedimos para que acelere esse procedimento porque essa quest\u00e3o do TAC afeta muitos profissionais de maneira negativa e est\u00e1 afetando a sociedade, est\u00e1 atrapalhando a presta\u00e7\u00e3o de servi\u00e7o, por isso queremos a agilidade, j\u00e1 vamos entrar com quase 15 dias sem trabalhar&#8221;, pontuou Manoel de Castro.<\/p><\/blockquote>\n<p>Manoel de Castro ressalta que grande parte dos profissionais licenciados j\u00e1\u00a0<strong>est\u00e1 em processo de complementa\u00e7\u00e3o da forma\u00e7\u00e3o.<\/strong><\/p>\n<p>\u201cFoi feita a resolu\u00e7\u00e3o, todos esses profissionais est\u00e3o cumprindo as exig\u00eancias, mas o tempo n\u00e3o foi suficiente e os motivos s\u00e3o muitos. Ent\u00e3o n\u00f3s pedimos essa prorroga\u00e7\u00e3o justamente para que os profissionais cumpram o que a resolu\u00e7\u00e3o est\u00e1 pedindo. S\u00e3o mais de tr\u00eas mil profissionais no estado, exclusivamente licenciados, ou seja, s\u00e3o aqueles que ainda n\u00e3o fizeram a segunda gradua\u00e7\u00e3o, mas a maioria desses tr\u00eas mil j\u00e1 est\u00e3o concluindo essa segunda gradua\u00e7\u00e3o, por isso a gente pede uma prorroga\u00e7\u00e3o do prazo. Ningu\u00e9m aqui \u00e9 contra a resolu\u00e7\u00e3o, estamos pedindo apenas a solidariedade para que todos possam cumprir com as exig\u00eancias&#8221;, finalizou.<\/p>\n<p>&nbsp;<\/p>\n<p>Fonte: Portal CidadeVerde.<br \/>\nConfira esta e outras mat\u00e9rias na \u00edntegra pelo link: https:\/\/cidadeverde.com\/noticias\/451771\/educadores-fisicos-pedem-prorrogacao-de-tac-conselho-avalia-pedido<\/p>\n","protected":false},"excerpt":{"rendered":"<p>Profissionais de Educa\u00e7\u00e3o F\u00edsica realizaram, na manh\u00e3 desta ter\u00e7a-feira (3), uma manifesta\u00e7\u00e3o em frente \u00e0 sede do Conselho Regional de Educa\u00e7\u00e3o F\u00edsica (CREF 15\/PI), em Teresina. O grupo pede a prorroga\u00e7\u00e3o do Termo de Ajuste de Conduta (TAC) firmado entre o conselho e o Minist\u00e9rio P\u00fablico Federal (MPF). O acordo, encerrado no\u00a0dia 19 de fevereiro, [&hellip;]<\/p>\n","protected":false},"author":3,"featured_media":18251,"comment_status":"open","ping_status":"open","sticky":false,"template":"","format":"standard","meta":{"om_disable_all_campaigns":false,"_monsterinsights_skip_tracking":false,"_monsterinsights_sitenote_active":false,"_monsterinsights_sitenote_note":"","_monsterinsights_sitenote_category":0,"footnotes":""},"categories":[42],"tags":[],"class_list":["post-18250","post","type-post","status-publish","format-standard","has-post-thumbnail","hentry","category-saude"],"jetpack_featured_media_url":"https:\/\/fatoelado.com\/wp-content\/uploads\/2026\/03\/academia-educacaofisica.jpg","_links":{"self":[{"href":"https:\/\/fatoelado.com\/index.php?rest_route=\/wp\/v2\/posts\/18250","targetHints":{"allow":["GET"]}}],"collection":[{"href":"https:\/\/fatoelado.com\/index.php?rest_route=\/wp\/v2\/posts"}],"about":[{"href":"https:\/\/fatoelado.com\/index.php?rest_route=\/wp\/v2\/types\/post"}],"author":[{"embeddable":true,"href":"https:\/\/fatoelado.com\/index.php?rest_route=\/wp\/v2\/users\/3"}],"replies":[{"embeddable":true,"href":"https:\/\/fatoelado.com\/index.php?rest_route=%2Fwp%2Fv2%2Fcomments&post=18250"}],"version-history":[{"count":1,"href":"https:\/\/fatoelado.com\/index.php?rest_route=\/wp\/v2\/posts\/18250\/revisions"}],"predecessor-version":[{"id":18252,"href":"https:\/\/fatoelado.com\/index.php?rest_route=\/wp\/v2\/posts\/18250\/revisions\/18252"}],"wp:featuredmedia":[{"embeddable":true,"href":"https:\/\/fatoelado.com\/index.php?rest_route=\/wp\/v2\/media\/18251"}],"wp:attachment":[{"href":"https:\/\/fatoelado.com\/index.php?rest_route=%2Fwp%2Fv2%2Fmedia&parent=18250"}],"wp:term":[{"taxonomy":"category","embeddable":true,"href":"https:\/\/fatoelado.com\/index.php?rest_route=%2Fwp%2Fv2%2Fcategories&post=18250"},{"taxonomy":"post_tag","embeddable":true,"href":"https:\/\/fatoelado.com\/index.php?rest_route=%2Fwp%2Fv2%2Ftags&post=18250"}],"curies":[{"name":"wp","href":"https:\/\/api.w.org\/{rel}","templated":true}]}}