{"id":18244,"date":"2026-03-03T05:43:38","date_gmt":"2026-03-03T08:43:38","guid":{"rendered":"https:\/\/fatoelado.com\/?p=18244"},"modified":"2026-03-02T21:44:32","modified_gmt":"2026-03-03T00:44:32","slug":"flavio-bolsonaro-passa-a-integrar-defesa-de-jair-bolsonaro-no-stf-apos-pedido-de-ex-presidente","status":"publish","type":"post","link":"https:\/\/fatoelado.com\/?p=18244","title":{"rendered":"Fl\u00e1vio Bolsonaro passa a integrar defesa de Jair Bolsonaro no STF ap\u00f3s pedido de ex-presidente"},"content":{"rendered":"<h2 class=\"article-subtitle\" style=\"text-align: center;\">Pedido de inclus\u00e3o foi feito pelo pr\u00f3prio ex-presidente; senador \u00e9 advogado e j\u00e1 tinha autoriza\u00e7\u00e3o para visitas na Papuda.<\/h2>\n<p>&nbsp;<\/p>\n<div class=\"article-image-featured\" style=\"text-align: center;\"><img decoding=\"async\" class=\"i-amphtml-fill-content i-amphtml-replaced-content aligncenter\" src=\"https:\/\/www.meionews.com\/uploads\/imagens\/2026\/3\/2\/flavio-e-jair-bolsonaro--b75aad0a9a83ed1e.jpg\" alt=\"Fl\u00e1vio e Jair Bolsonaro  | Reprodu\u00e7\u00e3o\/Redes Sociais \" data-amp-loading=\"lazy\" \/><small>Fl\u00e1vio e Jair Bolsonaro | Foto: Reprodu\u00e7\u00e3o\/Redes Sociais<\/small><\/div>\n<div class=\"g-news\"><\/div>\n<div class=\"article-html\">\n<div class=\"article-html-more\">\n<p>O senador Fl\u00e1vio Bolsonaro (PL-RJ) passou a integrar a equipe de defesa que representa no Supremo Tribunal Federal (STF) Jair Bolsonaro.\u00a0<strong>O pedido de inclus\u00e3o \u00e9 do pr\u00f3prio ex-presidente.<\/strong><\/p>\n<p>A informa\u00e7\u00e3o foi divulgada pela coluna de Manoela Alc\u00e2ntara do Metr\u00f3poles.<\/p>\n<p>Fl\u00e1vio \u00e9 advogado por forma\u00e7\u00e3o e possui libera\u00e7\u00e3o da\u00a0<strong>Ordem dos Advogados do Brasil (OAB)\u00a0<\/strong>para atuar na \u00e1rea. Agora, Fl\u00e1vio integra a defesa de Bolsonaro ap\u00f3s o pedido ter sido formalizado em documento pelo advogado Paulo Amador.<\/p>\n<p>O ex-presidente \u00e9 condenado a 27 anos e 3 meses de pris\u00e3o por liderar uma tentativa de golpe de Estado.\u00a0<span class=\"highlight\">Ele est\u00e1 preso no Complexo da Papuda para cumprir a senten\u00e7a.<\/span><\/p>\n<p>Bolsonaro, no in\u00edcio do ano, tamb\u00e9m incluiu o ex-ministro de Minas e Energia Adolfo Sachsida na equipe respons\u00e1vel por sua defesa.<\/p>\n<h2>CANDIDATO A PRESID\u00caNCIA<\/h2>\n<p>Fl\u00e1vio \u00e9 cotado para concorrer como candidato ao Pal\u00e1cio do Planalto por decis\u00e3o de Bolsonaro. Antes de ser inclu\u00eddo como advogado na a\u00e7\u00e3o penal, Fl\u00e1vio j\u00e1 tinha autoriza\u00e7\u00e3o para realizar visitas permanentes ao pai, assim como ocorre com os demais advogados.<\/p>\n<p>&nbsp;<\/p>\n<div class=\"article-share_buttons2 article-share\">\n<div class=\"share_buttons\">\n<div class=\"buttons\">\n<p>Fonte: Portal MeioNews.<br \/>\nConfira esta e outras mat\u00e9rias na \u00edntegra pelo link: https:\/\/www.meionews.com\/politica\/flavio-bolsonaro-passa-a-integrar-defesa-de-jair-bolsonaro-no-stf-apos-pedido-de-ex-presidente-556856<\/p>\n<\/div>\n<\/div>\n<\/div>\n<\/div>\n<\/div>\n","protected":false},"excerpt":{"rendered":"<p>Pedido de inclus\u00e3o foi feito pelo pr\u00f3prio ex-presidente; senador \u00e9 advogado e j\u00e1 tinha autoriza\u00e7\u00e3o para visitas na Papuda. &nbsp; Fl\u00e1vio e Jair Bolsonaro | Foto: Reprodu\u00e7\u00e3o\/Redes Sociais O senador Fl\u00e1vio Bolsonaro (PL-RJ) passou a integrar a equipe de defesa que representa no Supremo Tribunal Federal (STF) Jair Bolsonaro.\u00a0O pedido de inclus\u00e3o \u00e9 do pr\u00f3prio [&hellip;]<\/p>\n","protected":false},"author":3,"featured_media":18245,"comment_status":"open","ping_status":"open","sticky":false,"template":"","format":"standard","meta":{"om_disable_all_campaigns":false,"_monsterinsights_skip_tracking":false,"_monsterinsights_sitenote_active":false,"_monsterinsights_sitenote_note":"","_monsterinsights_sitenote_category":0,"footnotes":""},"categories":[47],"tags":[],"class_list":["post-18244","post","type-post","status-publish","format-standard","has-post-thumbnail","hentry","category-nacionais"],"jetpack_featured_media_url":"https:\/\/fatoelado.com\/wp-content\/uploads\/2026\/03\/flavio-e-jair-bolsonaro-b75aad0a9a83ed1e.jpg","_links":{"self":[{"href":"https:\/\/fatoelado.com\/index.php?rest_route=\/wp\/v2\/posts\/18244","targetHints":{"allow":["GET"]}}],"collection":[{"href":"https:\/\/fatoelado.com\/index.php?rest_route=\/wp\/v2\/posts"}],"about":[{"href":"https:\/\/fatoelado.com\/index.php?rest_route=\/wp\/v2\/types\/post"}],"author":[{"embeddable":true,"href":"https:\/\/fatoelado.com\/index.php?rest_route=\/wp\/v2\/users\/3"}],"replies":[{"embeddable":true,"href":"https:\/\/fatoelado.com\/index.php?rest_route=%2Fwp%2Fv2%2Fcomments&post=18244"}],"version-history":[{"count":1,"href":"https:\/\/fatoelado.com\/index.php?rest_route=\/wp\/v2\/posts\/18244\/revisions"}],"predecessor-version":[{"id":18246,"href":"https:\/\/fatoelado.com\/index.php?rest_route=\/wp\/v2\/posts\/18244\/revisions\/18246"}],"wp:featuredmedia":[{"embeddable":true,"href":"https:\/\/fatoelado.com\/index.php?rest_route=\/wp\/v2\/media\/18245"}],"wp:attachment":[{"href":"https:\/\/fatoelado.com\/index.php?rest_route=%2Fwp%2Fv2%2Fmedia&parent=18244"}],"wp:term":[{"taxonomy":"category","embeddable":true,"href":"https:\/\/fatoelado.com\/index.php?rest_route=%2Fwp%2Fv2%2Fcategories&post=18244"},{"taxonomy":"post_tag","embeddable":true,"href":"https:\/\/fatoelado.com\/index.php?rest_route=%2Fwp%2Fv2%2Ftags&post=18244"}],"curies":[{"name":"wp","href":"https:\/\/api.w.org\/{rel}","templated":true}]}}