{"id":18240,"date":"2026-03-03T05:41:24","date_gmt":"2026-03-03T08:41:24","guid":{"rendered":"https:\/\/fatoelado.com\/?p=18240"},"modified":"2026-03-02T21:42:56","modified_gmt":"2026-03-03T00:42:56","slug":"formula-1-freta-voos-para-gp-da-australia-em-meio-a-conflitos-no-oriente-medio","status":"publish","type":"post","link":"https:\/\/fatoelado.com\/?p=18240","title":{"rendered":"F\u00f3rmula 1 freta voos para GP da Austr\u00e1lia em meio a conflitos no Oriente M\u00e9dio"},"content":{"rendered":"<h2 class=\"article-subtitle\" style=\"text-align: center;\">Pilotos e equipes tiveram reservas alteradas por cancelamentos causados por ataques e fechamento de espa\u00e7o a\u00e9reo<\/h2>\n<p>&nbsp;<\/p>\n<div class=\"article-image-featured\" style=\"text-align: center;\"><img decoding=\"async\" class=\"i-amphtml-fill-content i-amphtml-replaced-content aligncenter\" src=\"https:\/\/www.meionews.com\/uploads\/imagens\/2026\/3\/2\/gp-da-australia-marca-abertura-da-temporada-de-2026--b614a9f39629160e.jpg\" alt=\"GP da Austr\u00e1lia marca abertura da temporada de 2026 | Reprodu\u00e7\u00e3o \" data-amp-loading=\"lazy\" \/><small>GP da Austr\u00e1lia marca abertura da temporada de 2026 | Foto: Reprodu\u00e7\u00e3o<\/small><\/div>\n<div class=\"g-news\"><\/div>\n<div class=\"article-html\">\n<div class=\"article-html-more\">\n<p>A F\u00f3rmula 1 teve que fretar voos para levar integrantes das equipes a Melbourne para o GP da Austr\u00e1lia de 2026, segundo o The Athletic.\u00a0<strong>Isso porque o conflito no Oriente M\u00e9dio est\u00e1 impactando o tr\u00e1fego a\u00e9reo internacional.<\/strong><\/p>\n<p>Uma estimativa aponta que ao menos 1.500 pessoas do paddock costumam participar da etapa, marcada para 8 de mar\u00e7o, no circuito de Albert Park. Esse p\u00fablico, geralmente, acabam fazendo conex\u00f5es em aeroportos como o de Dubai e Abu Dhabi, nos Emirados \u00c1rabes Unidos, e Doha, no Catar,\u00a0<strong>considerados centros globais de transporte.<\/strong><\/p>\n<p>Com o registro de ataques e bombardeios no conflito dos Estados Unidos e Israel contra o Ir\u00e3, o cen\u00e1rio fez com que espa\u00e7os a\u00e9reos fossem fechados de forma tempor\u00e1ria e voos cancelados.<\/p>\n<p><span class=\"highlight\">A corrida de domingo (8) d\u00e1 in\u00edcio a temporada 2026 da F1<\/span>. Na sequ\u00eancia, o calend\u00e1rio prev\u00ea etapas na China e no Jap\u00e3o, antes do retorno ao Oriente M\u00e9dio, com provas no Bahrein, em 12 de abril, e na Ar\u00e1bia Saudita, em 19 de abril.<\/p>\n<\/div>\n<\/div>\n<p>&nbsp;<\/p>\n<p>Fonte: Portal MeioNews.<br \/>\nConfira esta e outras mat\u00e9rias na \u00edntegra pelo link: https:\/\/www.meionews.com\/esportes\/formula-1-freta-voos-para-gp-da-australia-em-meio-a-conflitos-no-oriente-medio-556865<\/p>\n","protected":false},"excerpt":{"rendered":"<p>Pilotos e equipes tiveram reservas alteradas por cancelamentos causados por ataques e fechamento de espa\u00e7o a\u00e9reo &nbsp; GP da Austr\u00e1lia marca abertura da temporada de 2026 | Foto: Reprodu\u00e7\u00e3o A F\u00f3rmula 1 teve que fretar voos para levar integrantes das equipes a Melbourne para o GP da Austr\u00e1lia de 2026, segundo o The Athletic.\u00a0Isso porque [&hellip;]<\/p>\n","protected":false},"author":3,"featured_media":18242,"comment_status":"open","ping_status":"open","sticky":false,"template":"","format":"standard","meta":{"om_disable_all_campaigns":false,"_monsterinsights_skip_tracking":false,"_monsterinsights_sitenote_active":false,"_monsterinsights_sitenote_note":"","_monsterinsights_sitenote_category":0,"footnotes":""},"categories":[48],"tags":[],"class_list":["post-18240","post","type-post","status-publish","format-standard","has-post-thumbnail","hentry","category-esportes"],"jetpack_featured_media_url":"https:\/\/fatoelado.com\/wp-content\/uploads\/2026\/03\/gp-da-australia-marca-abertura-da-temporada-de-2026-b614a9f39629160e.jpg","_links":{"self":[{"href":"https:\/\/fatoelado.com\/index.php?rest_route=\/wp\/v2\/posts\/18240","targetHints":{"allow":["GET"]}}],"collection":[{"href":"https:\/\/fatoelado.com\/index.php?rest_route=\/wp\/v2\/posts"}],"about":[{"href":"https:\/\/fatoelado.com\/index.php?rest_route=\/wp\/v2\/types\/post"}],"author":[{"embeddable":true,"href":"https:\/\/fatoelado.com\/index.php?rest_route=\/wp\/v2\/users\/3"}],"replies":[{"embeddable":true,"href":"https:\/\/fatoelado.com\/index.php?rest_route=%2Fwp%2Fv2%2Fcomments&post=18240"}],"version-history":[{"count":1,"href":"https:\/\/fatoelado.com\/index.php?rest_route=\/wp\/v2\/posts\/18240\/revisions"}],"predecessor-version":[{"id":18243,"href":"https:\/\/fatoelado.com\/index.php?rest_route=\/wp\/v2\/posts\/18240\/revisions\/18243"}],"wp:featuredmedia":[{"embeddable":true,"href":"https:\/\/fatoelado.com\/index.php?rest_route=\/wp\/v2\/media\/18242"}],"wp:attachment":[{"href":"https:\/\/fatoelado.com\/index.php?rest_route=%2Fwp%2Fv2%2Fmedia&parent=18240"}],"wp:term":[{"taxonomy":"category","embeddable":true,"href":"https:\/\/fatoelado.com\/index.php?rest_route=%2Fwp%2Fv2%2Fcategories&post=18240"},{"taxonomy":"post_tag","embeddable":true,"href":"https:\/\/fatoelado.com\/index.php?rest_route=%2Fwp%2Fv2%2Ftags&post=18240"}],"curies":[{"name":"wp","href":"https:\/\/api.w.org\/{rel}","templated":true}]}}