{"id":18234,"date":"2026-03-03T05:39:55","date_gmt":"2026-03-03T08:39:55","guid":{"rendered":"https:\/\/fatoelado.com\/?p=18234"},"modified":"2026-03-02T21:40:35","modified_gmt":"2026-03-03T00:40:35","slug":"semcaspi-abre-48-vagas-na-assistencia-social-com-salarios-de-ate-r-3-mil","status":"publish","type":"post","link":"https:\/\/fatoelado.com\/?p=18234","title":{"rendered":"Semcaspi abre 48 vagas na assist\u00eancia social com sal\u00e1rios de at\u00e9 R$ 3 mil"},"content":{"rendered":"<p><img decoding=\"async\" class=\"aligncenter\" src=\"https:\/\/cidadeverde.com\/assets\/uploads\/colecoes\/2\/2026\/01\/SEMCASPI_.jpg\" alt=\"SEMCASPI_.jpg\" \/><\/p>\n<p>A Prefeitura de Teresina lan\u00e7ou\u00a0<a href=\"https:\/\/cidadeverde.com\/assets\/uploads\/files\/edital%20semcaspi_1772479263.pdf\" target=\"_blank\" rel=\"noopener\">edital de Processo Seletivo Simplificado para contrata\u00e7\u00e3o tempor\u00e1ria de 48 profissionais<\/a>\u00a0que ir\u00e3o\u00a0<strong>atuar na atualiza\u00e7\u00e3o do Cadastro \u00danico e na aplica\u00e7\u00e3o de question\u00e1rios do programa BPC na Escola.<\/strong>\u00a0O edital foi publicado no Di\u00e1rio Oficial do Munic\u00edpio desta sexta-feira (27).<\/p>\n<p>As vagas s\u00e3o destinadas \u00e0\u00a0<strong>Secretaria Municipal de Cidadania, Assist\u00eancia Social e Pol\u00edticas Integradas<\/strong>\u00a0(Semcaspi) e t\u00eam contrato inicial de seis meses, podendo ser prorrogado por igual per\u00edodo.<\/p>\n<p><strong>Ao todo, s\u00e3o ofertadas 48 vagas imediatas<\/strong>, al\u00e9m de cadastro de reserva:<\/p>\n<ul>\n<li>16 vagas para Entrevistador Social \u2013 Cadastro \u00danico<\/li>\n<li>30 vagas para Entrevistador Social \u2013 BPC na Escola<\/li>\n<li>2 vagas para Coordenador\/Supervisor \u2013 Cadastro \u00danico<\/li>\n<\/ul>\n<p>Do total, 3% das vagas s\u00e3o reservadas para pessoas com defici\u00eancia (PCD).<\/p>\n<h2><strong>Sal\u00e1rios e bonifica\u00e7\u00f5es<\/strong><\/h2>\n<p>A remunera\u00e7\u00e3o varia conforme o cargo:<\/p>\n<ul>\n<li><strong>Coordenador do Cadastro \u00danico:<\/strong>\u00a0R$ 3.030,17 mensais<\/li>\n<li><strong>Entrevistador Social do Cadastro \u00danico:<\/strong>\u00a0R$ 1.621,00 (sal\u00e1rio m\u00ednimo vigente)<\/li>\n<li><strong>Entrevistador do BPC na Escola:<\/strong>\u00a0R$ 40 por question\u00e1rio aplicado, com remunera\u00e7\u00e3o estimada de R$ 1.640 por m\u00eas<\/li>\n<\/ul>\n<p>Os entrevistadores do Cadastro \u00danico tamb\u00e9m poder\u00e3o receber\u00a0<strong>bonifica\u00e7\u00e3o por produtividade de R$ 25 por cadastro excedente acima da meta de 60 atendimentos mensais<\/strong>.<\/p>\n<p>J\u00e1 os coordenadores poder\u00e3o receber\u00a0<strong>bonifica\u00e7\u00e3o de R$ 1.500 caso a equipe ultrapasse a meta de 1.000 cadastros v\u00e1lidos no per\u00edodo de 30 dias.<\/strong><\/p>\n<h2><strong>Escolaridade exigida<\/strong><\/h2>\n<ul>\n<li>Para Coordenador \u2013 Cad\u00danico: Administra\u00e7\u00e3o, Antropologia, Contabilidade, Economia, Direito, Pedagogia, Psicologia, Servi\u00e7o Social ou Sociologia.<\/li>\n<li>Para Entrevistadores: Antropologia, Direito, Pedagogia, Psicologia, Servi\u00e7o Social ou Sociologia.<\/li>\n<\/ul>\n<h2><strong>Inscri\u00e7\u00f5es<\/strong><\/h2>\n<p>As inscri\u00e7\u00f5es s\u00e3o gratuitas e acontecem de\u00a0<strong>2 a 6 de mar\u00e7o de 2026<\/strong>. Os candidatos devem\u00a0<a href=\"https:\/\/docs.google.com\/forms\/d\/e\/1FAIpQLSc9AA2P9L7aV-Rs75MRovtSH1npljqneA-BUEtBMTuyKeJFFg\/viewform\">preencher formul\u00e1rio online<\/a>\u00a0e\u00a0<strong>entregar a documenta\u00e7\u00e3o exigida no protocolo da Semcaspi ou via Sistema Eletr\u00f4nico de Informa\u00e7\u00f5es (SEI).<\/strong><\/p>\n<p>O processo seletivo ser\u00e1 composto por:<\/p>\n<ul>\n<li>An\u00e1lise de inscri\u00e7\u00e3o<\/li>\n<li>Avalia\u00e7\u00e3o curricular (at\u00e9 20 pontos)<\/li>\n<li>Curso de forma\u00e7\u00e3o<\/li>\n<li>Prova (para cargos do Cadastro \u00danico)<\/li>\n<\/ul>\n<p><strong>O resultado preliminar ser\u00e1 divulgado no dia 23 de mar\u00e7o e o resultado final no dia 27 de mar\u00e7o.<\/strong><\/p>\n<p>A contrata\u00e7\u00e3o ser\u00e1 feita em regime especial de direito administrativo, conforme legisla\u00e7\u00e3o federal e municipal, n\u00e3o gerando v\u00ednculo empregat\u00edcio ou estatut\u00e1rio com a administra\u00e7\u00e3o p\u00fablica.<\/p>\n<p>&nbsp;<\/p>\n<p>Fonte: Portal CidadeVerde.<br \/>\nConfira esta e outras mat\u00e9rias na \u00edntegra pelo link: https:\/\/cidadeverde.com\/noticias\/451720\/semcaspi-abre-48-vagas-na-assistencia-social-com-salarios-de-ate-r-3-mil<\/p>\n","protected":false},"excerpt":{"rendered":"<p>A Prefeitura de Teresina lan\u00e7ou\u00a0edital de Processo Seletivo Simplificado para contrata\u00e7\u00e3o tempor\u00e1ria de 48 profissionais\u00a0que ir\u00e3o\u00a0atuar na atualiza\u00e7\u00e3o do Cadastro \u00danico e na aplica\u00e7\u00e3o de question\u00e1rios do programa BPC na Escola.\u00a0O edital foi publicado no Di\u00e1rio Oficial do Munic\u00edpio desta sexta-feira (27). As vagas s\u00e3o destinadas \u00e0\u00a0Secretaria Municipal de Cidadania, Assist\u00eancia Social e Pol\u00edticas Integradas\u00a0(Semcaspi) [&hellip;]<\/p>\n","protected":false},"author":3,"featured_media":18235,"comment_status":"open","ping_status":"open","sticky":false,"template":"","format":"standard","meta":{"om_disable_all_campaigns":false,"_monsterinsights_skip_tracking":false,"_monsterinsights_sitenote_active":false,"_monsterinsights_sitenote_note":"","_monsterinsights_sitenote_category":0,"footnotes":""},"categories":[33],"tags":[],"class_list":["post-18234","post","type-post","status-publish","format-standard","has-post-thumbnail","hentry","category-piaui"],"jetpack_featured_media_url":"https:\/\/fatoelado.com\/wp-content\/uploads\/2026\/03\/SEMCASPI_.jpg","_links":{"self":[{"href":"https:\/\/fatoelado.com\/index.php?rest_route=\/wp\/v2\/posts\/18234","targetHints":{"allow":["GET"]}}],"collection":[{"href":"https:\/\/fatoelado.com\/index.php?rest_route=\/wp\/v2\/posts"}],"about":[{"href":"https:\/\/fatoelado.com\/index.php?rest_route=\/wp\/v2\/types\/post"}],"author":[{"embeddable":true,"href":"https:\/\/fatoelado.com\/index.php?rest_route=\/wp\/v2\/users\/3"}],"replies":[{"embeddable":true,"href":"https:\/\/fatoelado.com\/index.php?rest_route=%2Fwp%2Fv2%2Fcomments&post=18234"}],"version-history":[{"count":1,"href":"https:\/\/fatoelado.com\/index.php?rest_route=\/wp\/v2\/posts\/18234\/revisions"}],"predecessor-version":[{"id":18236,"href":"https:\/\/fatoelado.com\/index.php?rest_route=\/wp\/v2\/posts\/18234\/revisions\/18236"}],"wp:featuredmedia":[{"embeddable":true,"href":"https:\/\/fatoelado.com\/index.php?rest_route=\/wp\/v2\/media\/18235"}],"wp:attachment":[{"href":"https:\/\/fatoelado.com\/index.php?rest_route=%2Fwp%2Fv2%2Fmedia&parent=18234"}],"wp:term":[{"taxonomy":"category","embeddable":true,"href":"https:\/\/fatoelado.com\/index.php?rest_route=%2Fwp%2Fv2%2Fcategories&post=18234"},{"taxonomy":"post_tag","embeddable":true,"href":"https:\/\/fatoelado.com\/index.php?rest_route=%2Fwp%2Fv2%2Ftags&post=18234"}],"curies":[{"name":"wp","href":"https:\/\/api.w.org\/{rel}","templated":true}]}}