{"id":17974,"date":"2026-02-25T05:14:20","date_gmt":"2026-02-25T08:14:20","guid":{"rendered":"https:\/\/fatoelado.com\/?p=17974"},"modified":"2026-02-24T23:15:20","modified_gmt":"2026-02-25T02:15:20","slug":"cruzeiro-x-corinthians-tera-ancelotti-nas-arquibancadas-em-fase-de-observacao-da-selecao","status":"publish","type":"post","link":"https:\/\/fatoelado.com\/?p=17974","title":{"rendered":"Cruzeiro x Corinthians ter\u00e1 Ancelotti nas arquibancadas em fase de observa\u00e7\u00e3o da Sele\u00e7\u00e3o"},"content":{"rendered":"<h2 class=\"article-subtitle\" style=\"text-align: center;\">Treinador da Sele\u00e7\u00e3o ser\u00e1 acompanhado por Rodrigo Caetano, coordenador executivo de Sele\u00e7\u00f5es<\/h2>\n<p>&nbsp;<\/p>\n<div class=\"article-image-featured\" style=\"text-align: center;\"><img decoding=\"async\" class=\"i-amphtml-fill-content i-amphtml-replaced-content aligncenter\" src=\"https:\/\/www.meionews.com\/uploads\/imagens\/2026\/2\/24\/carlo-ancelotti--6367049b67ba587a.jpg\" alt=\"Carlo Ancelotti  | Getty imagens \" data-amp-loading=\"lazy\" \/><small>Carlo Ancelotti | Foto: Getty imagens<\/small><\/div>\n<div class=\"article-html\">\n<div class=\"article-html-more\">\n<p>O t\u00e9cnico da Sele\u00e7\u00e3o Brasileira, Carlos Ancelotti, \u00e9 presen\u00e7a confirmada no duelo entre Cruzeiro e Corinthians\u00a0pela quarta rodada do Campeonato Brasileiro que acontece \u00e0s 20h desta quarta-feira (25).<\/p>\n<p>O italiano estar\u00e1 acompanhado de\u00a0<strong>Rodrigo Caetano<\/strong>, coordenador executivo geral de Sele\u00e7\u00f5es Masculinas da CBF.\u00a0<span class=\"highlight\">Essa \u00e9 mais uma das etapas de agenda que Ancelotti est\u00e1 cumprindo durante o per\u00edodo de observa\u00e7\u00e3o na montagem da equipe para a Copa do Mundo.\u00a0<\/span>Por isso, os jogadores de ambos os times s\u00e3o alvos de an\u00e1lise por parte do t\u00e9cnico.<\/p>\n<p>Na \u00faltima convoca\u00e7\u00e3o, para amistosos com Senegal e Tun\u00edsia, ele chamou o goleiro\u00a0<strong>Hugo Souza, do Corinthians, e o zagueiro Fabr\u00edcio Bruno, do Cruzeiro.<\/strong><\/p>\n<h2>CONVOCA\u00c7\u00c3O PARA AMISTOSOS<\/h2>\n<p>A convoca\u00e7\u00e3o de atletas para amistosos com Fran\u00e7a e Cro\u00e1cia deve iniciar ainda em mar\u00e7o. Os duelos s\u00e3o essenciais porque representam os \u00faltimos testes antes da divulga\u00e7\u00e3o da lista final para a Copa do Mundo, no meio do ano, nos Estados Unidos, Canad\u00e1 e M\u00e9xico.<\/p>\n<p><span class=\"highlight\">Jogadores como o meia Matheus Pereira e o atacante Kaio Jorge, ambos do Cruzeiro, est\u00e3o na mira do treinador.<\/span><\/p>\n<p>Outros membros da sele\u00e7\u00e3o brasileira estar\u00e3o presentes em outras partidas da rodada. Em Curitiba, o coordenador t\u00e9cnico Juan Santos e o coordenador de prepara\u00e7\u00e3o f\u00edsica, Cristiano Nunes, assistir\u00e3o ao jogo Coritiba x S\u00e3o Paulo, no Couto Pereira.<\/p>\n<p>&nbsp;<\/p>\n<div class=\"article-share_buttons2 article-share\">\n<div class=\"share_buttons\">\n<div class=\"buttons\">\n<p>Fonte: Portal MeioNews.<br \/>\nConfira esta e outras mat\u00e9rias na \u00edntegra pelo link: https:\/\/www.meionews.com\/esportes\/cruzeiro-x-corinthians-tera-ancelotti-nas-arquibancadas-em-fase-de-observacao-da-selecao-556305<\/p>\n<\/div>\n<\/div>\n<\/div>\n<\/div>\n<\/div>\n","protected":false},"excerpt":{"rendered":"<p>Treinador da Sele\u00e7\u00e3o ser\u00e1 acompanhado por Rodrigo Caetano, coordenador executivo de Sele\u00e7\u00f5es &nbsp; Carlo Ancelotti | Foto: Getty imagens O t\u00e9cnico da Sele\u00e7\u00e3o Brasileira, Carlos Ancelotti, \u00e9 presen\u00e7a confirmada no duelo entre Cruzeiro e Corinthians\u00a0pela quarta rodada do Campeonato Brasileiro que acontece \u00e0s 20h desta quarta-feira (25). O italiano estar\u00e1 acompanhado de\u00a0Rodrigo Caetano, coordenador executivo [&hellip;]<\/p>\n","protected":false},"author":3,"featured_media":17975,"comment_status":"open","ping_status":"open","sticky":false,"template":"","format":"standard","meta":{"om_disable_all_campaigns":false,"_monsterinsights_skip_tracking":false,"_monsterinsights_sitenote_active":false,"_monsterinsights_sitenote_note":"","_monsterinsights_sitenote_category":0,"footnotes":""},"categories":[48],"tags":[],"class_list":["post-17974","post","type-post","status-publish","format-standard","has-post-thumbnail","hentry","category-esportes"],"jetpack_featured_media_url":"https:\/\/fatoelado.com\/wp-content\/uploads\/2026\/02\/carlo-ancelotti-6367049b67ba587a.jpg","_links":{"self":[{"href":"https:\/\/fatoelado.com\/index.php?rest_route=\/wp\/v2\/posts\/17974","targetHints":{"allow":["GET"]}}],"collection":[{"href":"https:\/\/fatoelado.com\/index.php?rest_route=\/wp\/v2\/posts"}],"about":[{"href":"https:\/\/fatoelado.com\/index.php?rest_route=\/wp\/v2\/types\/post"}],"author":[{"embeddable":true,"href":"https:\/\/fatoelado.com\/index.php?rest_route=\/wp\/v2\/users\/3"}],"replies":[{"embeddable":true,"href":"https:\/\/fatoelado.com\/index.php?rest_route=%2Fwp%2Fv2%2Fcomments&post=17974"}],"version-history":[{"count":1,"href":"https:\/\/fatoelado.com\/index.php?rest_route=\/wp\/v2\/posts\/17974\/revisions"}],"predecessor-version":[{"id":17976,"href":"https:\/\/fatoelado.com\/index.php?rest_route=\/wp\/v2\/posts\/17974\/revisions\/17976"}],"wp:featuredmedia":[{"embeddable":true,"href":"https:\/\/fatoelado.com\/index.php?rest_route=\/wp\/v2\/media\/17975"}],"wp:attachment":[{"href":"https:\/\/fatoelado.com\/index.php?rest_route=%2Fwp%2Fv2%2Fmedia&parent=17974"}],"wp:term":[{"taxonomy":"category","embeddable":true,"href":"https:\/\/fatoelado.com\/index.php?rest_route=%2Fwp%2Fv2%2Fcategories&post=17974"},{"taxonomy":"post_tag","embeddable":true,"href":"https:\/\/fatoelado.com\/index.php?rest_route=%2Fwp%2Fv2%2Ftags&post=17974"}],"curies":[{"name":"wp","href":"https:\/\/api.w.org\/{rel}","templated":true}]}}