{"id":17967,"date":"2026-02-24T12:06:38","date_gmt":"2026-02-24T15:06:38","guid":{"rendered":"https:\/\/fatoelado.com\/?p=17967"},"modified":"2026-02-24T12:06:38","modified_gmt":"2026-02-24T15:06:38","slug":"secult-realiza-selecao-de-atores-para-espetaculo-da-batalha-do-jenipapo-2026-nesta-sexta-27","status":"publish","type":"post","link":"https:\/\/fatoelado.com\/?p=17967","title":{"rendered":"Secult realiza sele\u00e7\u00e3o de atores para espet\u00e1culo da Batalha do Jenipapo 2026 nesta sexta (27)"},"content":{"rendered":"<h2 class=\"elementor-heading-title elementor-size-default\" style=\"text-align: center;\">A sele\u00e7\u00e3o \u00e9 voltada para atores profissionais, amadores, alunos da Escola Gomes Campos e cantores que desejam integrar o elenco<\/h2>\n<p>&nbsp;<\/p>\n<p>A Secretaria de Estado da Cultura do Piau\u00ed realiza, nesta sexta-feira (27), \u00e0s 16h, no Audit\u00f3rio Sulica, na sede da Secult, em Teresina, a audi\u00e7\u00e3o para o espet\u00e1culo da Batalha do Jenipapo 2026. A sele\u00e7\u00e3o \u00e9 voltada para atores profissionais, amadores, alunos da Escola Gomes Campos e cantores que desejam integrar o elenco de uma das maiores encena\u00e7\u00f5es c\u00edvico-culturais do estado. Os candidatos que forem concorrer \u00e0s vagas destinadas a atores profissionais devem apresentar, obrigatoriamente, o n\u00famero do DRT como comprova\u00e7\u00e3o de registro.<\/p>\n<p>O espet\u00e1culo integra o calend\u00e1rio oficial da Secult e faz parte da programa\u00e7\u00e3o que marca os 203 anos da Independ\u00eancia do Brasil no Piau\u00ed. A encena\u00e7\u00e3o acontece no dia 13 de mar\u00e7o, no Monumento Her\u00f3is do Jenipapo, em Campo Maior, local hist\u00f3rico que simboliza a resist\u00eancia do povo piauiense durante o processo de consolida\u00e7\u00e3o da independ\u00eancia.<\/p>\n<figure id=\"attachment_117819\" class=\"wp-caption alignnone\" aria-describedby=\"caption-attachment-117819\"><img loading=\"lazy\" decoding=\"async\" class=\"size-full wp-image-117819\" src=\"https:\/\/www.pi.gov.br\/wp-content\/uploads\/2026\/02\/FOTOS-BATALHA-1-10-scaled.jpg\" sizes=\"auto, (max-width: 2560px) 100vw, 2560px\" srcset=\"https:\/\/www.pi.gov.br\/wp-content\/uploads\/2026\/02\/FOTOS-BATALHA-1-10-scaled.jpg 2560w, https:\/\/www.pi.gov.br\/wp-content\/uploads\/2026\/02\/FOTOS-BATALHA-1-10-300x200.jpg 300w, https:\/\/www.pi.gov.br\/wp-content\/uploads\/2026\/02\/FOTOS-BATALHA-1-10-1024x683.jpg 1024w, https:\/\/www.pi.gov.br\/wp-content\/uploads\/2026\/02\/FOTOS-BATALHA-1-10-768x512.jpg 768w, https:\/\/www.pi.gov.br\/wp-content\/uploads\/2026\/02\/FOTOS-BATALHA-1-10-1536x1024.jpg 1536w, https:\/\/www.pi.gov.br\/wp-content\/uploads\/2026\/02\/FOTOS-BATALHA-1-10-2048x1365.jpg 2048w\" alt=\"\" width=\"2560\" height=\"1707\" \/><figcaption id=\"caption-attachment-117819\" class=\"wp-caption-text\">Foto: Ascom Secult<\/figcaption><\/figure>\n<p>De acordo com o diretor Franklin Pires, a montagem deste ano chega com uma proposta inovadora. \u201cEsse ano n\u00f3s vamos ter mais um espet\u00e1culo empolgante da Batalha do Jenipapo contando a mesma hist\u00f3ria, mas com pontos de vista diferentes. Dessa vez ser\u00e3o cinco pontos de vista, onde n\u00f3s vamos ter viajantes do tempo e historiadores que voltam ao ano de 1823 para nos contar alguns fatos hist\u00f3ricos e importantes sobre a Batalha do Jenipapo. E nesta sexta-feira, dia 27, n\u00f3s teremos a nossa audi\u00e7\u00e3o para selecionar os atores entre profissionais, amadores e cantores para fazer parte do nosso grande musical sobre a Batalha do Jenipapo\u201d, explica o diretor.<\/p>\n<p>A Batalha do Jenipapo ocorreu em 13 de mar\u00e7o de 1823 e \u00e9 considerada um dos epis\u00f3dios mais marcantes da hist\u00f3ria do Piau\u00ed. Mesmo com poucas armas e estrutura limitada, piauienses enfrentaram tropas portuguesas em um confronto que se tornou s\u00edmbolo de coragem e resist\u00eancia. Ao longo dos anos, a encena\u00e7\u00e3o no Monumento Her\u00f3is do Jenipapo se consolidou como um dos maiores espet\u00e1culos a c\u00e9u aberto do estado, reunindo dezenas de artistas e emocionando o p\u00fablico ao resgatar a mem\u00f3ria e a identidade do povo piauiense.<\/p>\n<p>&nbsp;<\/p>\n<p>Fonte: Portal pi.Gov.<br \/>\nConfira esta e outras mat\u00e9rias na \u00edntegra pelo link: https:\/\/www.pi.gov.br\/secult-realiza-selecao-de-atores-para-espetaculo-da-batalha-do-jenipapo-2026-nesta-sexta-27\/<\/p>\n","protected":false},"excerpt":{"rendered":"<p>A sele\u00e7\u00e3o \u00e9 voltada para atores profissionais, amadores, alunos da Escola Gomes Campos e cantores que desejam integrar o elenco &nbsp; A Secretaria de Estado da Cultura do Piau\u00ed realiza, nesta sexta-feira (27), \u00e0s 16h, no Audit\u00f3rio Sulica, na sede da Secult, em Teresina, a audi\u00e7\u00e3o para o espet\u00e1culo da Batalha do Jenipapo 2026. A [&hellip;]<\/p>\n","protected":false},"author":3,"featured_media":17969,"comment_status":"open","ping_status":"open","sticky":false,"template":"","format":"standard","meta":{"om_disable_all_campaigns":false,"_monsterinsights_skip_tracking":false,"_monsterinsights_sitenote_active":false,"_monsterinsights_sitenote_note":"","_monsterinsights_sitenote_category":0,"footnotes":""},"categories":[33],"tags":[],"class_list":["post-17967","post","type-post","status-publish","format-standard","has-post-thumbnail","hentry","category-piaui"],"jetpack_featured_media_url":"https:\/\/fatoelado.com\/wp-content\/uploads\/2026\/02\/FOTOS-BATALHA-1-10-1536x1024-1.jpg","_links":{"self":[{"href":"https:\/\/fatoelado.com\/index.php?rest_route=\/wp\/v2\/posts\/17967","targetHints":{"allow":["GET"]}}],"collection":[{"href":"https:\/\/fatoelado.com\/index.php?rest_route=\/wp\/v2\/posts"}],"about":[{"href":"https:\/\/fatoelado.com\/index.php?rest_route=\/wp\/v2\/types\/post"}],"author":[{"embeddable":true,"href":"https:\/\/fatoelado.com\/index.php?rest_route=\/wp\/v2\/users\/3"}],"replies":[{"embeddable":true,"href":"https:\/\/fatoelado.com\/index.php?rest_route=%2Fwp%2Fv2%2Fcomments&post=17967"}],"version-history":[{"count":1,"href":"https:\/\/fatoelado.com\/index.php?rest_route=\/wp\/v2\/posts\/17967\/revisions"}],"predecessor-version":[{"id":17970,"href":"https:\/\/fatoelado.com\/index.php?rest_route=\/wp\/v2\/posts\/17967\/revisions\/17970"}],"wp:featuredmedia":[{"embeddable":true,"href":"https:\/\/fatoelado.com\/index.php?rest_route=\/wp\/v2\/media\/17969"}],"wp:attachment":[{"href":"https:\/\/fatoelado.com\/index.php?rest_route=%2Fwp%2Fv2%2Fmedia&parent=17967"}],"wp:term":[{"taxonomy":"category","embeddable":true,"href":"https:\/\/fatoelado.com\/index.php?rest_route=%2Fwp%2Fv2%2Fcategories&post=17967"},{"taxonomy":"post_tag","embeddable":true,"href":"https:\/\/fatoelado.com\/index.php?rest_route=%2Fwp%2Fv2%2Ftags&post=17967"}],"curies":[{"name":"wp","href":"https:\/\/api.w.org\/{rel}","templated":true}]}}