{"id":17964,"date":"2026-02-24T12:05:32","date_gmt":"2026-02-24T15:05:32","guid":{"rendered":"https:\/\/fatoelado.com\/?p=17964"},"modified":"2026-02-24T12:05:32","modified_gmt":"2026-02-24T15:05:32","slug":"projeto-amei-realizara-mais-de-1-100-atendimentos-no-territorio-da-chapada-das-mangabeiras","status":"publish","type":"post","link":"https:\/\/fatoelado.com\/?p=17964","title":{"rendered":"Projeto Amei realizar\u00e1 mais de 1.100 atendimentos no territ\u00f3rio da Chapada das Mangabeiras"},"content":{"rendered":"<div class=\"elementor-element elementor-element-282adc7 elementor-widget elementor-widget-heading\" data-id=\"282adc7\" data-element_type=\"widget\" data-e-type=\"widget\" data-widget_type=\"heading.default\">\n<div class=\"elementor-widget-container\">\n<h2 class=\"elementor-heading-title elementor-size-default\" style=\"text-align: center;\">Os atendimentos no territ\u00f3rio ser\u00e3o divididos em dois momentos, beneficiando os munic\u00edpios de Bom Jesus e Corrente.<\/h2>\n<\/div>\n<\/div>\n<div class=\"elementor-element elementor-element-fe86f93 e-con-full e-flex e-con e-child\" data-id=\"fe86f93\" data-element_type=\"container\" data-e-type=\"container\">\n<div class=\"elementor-element elementor-element-4781e67 e-con-full e-flex e-con e-child\" data-id=\"4781e67\" data-element_type=\"container\" data-e-type=\"container\">\n<div id=\"decrease-font\" class=\"elementor-element elementor-element-b907b64 elementor-widget elementor-widget-button\" data-id=\"b907b64\" data-element_type=\"widget\" data-e-type=\"widget\" data-widget_type=\"button.default\">\n<div class=\"elementor-widget-container\">\n<div class=\"elementor-button-wrapper\"><\/div>\n<\/div>\n<\/div>\n<div id=\"increase-font\" class=\"elementor-element elementor-element-a6d49a7 elementor-widget elementor-widget-button\" data-id=\"a6d49a7\" data-element_type=\"widget\" data-e-type=\"widget\" data-widget_type=\"button.default\">\n<div class=\"elementor-widget-container\">\n<div class=\"elementor-button-wrapper\"><\/div>\n<\/div>\n<\/div>\n<\/div>\n<\/div>\n<div class=\"elementor-element elementor-element-e94e84e elementor-widget elementor-widget-html\" data-id=\"e94e84e\" data-element_type=\"widget\" data-e-type=\"widget\" data-widget_type=\"html.default\">\n<div class=\"elementor-widget-container\"><\/div>\n<\/div>\n<div id=\"div_conteudo\" class=\"elementor-element elementor-element-2b45a66 elementor-widget elementor-widget-theme-post-content\" data-id=\"2b45a66\" data-element_type=\"widget\" data-e-type=\"widget\" data-widget_type=\"theme-post-content.default\">\n<div class=\"elementor-widget-container\" style=\"text-align: left;\">\n<p>O projeto de Atendimento M\u00e9dico Especializado Itinerante (Amei) de rastreamento e diagn\u00f3stico precoce dos c\u00e2nceres de pele, pr\u00f3stata e colo do \u00fatero, da Secret\u00e1ria da Sa\u00fade (Sesapi), iniciar\u00e1 mais uma etapa de atendimentos. Desta vez a popula\u00e7\u00e3o beneficiada ser\u00e1 a residente dos 21 munic\u00edpios que comp\u00f5em o territ\u00f3rio da Chapada das Mangabeiras.<\/p>\n<p>Os atendimentos no territ\u00f3rio ser\u00e3o divididos em dois momentos, sendo iniciados nos dias 28 de fevereiro e 1\u00ba de mar\u00e7o, em Bom Jesus, e nos dias 3 e 4 de mar\u00e7o, em Corrente. Para o territ\u00f3rio est\u00e3o sendo disponibilizadas 1.130 vagas para atendimento ao longo dos quatro dias.<\/p>\n<p>No m\u00eas de mar\u00e7o tamb\u00e9m ser\u00e3o beneficiados os moradores de Campo Maior (dia 7), Parna\u00edba (dias 7 e 8),\u00a0 Amarante (dias 12 e 13), Paulistana (dia 20), Picos (dia 21), Piripiri (dias 24 e 25), Floriano (dias 27 e 28) e Teresina (dias 28 e 29).<\/p>\n<figure id=\"attachment_85270\" class=\"wp-caption alignnone\" aria-describedby=\"caption-attachment-85270\"><img loading=\"lazy\" decoding=\"async\" class=\"wp-image-85270 size-full\" src=\"https:\/\/www.pi.gov.br\/wp-content\/uploads\/2025\/09\/Projeto-Amei-tenda.jpg\" sizes=\"auto, (max-width: 1080px) 100vw, 1080px\" srcset=\"https:\/\/www.pi.gov.br\/wp-content\/uploads\/2025\/09\/Projeto-Amei-tenda.jpg 1080w, https:\/\/www.pi.gov.br\/wp-content\/uploads\/2025\/09\/Projeto-Amei-tenda-300x169.jpg 300w, https:\/\/www.pi.gov.br\/wp-content\/uploads\/2025\/09\/Projeto-Amei-tenda-1024x576.jpg 1024w, https:\/\/www.pi.gov.br\/wp-content\/uploads\/2025\/09\/Projeto-Amei-tenda-768x432.jpg 768w\" alt=\"\" width=\"1080\" height=\"607\" \/><figcaption id=\"caption-attachment-85270\" class=\"wp-caption-text\">Foto: Ascom Sesapi<\/figcaption><\/figure>\n<p>\u201c\u00c9 um projeto importante, pois ajuda diretamente no rastreio precoce de casos de c\u00e2ncer no nosso estado, indo at\u00e9 o munic\u00edpio e ofertando uma assist\u00eancia especializada de forma gratuita para a nossa popula\u00e7\u00e3o\u201d, destaca o diretor da Unidade de Descentraliza\u00e7\u00e3o e Organiza\u00e7\u00e3o Hospitalar (Dudoh) da Sesapi, Anderson Dantas.<\/p>\n<p>Al\u00e9m das consultas especializadas, o projeto tamb\u00e9m realiza exames, como bi\u00f3psias, garantindo acompanhamento gratuito ao paciente, desde a avalia\u00e7\u00e3o inicial at\u00e9 a entrega dos resultados.<\/p>\n<p>Para ter acesso ao servi\u00e7o a popula\u00e7\u00e3o precisa ser encaminhada pelas unidades b\u00e1sicas de sa\u00fade dos munic\u00edpios. \u201cPedimos que a popula\u00e7\u00e3o e os munic\u00edpios fiquem atentos \u00e0 programa\u00e7\u00e3o de atendimento, para que todos que precisem dessa assist\u00eancia especializada possam ter acesso ao servi\u00e7o\u201d, explica o secret\u00e1rio de estado da Sa\u00fade, Dirceu Camp\u00ealo.<\/p>\n<p><strong>Confira o cronograma dos pr\u00f3ximos atendimentos do Projeto Amei:<\/strong><\/p>\n<ul>\n<li><strong>Bom Jesus<\/strong><br \/>\nDias 28 de fevereiro e 1\u00ba de mar\u00e7o<br \/>\nLocal: Central de Diagn\u00f3stico Maria Inez Bajurd<\/li>\n<li><strong>Corrente<\/strong><br \/>\nDias 3 e 4 de Mar\u00e7o<br \/>\nLocal: Central de Diagn\u00f3stico<\/li>\n<li><strong>Campo Maior<\/strong><br \/>\nDia 7 de Mar\u00e7o<br \/>\nLocal: Hospital Regional de Campo Maior<\/li>\n<li><strong>Parna\u00edba<\/strong><br \/>\nDias 7 e 8 de Mar\u00e7o<br \/>\nLocal: Central de Diagn\u00f3stico<\/li>\n<li><strong>Amarante<\/strong><br \/>\nDias 12 e 13 de Mar\u00e7o<br \/>\nLocal: Hospital Dr. Francisco Ayres Cavalcante<\/li>\n<li><strong>Paulistana<\/strong><br \/>\nDia 20 de Mar\u00e7o<br \/>\nLocal: Central de Diagn\u00f3stico<\/li>\n<li><strong>Picos<\/strong><br \/>\nDia 21 de Mar\u00e7o<br \/>\nLocal: Central de Diagn\u00f3stico<\/li>\n<li><strong>Piripiri<\/strong><br \/>\nDias 24 e 25 de Mar\u00e7o<br \/>\nLocal: Hospital Regional Chagas Rodrigues<\/li>\n<li><strong>Floriano<\/strong><br \/>\nDias 27 e 28 de Mar\u00e7o<br \/>\nLocal : Medical Center<\/li>\n<li><strong>Teresina<\/strong><br \/>\nDias 28 e 29 de Mar\u00e7o<br \/>\nLocal: Hospital da Pol\u00edcia Militar (HPM)<\/li>\n<\/ul>\n<p>&nbsp;<\/p>\n<\/div>\n<p>Fonte: Portal pi.Gov.<br \/>\nConfira esta e outras mat\u00e9rias na \u00edntegra pelo link: https:\/\/www.pi.gov.br\/projeto-amei-realizara-mais-de-1000-atendimentos-no-territorio-da-chapada-das-mangabeiras\/<\/p>\n<\/div>\n","protected":false},"excerpt":{"rendered":"<p>Os atendimentos no territ\u00f3rio ser\u00e3o divididos em dois momentos, beneficiando os munic\u00edpios de Bom Jesus e Corrente. O projeto de Atendimento M\u00e9dico Especializado Itinerante (Amei) de rastreamento e diagn\u00f3stico precoce dos c\u00e2nceres de pele, pr\u00f3stata e colo do \u00fatero, da Secret\u00e1ria da Sa\u00fade (Sesapi), iniciar\u00e1 mais uma etapa de atendimentos. Desta vez a popula\u00e7\u00e3o beneficiada [&hellip;]<\/p>\n","protected":false},"author":3,"featured_media":17965,"comment_status":"open","ping_status":"open","sticky":false,"template":"","format":"standard","meta":{"om_disable_all_campaigns":false,"_monsterinsights_skip_tracking":false,"_monsterinsights_sitenote_active":false,"_monsterinsights_sitenote_note":"","_monsterinsights_sitenote_category":0,"footnotes":""},"categories":[33],"tags":[],"class_list":["post-17964","post","type-post","status-publish","format-standard","has-post-thumbnail","hentry","category-piaui"],"jetpack_featured_media_url":"https:\/\/fatoelado.com\/wp-content\/uploads\/2026\/02\/Projeto-Amei-tenda.jpg","_links":{"self":[{"href":"https:\/\/fatoelado.com\/index.php?rest_route=\/wp\/v2\/posts\/17964","targetHints":{"allow":["GET"]}}],"collection":[{"href":"https:\/\/fatoelado.com\/index.php?rest_route=\/wp\/v2\/posts"}],"about":[{"href":"https:\/\/fatoelado.com\/index.php?rest_route=\/wp\/v2\/types\/post"}],"author":[{"embeddable":true,"href":"https:\/\/fatoelado.com\/index.php?rest_route=\/wp\/v2\/users\/3"}],"replies":[{"embeddable":true,"href":"https:\/\/fatoelado.com\/index.php?rest_route=%2Fwp%2Fv2%2Fcomments&post=17964"}],"version-history":[{"count":1,"href":"https:\/\/fatoelado.com\/index.php?rest_route=\/wp\/v2\/posts\/17964\/revisions"}],"predecessor-version":[{"id":17966,"href":"https:\/\/fatoelado.com\/index.php?rest_route=\/wp\/v2\/posts\/17964\/revisions\/17966"}],"wp:featuredmedia":[{"embeddable":true,"href":"https:\/\/fatoelado.com\/index.php?rest_route=\/wp\/v2\/media\/17965"}],"wp:attachment":[{"href":"https:\/\/fatoelado.com\/index.php?rest_route=%2Fwp%2Fv2%2Fmedia&parent=17964"}],"wp:term":[{"taxonomy":"category","embeddable":true,"href":"https:\/\/fatoelado.com\/index.php?rest_route=%2Fwp%2Fv2%2Fcategories&post=17964"},{"taxonomy":"post_tag","embeddable":true,"href":"https:\/\/fatoelado.com\/index.php?rest_route=%2Fwp%2Fv2%2Ftags&post=17964"}],"curies":[{"name":"wp","href":"https:\/\/api.w.org\/{rel}","templated":true}]}}