{"id":17961,"date":"2026-02-24T12:02:59","date_gmt":"2026-02-24T15:02:59","guid":{"rendered":"https:\/\/fatoelado.com\/?p=17961"},"modified":"2026-02-24T12:02:59","modified_gmt":"2026-02-24T15:02:59","slug":"adapi-e-conselho-regional-de-medicina-veterinaria-firmam-acordo-de-cooperacao-tecnica-para-fortalecer-a-defesa-sanitaria-animal-no-piaui","status":"publish","type":"post","link":"https:\/\/fatoelado.com\/?p=17961","title":{"rendered":"Adapi e Conselho Regional de Medicina Veterin\u00e1ria firmam acordo de coopera\u00e7\u00e3o t\u00e9cnica para fortalecer a defesa sanit\u00e1ria animal no Piau\u00ed"},"content":{"rendered":"<h2 class=\"elementor-heading-title elementor-size-default\" style=\"text-align: center;\">O acordo tem como objetivo o compartilhamento de informa\u00e7\u00f5es e a realiza\u00e7\u00e3o de a\u00e7\u00f5es conjuntas entre as institui\u00e7\u00f5es.<\/h2>\n<p>&nbsp;<\/p>\n<p>A Secretaria da Assist\u00eancia T\u00e9cnica e Defesa Agropecu\u00e1ria (Sada) e a diretoria da Ag\u00eancia de Defesa Agropecu\u00e1ria do Piau\u00ed (Adapi) reuniram-se, nessa segunda-feira (23), com representantes do Conselho Regional de Medicina Veterin\u00e1ria do Piau\u00ed (CRMV-PI) para assinar um Acordo de Coopera\u00e7\u00e3o T\u00e9cnica entre as institui\u00e7\u00f5es. O objetivo \u00e9 o compartilhamento de informa\u00e7\u00f5es e a realiza\u00e7\u00e3o de a\u00e7\u00f5es conjuntas voltadas \u00e0 educa\u00e7\u00e3o sanit\u00e1ria, fiscaliza\u00e7\u00e3o em estabelecimentos, do tr\u00e2nsito de animais e orienta\u00e7\u00e3o aos produtores rurais.<\/p>\n<p>A iniciativa busca ainda ampliar a integra\u00e7\u00e3o entre os \u00f3rg\u00e3os, promovendo maior efici\u00eancia nas a\u00e7\u00f5es de preven\u00e7\u00e3o e controle de doen\u00e7as que acometem os rebanhos piauienses.<\/p>\n<p>A parceria tamb\u00e9m fortalece as cadeias produtivas dos principais rebanhos do Piau\u00ed, garantindo mais seguran\u00e7a sanit\u00e1ria e assegurando a oferta de produtos de origem animal inspecionados e certificados. Com a atua\u00e7\u00e3o conjunta, produtores e consumidores s\u00e3o beneficiados, j\u00e1 que a medida contribui diretamente para a melhoria da qualidade dos alimentos e para a promo\u00e7\u00e3o da sa\u00fade p\u00fablica e da sa\u00fade animal, sempre com aten\u00e7\u00e3o \u00e0 prote\u00e7\u00e3o do meio ambiente.<\/p>\n<figure id=\"attachment_117838\" class=\"wp-caption alignnone\" aria-describedby=\"caption-attachment-117838\"><img loading=\"lazy\" decoding=\"async\" class=\"wp-image-117838 size-full\" src=\"https:\/\/www.pi.gov.br\/wp-content\/uploads\/2026\/02\/WhatsApp-Image-2026-02-23-at-11.31.00-e1771945092720.jpeg\" sizes=\"auto, (max-width: 1600px) 100vw, 1600px\" srcset=\"https:\/\/www.pi.gov.br\/wp-content\/uploads\/2026\/02\/WhatsApp-Image-2026-02-23-at-11.31.00-e1771945092720.jpeg 1600w, https:\/\/www.pi.gov.br\/wp-content\/uploads\/2026\/02\/WhatsApp-Image-2026-02-23-at-11.31.00-e1771945092720-300x144.jpeg 300w, https:\/\/www.pi.gov.br\/wp-content\/uploads\/2026\/02\/WhatsApp-Image-2026-02-23-at-11.31.00-e1771945092720-1024x492.jpeg 1024w, https:\/\/www.pi.gov.br\/wp-content\/uploads\/2026\/02\/WhatsApp-Image-2026-02-23-at-11.31.00-e1771945092720-768x369.jpeg 768w, https:\/\/www.pi.gov.br\/wp-content\/uploads\/2026\/02\/WhatsApp-Image-2026-02-23-at-11.31.00-e1771945092720-1536x737.jpeg 1536w\" alt=\"\" width=\"1600\" height=\"768\" \/><figcaption id=\"caption-attachment-117838\" class=\"wp-caption-text\">Foto: Ascom Sada<\/figcaption><\/figure>\n<p>Outro ponto de destaque \u00e9 a import\u00e2ncia estrat\u00e9gica do acordo para a manuten\u00e7\u00e3o do status sanit\u00e1rio conquistado, recentemente pelo Piau\u00ed, junto \u00e0 Organiza\u00e7\u00e3o Mundial de Sa\u00fade Animal (OMSA\/WOAH), que reconheceu o estado como \u00e1rea Livre de Febre Aftosa sem Vacina\u00e7\u00e3o, em 2025. A coopera\u00e7\u00e3o interinstitucional refor\u00e7a as a\u00e7\u00f5es necess\u00e1rias para preservar esse reconhecimento internacional e manter o Piau\u00ed livre das principais doen\u00e7as que impactam os rebanhos.<\/p>\n<p>Al\u00e9m dos avan\u00e7os sanit\u00e1rios, a iniciativa contribui para o desenvolvimento econ\u00f4mico e social do Estado, ao estimular a gera\u00e7\u00e3o de emprego e renda no campo, fortalecer a economia rural e garantir produtos de origem animal com qualidade e selo de inspe\u00e7\u00e3o. A formaliza\u00e7\u00e3o do acordo representa, assim, um passo importante para consolidar uma defesa agropecu\u00e1ria cada vez mais integrada, eficiente e comprometida com o crescimento sustent\u00e1vel do Piau\u00ed.<\/p>\n<p>&nbsp;<\/p>\n<p>Fonte: Portal pi.Gov.<br \/>\nConfira esta e outras mat\u00e9rias na \u00edntegra pelo link: https:\/\/www.pi.gov.br\/adapi-e-crmv-pi-firmam-acordo-de-cooperacao-tecnica-para-fortalecer-a-defesa-sanitaria-animal-no-piaui\/<\/p>\n","protected":false},"excerpt":{"rendered":"<p>O acordo tem como objetivo o compartilhamento de informa\u00e7\u00f5es e a realiza\u00e7\u00e3o de a\u00e7\u00f5es conjuntas entre as institui\u00e7\u00f5es. &nbsp; A Secretaria da Assist\u00eancia T\u00e9cnica e Defesa Agropecu\u00e1ria (Sada) e a diretoria da Ag\u00eancia de Defesa Agropecu\u00e1ria do Piau\u00ed (Adapi) reuniram-se, nessa segunda-feira (23), com representantes do Conselho Regional de Medicina Veterin\u00e1ria do Piau\u00ed (CRMV-PI) para [&hellip;]<\/p>\n","protected":false},"author":3,"featured_media":17962,"comment_status":"open","ping_status":"open","sticky":false,"template":"","format":"standard","meta":{"om_disable_all_campaigns":false,"_monsterinsights_skip_tracking":false,"_monsterinsights_sitenote_active":false,"_monsterinsights_sitenote_note":"","_monsterinsights_sitenote_category":0,"footnotes":""},"categories":[33],"tags":[],"class_list":["post-17961","post","type-post","status-publish","format-standard","has-post-thumbnail","hentry","category-piaui"],"jetpack_featured_media_url":"https:\/\/fatoelado.com\/wp-content\/uploads\/2026\/02\/WhatsApp-Image-2026-02-23-at-11.31.00-e1771945092720.jpeg","_links":{"self":[{"href":"https:\/\/fatoelado.com\/index.php?rest_route=\/wp\/v2\/posts\/17961","targetHints":{"allow":["GET"]}}],"collection":[{"href":"https:\/\/fatoelado.com\/index.php?rest_route=\/wp\/v2\/posts"}],"about":[{"href":"https:\/\/fatoelado.com\/index.php?rest_route=\/wp\/v2\/types\/post"}],"author":[{"embeddable":true,"href":"https:\/\/fatoelado.com\/index.php?rest_route=\/wp\/v2\/users\/3"}],"replies":[{"embeddable":true,"href":"https:\/\/fatoelado.com\/index.php?rest_route=%2Fwp%2Fv2%2Fcomments&post=17961"}],"version-history":[{"count":1,"href":"https:\/\/fatoelado.com\/index.php?rest_route=\/wp\/v2\/posts\/17961\/revisions"}],"predecessor-version":[{"id":17963,"href":"https:\/\/fatoelado.com\/index.php?rest_route=\/wp\/v2\/posts\/17961\/revisions\/17963"}],"wp:featuredmedia":[{"embeddable":true,"href":"https:\/\/fatoelado.com\/index.php?rest_route=\/wp\/v2\/media\/17962"}],"wp:attachment":[{"href":"https:\/\/fatoelado.com\/index.php?rest_route=%2Fwp%2Fv2%2Fmedia&parent=17961"}],"wp:term":[{"taxonomy":"category","embeddable":true,"href":"https:\/\/fatoelado.com\/index.php?rest_route=%2Fwp%2Fv2%2Fcategories&post=17961"},{"taxonomy":"post_tag","embeddable":true,"href":"https:\/\/fatoelado.com\/index.php?rest_route=%2Fwp%2Fv2%2Ftags&post=17961"}],"curies":[{"name":"wp","href":"https:\/\/api.w.org\/{rel}","templated":true}]}}