{"id":17949,"date":"2026-02-24T11:57:58","date_gmt":"2026-02-24T14:57:58","guid":{"rendered":"https:\/\/fatoelado.com\/?p=17949"},"modified":"2026-02-24T11:57:58","modified_gmt":"2026-02-24T14:57:58","slug":"caso-marielle-primeira-turma-do-stf-julga-acusados-de-mandar-matar-vereadora","status":"publish","type":"post","link":"https:\/\/fatoelado.com\/?p=17949","title":{"rendered":"Caso Marielle: Primeira Turma do STF julga acusados de mandar matar vereadora"},"content":{"rendered":"<h2 class=\"article-subtitle\" style=\"text-align: center;\">Ministros v\u00e3o analisar a acusa\u00e7\u00e3o contra cinco r\u00e9us em sess\u00f5es de julgamento marcadas para ter\u00e7a (24) e quarta-feira (25).<\/h2>\n<p>&nbsp;<\/p>\n<div class=\"article-image-featured\" style=\"text-align: center;\"><img decoding=\"async\" class=\"i-amphtml-fill-content i-amphtml-replaced-content aligncenter\" src=\"https:\/\/www.meionews.com\/uploads\/imagens\/2026\/2\/24\/alexandre-de-moraes--4338631dd7c1fab9.jpg\" alt=\"Alexandre de Moraes | Andressa Anholete\/SCO\/STF\" data-amp-loading=\"lazy\" \/><small>Alexandre de Moraes | Foto: Andressa Anholete\/SCO\/STF<\/small><\/div>\n<div class=\"g-news\"><\/div>\n<div class=\"article-html\">\n<div class=\"article-html-more\">\n<p>A Primeira Turma do STF come\u00e7a a julgar, na ter\u00e7a-feira (24), o processo penal contra os acusados de mandar matar a vereadora\u00a0<strong data-end=\"278\" data-start=\"259\">Marielle Franco<\/strong>. No atentado, ocorrido em mar\u00e7o de 2018, no\u00a0<strong data-end=\"364\" data-start=\"323\">Rio de Janeiro<\/strong>, tamb\u00e9m foi assassinado o motorista\u00a0<strong data-end=\"442\" data-start=\"401\">Anderson Gomes<\/strong>.<\/p>\n<h3 data-end=\"471\" data-section-id=\"kwlzsd\" data-start=\"445\">Sess\u00f5es presenciais<\/h3>\n<p>O julgamento ser\u00e1 realizado na sala da Primeira Turma do STF, em tr\u00eas sess\u00f5es:<\/p>\n<ul data-start=\"553\">\n<li data-section-id=\"1xmc0uj\" data-start=\"553\">ter\u00e7a-feira (24), \u00e0s 9h;<\/li>\n<li data-section-id=\"i0p7uf\" data-start=\"582\">ter\u00e7a-feira (24), \u00e0s 14h;<\/li>\n<li data-section-id=\"1362baw\" data-start=\"612\">quarta-feira (25), \u00e0s 9h.<\/li>\n<\/ul>\n<h2 data-end=\"669\" data-section-id=\"1ac4wc7\" data-start=\"646\"><strong data-end=\"669\" data-start=\"649\">Quem s\u00e3o os r\u00e9us<\/strong><\/h2>\n<p>Respondem ao processo:<\/p>\n<ul data-start=\"695\">\n<li data-section-id=\"n6cu6x\" data-start=\"695\"><strong data-end=\"738\">Domingos Braz\u00e3o<\/strong>, conselheiro do Tribunal de Contas do Estado do Rio de Janeiro (TCE-RJ);<\/li>\n<li data-section-id=\"m9sxa0\" data-start=\"814\"><strong data-end=\"857\">Francisco Braz\u00e3o<\/strong>, conhecido como Chiquinho Braz\u00e3o, ex-deputado federal;<\/li>\n<li data-section-id=\"ro9c1o\" data-start=\"915\"><strong data-end=\"958\">Rivaldo Barbosa<\/strong>, delegado e ex-chefe da Pol\u00edcia Civil do Rio de Janeiro;<\/li>\n<li data-section-id=\"13hfj4f\" data-start=\"1018\"><strong data-end=\"1061\">Ronald Paulo de Alves Pereira<\/strong>, ex-policial;<\/li>\n<li data-section-id=\"139f0ry\" data-start=\"1078\"><strong data-end=\"1121\">Robson Calixto Fonseca<\/strong>, ex-assessor de Domingos Braz\u00e3o, conhecido como \u201cPeixe\u201d.<\/li>\n<\/ul>\n<p>Eles respondem por homic\u00eddio qualificado pelas mortes de Marielle e Anderson e por tentativa de homic\u00eddio contra a assessora Fernanda Chaves. Os irm\u00e3os Braz\u00e3o e Robson Fonseca tamb\u00e9m s\u00e3o acusados de organiza\u00e7\u00e3o criminosa.<\/p>\n<h2 data-end=\"1486\" data-section-id=\"ua3dtu\" data-start=\"1449\"><strong data-end=\"1486\" data-start=\"1452\">Como ser\u00e1 o rito do julgamento<\/strong><\/h2>\n<p>O julgamento seguir\u00e1 o Regimento Interno da Corte:<\/p>\n<ol data-start=\"1540\">\n<li data-section-id=\"1wqnph0\" data-start=\"1540\">O relator, ministro\u00a0<strong data-end=\"1606\" data-start=\"1563\">Alexandre de Moraes<\/strong>, apresenta o relat\u00f3rio do caso.<\/li>\n<li data-section-id=\"d7m5bm\" data-start=\"1641\">A acusa\u00e7\u00e3o ter\u00e1, em regra, uma hora para sustenta\u00e7\u00e3o oral (prazo que pode ser alterado).<\/li>\n<li data-section-id=\"33i5dp\" data-start=\"1735\">As defesas tamb\u00e9m ter\u00e3o uma hora para exposi\u00e7\u00e3o dos argumentos.<\/li>\n<li data-section-id=\"173c52u\" data-start=\"1804\">Encerrados os debates, os ministros proferem seus votos.<\/li>\n<li data-section-id=\"zyh87r\" data-start=\"1866\">A decis\u00e3o ser\u00e1 tomada por maioria simples \u2014 ao menos tr\u00eas dos cinco ministros.<\/li>\n<\/ol>\n<h2 data-end=\"1989\" data-section-id=\"1e0a0dr\" data-start=\"1954\"><strong data-end=\"1989\" data-start=\"1957\">Quem comp\u00f5e a Primeira Turma<\/strong><\/h2>\n<p>O colegiado \u00e9 formado por:<\/p>\n<ul data-start=\"2019\">\n<li data-section-id=\"vn60cb\" data-start=\"2019\"><strong data-end=\"2064\">Fl\u00e1vio Dino<\/strong>, presidente da Turma;<\/li>\n<li data-section-id=\"129l1da\" data-start=\"2089\"><strong data-end=\"2134\">C\u00e1rmen L\u00facia<\/strong>;<\/li>\n<li data-section-id=\"1k94akr\" data-start=\"2138\"><strong data-end=\"2163\">Alexandre de Moraes<\/strong>\u00a0(relator);<\/li>\n<li data-section-id=\"c4u2wr\" data-start=\"2177\"><strong data-end=\"2222\">Cristiano Zanin<\/strong>.<\/li>\n<\/ul>\n<h2 data-end=\"2256\" data-section-id=\"zs0go\" data-start=\"2230\"><strong data-end=\"2256\" data-start=\"2233\">Poss\u00edveis desfechos<\/strong><\/h2>\n<p>Os ministros poder\u00e3o:<\/p>\n<ul data-start=\"2281\">\n<li data-section-id=\"19q94wt\" data-start=\"2281\">\u27a1\ufe0f\u00a0<strong data-end=\"2306\" data-start=\"2286\">Condenar os r\u00e9us<\/strong>, fixando as penas de acordo com o grau de participa\u00e7\u00e3o e culpa;<\/li>\n<li data-section-id=\"edh9qr\" data-start=\"2373\">\u27a1\ufe0f\u00a0<strong data-end=\"2390\" data-start=\"2378\">Absolver<\/strong>, o que levaria ao arquivamento do caso.<\/li>\n<\/ul>\n<p>Em qualquer cen\u00e1rio, cabem recursos no pr\u00f3prio STF. O julgamento representa uma das etapas mais importantes do caso que marcou a pol\u00edtica e a seguran\u00e7a p\u00fablica no Brasil nos \u00faltimos anos.<\/p>\n<p class=\"ads\">\n<div class=\"article-share_buttons2 article-share\">\n<div class=\"share_buttons\">\n<div class=\"buttons\">\n<p>Fonte: Portal MeioNews.<br \/>\nConfira esta e outras mat\u00e9rias na \u00edntegra pelo link: https:\/\/www.meionews.com\/politica\/caso-marielle-primeira-turma-do-stf-julga-acusados-de-mandar-matar-vereadora-556210<\/p>\n<\/div>\n<\/div>\n<\/div>\n<\/div>\n<\/div>\n","protected":false},"excerpt":{"rendered":"<p>Ministros v\u00e3o analisar a acusa\u00e7\u00e3o contra cinco r\u00e9us em sess\u00f5es de julgamento marcadas para ter\u00e7a (24) e quarta-feira (25). &nbsp; Alexandre de Moraes | Foto: Andressa Anholete\/SCO\/STF A Primeira Turma do STF come\u00e7a a julgar, na ter\u00e7a-feira (24), o processo penal contra os acusados de mandar matar a vereadora\u00a0Marielle Franco. No atentado, ocorrido em mar\u00e7o [&hellip;]<\/p>\n","protected":false},"author":3,"featured_media":17950,"comment_status":"open","ping_status":"open","sticky":false,"template":"","format":"standard","meta":{"om_disable_all_campaigns":false,"_monsterinsights_skip_tracking":false,"_monsterinsights_sitenote_active":false,"_monsterinsights_sitenote_note":"","_monsterinsights_sitenote_category":0,"footnotes":""},"categories":[47],"tags":[],"class_list":["post-17949","post","type-post","status-publish","format-standard","has-post-thumbnail","hentry","category-nacionais"],"jetpack_featured_media_url":"https:\/\/fatoelado.com\/wp-content\/uploads\/2026\/02\/alexandre-de-moraes-4338631dd7c1fab9.webp","_links":{"self":[{"href":"https:\/\/fatoelado.com\/index.php?rest_route=\/wp\/v2\/posts\/17949","targetHints":{"allow":["GET"]}}],"collection":[{"href":"https:\/\/fatoelado.com\/index.php?rest_route=\/wp\/v2\/posts"}],"about":[{"href":"https:\/\/fatoelado.com\/index.php?rest_route=\/wp\/v2\/types\/post"}],"author":[{"embeddable":true,"href":"https:\/\/fatoelado.com\/index.php?rest_route=\/wp\/v2\/users\/3"}],"replies":[{"embeddable":true,"href":"https:\/\/fatoelado.com\/index.php?rest_route=%2Fwp%2Fv2%2Fcomments&post=17949"}],"version-history":[{"count":1,"href":"https:\/\/fatoelado.com\/index.php?rest_route=\/wp\/v2\/posts\/17949\/revisions"}],"predecessor-version":[{"id":17951,"href":"https:\/\/fatoelado.com\/index.php?rest_route=\/wp\/v2\/posts\/17949\/revisions\/17951"}],"wp:featuredmedia":[{"embeddable":true,"href":"https:\/\/fatoelado.com\/index.php?rest_route=\/wp\/v2\/media\/17950"}],"wp:attachment":[{"href":"https:\/\/fatoelado.com\/index.php?rest_route=%2Fwp%2Fv2%2Fmedia&parent=17949"}],"wp:term":[{"taxonomy":"category","embeddable":true,"href":"https:\/\/fatoelado.com\/index.php?rest_route=%2Fwp%2Fv2%2Fcategories&post=17949"},{"taxonomy":"post_tag","embeddable":true,"href":"https:\/\/fatoelado.com\/index.php?rest_route=%2Fwp%2Fv2%2Ftags&post=17949"}],"curies":[{"name":"wp","href":"https:\/\/api.w.org\/{rel}","templated":true}]}}