{"id":17946,"date":"2026-02-24T11:56:49","date_gmt":"2026-02-24T14:56:49","guid":{"rendered":"https:\/\/fatoelado.com\/?p=17946"},"modified":"2026-02-24T11:56:49","modified_gmt":"2026-02-24T14:56:49","slug":"fies-2026-prazo-para-aluno-complementar-inscricao-termina-nesta-terca-feira","status":"publish","type":"post","link":"https:\/\/fatoelado.com\/?p=17946","title":{"rendered":"Fies 2026: prazo para aluno complementar inscri\u00e7\u00e3o termina nesta ter\u00e7a-feira"},"content":{"rendered":"<h2 class=\"article-subtitle\" style=\"text-align: center;\">Pr\u00e9-selecionados devem acessar site do FiesSele\u00e7\u00e3o e informar dados<\/h2>\n<p>&nbsp;<\/p>\n<div class=\"article-image-featured\"><img decoding=\"async\" class=\"i-amphtml-fill-content i-amphtml-replaced-content aligncenter\" src=\"https:\/\/www.meionews.com\/uploads\/imagens\/2026\/2\/24\/fundo-de-financiamento-estudantil-fies-2026--acad411c325edac4.jpg\" alt=\"Fundo de Financiamento Estudantil (Fies) 2026 | Ag\u00eancia Brasil\" data-amp-loading=\"lazy\" \/><small><\/small><\/div>\n<div class=\"article-html\">\n<div class=\"article-html-more\">\n<p>Os\u00a0<strong>estudantes pr\u00e9-selecionados na chamada \u00fanica do Fundo de Financiamento Estudantil (Fies) 2026<\/strong> devem complementar, at\u00e9 esta ter\u00e7a-feira (24), as informa\u00e7\u00f5es prestadas no momento da inscri\u00e7\u00e3o para seguir no processo de contrata\u00e7\u00e3o do financiamento. O prazo se encerra \u00e0s 23 horas e 59 minutos, no hor\u00e1rio de Bras\u00edlia.<\/p>\n<p>Os pr\u00e9-selecionados devem acessar o\u00a0<em>site\u00a0<\/em>do\u00a0<a href=\"https:\/\/acessounico.mec.gov.br\/fies\" target=\"_blank\" rel=\"noopener\"><strong>FiesSele\u00e7\u00e3o<\/strong><\/a>, com a senha da plataforma Gov.br para complementar o cadastro.\u00a0<strong>O Fies concede financiamento a estudantes de baixa renda em cursos de gradua\u00e7\u00e3o, nas institui\u00e7\u00f5es privadas de ensino superior privadas.<\/strong><\/p>\n<h2>Chamada \u00fanica<\/h2>\n<p>O estudante pode conferir se foi pr\u00e9-selecionado da chamada \u00fanica do Fies referente ao primeiro semestre de 2026 diretamente no\u00a0<a href=\"https:\/\/acessounico.mec.gov.br\/fies\" target=\"_blank\" rel=\"noopener\"><strong>Portal \u00danico de Acesso ao Ensino Superior<\/strong><\/a>, na aba do Fies. O resultado foi divulgado pelo Minist\u00e9rio da Educa\u00e7\u00e3o (MEC), \u00a0nesta quinta-feira (19).<\/p>\n<h2>Informa\u00e7\u00f5es complementares<\/h2>\n<p>As informa\u00e7\u00f5es adicionais, que n\u00e3o foram solicitadas na inscri\u00e7\u00e3o inicial, dizem respeito, por exemplo, \u00e0 confirma\u00e7\u00e3o do endere\u00e7o e contatos de\u00a0<em>e-mail\/<\/em>telefone, o detalhamento do grupo familiar; a informa\u00e7\u00e3o do semestre de ingresso na faculdade; percentual do financiamento estudantil; escolha do banco onde deseja formalizar o contrato de financiamento; valor da mensalidade para auxiliar o c\u00e1lculo do financiamento, etc.<\/p>\n<p><a href=\"https:\/\/www.gov.br\/mec\/pt-br\/fies\/arquivos\/2026\/edital_n_3_21012026.pdf\" target=\"_blank\" rel=\"noopener\"><strong>De acordo com o edital do Fies 2026<\/strong><\/a>\u00a0a partir desta sexta-feira, o pr\u00e9-selecionado \u00e0 vaga do Fies Social tamb\u00e9m poder\u00e1 solicitar a contrata\u00e7\u00e3o de financiamento integral, com a cobertura de at\u00e9 100% dos encargos educacionais cobrados pela faculdade privada.<\/p>\n<p><strong>O Fies Social beneficia estudantes com renda familiar por pessoa de at\u00e9 meio sal\u00e1rio m\u00ednimo (R$ 810,50, em 2026) e com inscri\u00e7\u00e3o ativa no Cadastro \u00danico de Programas Sociais do governo federal (Cad\u00danico).<\/strong><\/p>\n<h2>Oferta de vagas<\/h2>\n<p>Neste primeiro semestre, o processo seletivo ofertou 67.301 vagas em 1.421 universidades, faculdades e centros universit\u00e1rios privados para 19.834 cursos.\u00a0<strong>Em todo o ano de 2026, o n\u00famero de vagas do Fies ofertadas ser\u00e1 de 112.168.<\/strong><\/p>\n<p><strong>O programa ainda oferece reserva de vagas a candidatos autodeclarados negros (pretos e pardos), ind\u00edgenas, quilombolas e pessoas com defici\u00eancia (PCD).\u00a0<\/strong>Desde 2024, o programa reserva de 50% das vagas para o Fies Social para estudantes com renda familiar de at\u00e9 meio sal\u00e1rio m\u00ednimo (R$ 810,50, em 2026), inscritos no Cadastro \u00danico para Programas Sociais do governo federal (Cad\u00danico).<\/p>\n<h2>Etapas<\/h2>\n<p>Ap\u00f3s o per\u00edodo de complementa\u00e7\u00e3o\u00a0<em>online<\/em>\u00a0das informa\u00e7\u00f5es da inscri\u00e7\u00e3o at\u00e9 esta ter\u00e7a-feira, na segunda etapa, os estudantes dever\u00e3o comprovar as informa\u00e7\u00f5es declaradas no ato da inscri\u00e7\u00e3o, em at\u00e9 cinco dias \u00fateis, diretamente na institui\u00e7\u00e3o privada de ensino superior em que foram pr\u00e9-selecionados.<\/p>\n<p>A entrega poder\u00e1 ser presencial na sala da Comiss\u00e3o Permanente de Supervis\u00e3o e Acompanhamento (CPSA) da faculdade privada ou no formato digital, conforme escolha da na institui\u00e7\u00e3o de ensino.<\/p>\n<p>No caso do pr\u00e9-selecionado na vaga Fies Social, com renda familiar por pessoa de at\u00e9 meio sal\u00e1rio m\u00ednimo inscrito no Cad\u00danico, este ficar\u00e1 dispensado da comprova\u00e7\u00e3o da renda familiar. O estudante da vaga reservada ao Fies Social deve comparecer \u00e0 Comiss\u00e3o apenas para valida\u00e7\u00e3o das demais informa\u00e7\u00f5es.<\/p>\n<h2>Inscri\u00e7\u00f5es<\/h2>\n<p>No in\u00edcio de fevereiro, cada candidato conseguiu se inscrever em at\u00e9 tr\u00eas op\u00e7\u00f5es de curso superior, neste processo de sele\u00e7\u00e3o.\u00a0<strong>Ao todo, o Minist\u00e9rio da Educa\u00e7\u00e3o registrou 210.108 pessoas interessadas que fizeram 528.175 inscri\u00e7\u00f5es.\u00a0<\/strong><strong>Especificamente para o Fies Social, o total de inscritos nas vagas ofertadas foi 52.930 candidatos.<\/strong><\/p>\n<h2>Lista de espera<\/h2>\n<p>As vagas eventualmente n\u00e3o ocupadas nesta primeira edi\u00e7\u00e3o do ano do Fies ser\u00e3o ofertadas na edi\u00e7\u00e3o do segundo semestre.<\/p>\n<p><a href=\"https:\/\/www.gov.br\/mec\/pt-br\/fies\/arquivos\/2026\/edital_n_3_21012026.pdf\" target=\"_blank\" rel=\"noopener\"><strong>De acordo com edital<\/strong><\/a>\u00a0(n\u00ba 3\/2026) que determina as regras do Fies 2026, os estudantes que n\u00e3o forem pr\u00e9-selecionados na chamada \u00fanica estar\u00e3o automaticamente na lista de espera para preenchimento das vagas n\u00e3o ocupadas, observada a ordem de classifica\u00e7\u00e3o.<\/p>\n<p>Quem estiver na lista de espera do Fies dever\u00e1 acompanhar o resultado de eventual pr\u00e9-sele\u00e7\u00e3o no\u00a0<em>site\u00a0<\/em>do\u00a0<a href=\"https:\/\/acessounico.mec.gov.br\/fies\" target=\"_blank\" rel=\"noopener\"><strong>FiesSele\u00e7\u00e3o<\/strong><\/a>.\u00a0<strong>A nova convoca\u00e7\u00e3o, a da lista de espera, ocorrer\u00e1 de 26 de fevereiro a 10 de abril.<\/strong><\/p>\n<p><em>(Com informa\u00e7\u00f5es da Ag\u00eancia Brasil)<\/em><\/p>\n<p class=\"ads\">\n<div class=\"article-share_buttons2 article-share\">\n<div class=\"share_buttons\">\n<div class=\"buttons\">\n<p>Fonte: Portal MeioNews.<br \/>\nConfira esta e outras mat\u00e9rias na \u00edntegra pelo link: https:\/\/www.meionews.com\/noticias\/fies-2026-prazo-para-aluno-complementar-inscricao-termina-nesta-terca-feira-556209<\/p>\n<\/div>\n<\/div>\n<\/div>\n<\/div>\n<\/div>\n","protected":false},"excerpt":{"rendered":"<p>Pr\u00e9-selecionados devem acessar site do FiesSele\u00e7\u00e3o e informar dados &nbsp; Os\u00a0estudantes pr\u00e9-selecionados na chamada \u00fanica do Fundo de Financiamento Estudantil (Fies) 2026 devem complementar, at\u00e9 esta ter\u00e7a-feira (24), as informa\u00e7\u00f5es prestadas no momento da inscri\u00e7\u00e3o para seguir no processo de contrata\u00e7\u00e3o do financiamento. O prazo se encerra \u00e0s 23 horas e 59 minutos, no hor\u00e1rio [&hellip;]<\/p>\n","protected":false},"author":3,"featured_media":17947,"comment_status":"open","ping_status":"open","sticky":false,"template":"","format":"standard","meta":{"om_disable_all_campaigns":false,"_monsterinsights_skip_tracking":false,"_monsterinsights_sitenote_active":false,"_monsterinsights_sitenote_note":"","_monsterinsights_sitenote_category":0,"footnotes":""},"categories":[47],"tags":[],"class_list":["post-17946","post","type-post","status-publish","format-standard","has-post-thumbnail","hentry","category-nacionais"],"jetpack_featured_media_url":"https:\/\/fatoelado.com\/wp-content\/uploads\/2026\/02\/fundo-de-financiamento-estudantil-fies-2026-acad411c325edac4.jpg","_links":{"self":[{"href":"https:\/\/fatoelado.com\/index.php?rest_route=\/wp\/v2\/posts\/17946","targetHints":{"allow":["GET"]}}],"collection":[{"href":"https:\/\/fatoelado.com\/index.php?rest_route=\/wp\/v2\/posts"}],"about":[{"href":"https:\/\/fatoelado.com\/index.php?rest_route=\/wp\/v2\/types\/post"}],"author":[{"embeddable":true,"href":"https:\/\/fatoelado.com\/index.php?rest_route=\/wp\/v2\/users\/3"}],"replies":[{"embeddable":true,"href":"https:\/\/fatoelado.com\/index.php?rest_route=%2Fwp%2Fv2%2Fcomments&post=17946"}],"version-history":[{"count":1,"href":"https:\/\/fatoelado.com\/index.php?rest_route=\/wp\/v2\/posts\/17946\/revisions"}],"predecessor-version":[{"id":17948,"href":"https:\/\/fatoelado.com\/index.php?rest_route=\/wp\/v2\/posts\/17946\/revisions\/17948"}],"wp:featuredmedia":[{"embeddable":true,"href":"https:\/\/fatoelado.com\/index.php?rest_route=\/wp\/v2\/media\/17947"}],"wp:attachment":[{"href":"https:\/\/fatoelado.com\/index.php?rest_route=%2Fwp%2Fv2%2Fmedia&parent=17946"}],"wp:term":[{"taxonomy":"category","embeddable":true,"href":"https:\/\/fatoelado.com\/index.php?rest_route=%2Fwp%2Fv2%2Fcategories&post=17946"},{"taxonomy":"post_tag","embeddable":true,"href":"https:\/\/fatoelado.com\/index.php?rest_route=%2Fwp%2Fv2%2Ftags&post=17946"}],"curies":[{"name":"wp","href":"https:\/\/api.w.org\/{rel}","templated":true}]}}