{"id":17943,"date":"2026-02-24T11:55:03","date_gmt":"2026-02-24T14:55:03","guid":{"rendered":"https:\/\/fatoelado.com\/?p=17943"},"modified":"2026-02-24T11:55:03","modified_gmt":"2026-02-24T14:55:03","slug":"temporais-deixam-16-mortos-e-mais-de-40-desaparecidos-em-cidades-de-minas-gerais","status":"publish","type":"post","link":"https:\/\/fatoelado.com\/?p=17943","title":{"rendered":"Temporais deixam 16 mortos e mais de 40 desaparecidos em cidades de Minas Gerais"},"content":{"rendered":"<h2 class=\"article-subtitle\" style=\"text-align: center;\">Forte tempestade durante a madrugada deixou rastro de destrui\u00e7\u00e3o na cidade; h\u00e1 relatos de pessoas soterradas e ilhadas<\/h2>\n<p>&nbsp;<\/p>\n<div class=\"article-image-featured\" style=\"text-align: center;\"><img decoding=\"async\" class=\"i-amphtml-fill-content i-amphtml-replaced-content aligncenter\" src=\"https:\/\/www.meionews.com\/uploads\/imagens\/2026\/2\/24\/temporal-deixa-ao-menos-14-mortos-em-juiz-de-fora--c2fd4380e5f48e16.jpg\" alt=\"Temporal deixa ao menos 16 mortos em Juiz de Fora | Reprodu\u00e7\u00e3o\" data-amp-loading=\"lazy\" \/><small>Temporal deixa ao menos 16 mortos em Juiz de Fora | Foto: Reprodu\u00e7\u00e3o<\/small><\/div>\n<div class=\"g-news\"><\/div>\n<div class=\"article-html\">\n<div class=\"article-html-more\">\n<p>As fortes chuvas que atingem Juiz de Fora, na Zona da Mata de\u00a0<strong data-end=\"195\" data-start=\"154\">Minas Gerais<\/strong>, j\u00e1 deixaram\u00a0<strong data-end=\"249\" data-start=\"209\">16 mortos e 440 pessoas desabrigadas<\/strong>. Na madrugada desta ter\u00e7a-feira (24), o munic\u00edpio decretou\u00a0<strong data-end=\"341\" data-start=\"309\">estado de calamidade p\u00fablica<\/strong>, e as aulas foram suspensas em toda a rede municipal.<\/p>\n<p>O Corpo de Bombeiros Militar de Minas Gerais realiza buscas por ao menos 45 desaparecidos, enquanto equipes seguem atuando em \u00e1reas atingidas por deslizamentos, alagamentos e desabamentos.<\/p>\n<p>Segundo a prefeitura, fevereiro j\u00e1 \u00e9 o m\u00eas mais chuvoso da hist\u00f3ria da cidade, com 584 mil\u00edmetros acumulados \u2014 volume cerca de duas vezes maior que o esperado para o per\u00edodo.<\/p>\n<h2 data-end=\"835\" data-section-id=\"zhzci4\" data-start=\"775\">Mortes tamb\u00e9m em Ub\u00e1<\/h2>\n<p>Em Ub\u00e1, tamb\u00e9m na Zona da Mata mineira,\u00a0<strong data-end=\"902\" data-start=\"877\">duas pessoas morreram<\/strong>\u00a0em decorr\u00eancia das chuvas, conforme informou a Pol\u00edcia Militar. Na cidade, um rio transbordou na noite de segunda-feira (23), e a Avenida Beira Rio ficou completamente tomada pela \u00e1gua.<\/p>\n<h2 data-end=\"1124\" data-section-id=\"lght03\" data-start=\"1096\">Previs\u00e3o de mais chuva<\/h2>\n<p>O temporal come\u00e7ou no fim da tarde de segunda-feira (23) e h\u00e1 previs\u00e3o de continuidade das chuvas. Juiz de Fora est\u00e1 localizada em uma regi\u00e3o de relevo acidentado, com muitos morros, vales e encostas, pr\u00f3xima \u00e0 divisa com o\u00a0<strong data-end=\"1391\" data-start=\"1350\">Rio de Janeiro<\/strong>, o que aumenta o risco de novos deslizamentos.<\/p>\n<p>As autoridades seguem monitorando as \u00e1reas de risco e orientam a popula\u00e7\u00e3o a evitar locais alagados e encostas inst\u00e1veis.<\/p>\n<p>&nbsp;<\/p>\n<div class=\"dimg\"><img decoding=\"async\" class=\"i-amphtml-intrinsic-sizer\" role=\"presentation\" src=\"data:;base64,<svg height=\"675px\" width=\"1200px\" xmlns=\"http:\/\/www.w3.org\/2000\/svg\" version=\"1.1\"\/>&#8221; alt=&#8221;&#8221; aria-hidden=&#8221;true&#8221; \/><img decoding=\"async\" class=\"i-amphtml-fill-content i-amphtml-replaced-content\" src=\"https:\/\/www.meionews.com\/uploads\/imagens\/2026\/2\/24\/temporal-deixa-ao-menos-14-mortos-em-juiz-de-fora-no-interior-de-minas-gerais--72d004aa4cf2a19f.jpg\" alt=\"Foto: Prefeitura Juiz de Fora em Alerta\/X\" data-amp-loading=\"lazy\" \/><\/div>\n<p><span class=\"fr-inner\">Foto: Prefeitura Juiz de Fora em Alerta\/X<\/span><\/p>\n<h2 data-end=\"1062\" data-section-id=\"xmgczd\" data-start=\"1032\">Volume recorde de chuva<\/h2>\n<p>A prefeitura decretou\u00a0<strong data-end=\"1118\" data-start=\"1086\">Estado de Calamidade P\u00fablica<\/strong>\u00a0ap\u00f3s a tempestade registrar\u00a0<strong data-end=\"1209\" data-start=\"1147\">584 mil\u00edmetros de chuva entre os dias 22 e 24 de fevereiro<\/strong>. Segundo a administra\u00e7\u00e3o municipal, fevereiro j\u00e1 \u00e9 o m\u00eas mais chuvoso da hist\u00f3ria da cidade, com volume\u00a0<strong data-end=\"1358\" data-start=\"1315\">quatro vezes superior \u00e0 m\u00e9dia hist\u00f3rica<\/strong>\u00a0para o per\u00edodo.<\/p>\n<h2 data-end=\"1405\" data-section-id=\"oiqxv3\" data-start=\"1381\">Impactos na cidade<\/h2>\n<p>O alto volume de \u00e1gua provocou:<\/p>\n<ul>\n<li data-section-id=\"ap17yj\">alagamentos generalizados;<\/li>\n<li data-section-id=\"1v4vlup\" data-start=\"1471\">transbordamento de c\u00f3rregos;<\/li>\n<li data-section-id=\"e3l3a8\" data-start=\"1504\">deslizamentos de terra;<\/li>\n<li data-section-id=\"i5xlf6\" data-start=\"1532\">desabamentos de im\u00f3veis;<\/li>\n<li data-section-id=\"1selads\" data-start=\"1561\">pelo menos 20 soterramentos, principalmente na regi\u00e3o sudeste do munic\u00edpio.<\/li>\n<\/ul>\n<p>Moradores ficaram ilhados e precisaram ser retirados de casa por risco de vida. As aulas foram suspensas em toda a cidade nesta ter\u00e7a-feira. As equipes do Corpo de Bombeiros seguem nas opera\u00e7\u00f5es de busca, resgate e atendimento \u00e0s v\u00edtimas, enquanto a Defesa Civil monitora \u00e1reas com risco de novos deslizamentos.<\/p>\n<p class=\"ads\">Fonte: Portal MeioNews.<br \/>\nConfira esta e outras mat\u00e9rias na \u00edntegra pelo link: https:\/\/www.meionews.com\/noticias\/temporais-deixam-16-mortos-e-mais-de-40-desaparecidos-em-cidades-de-minas-gerais-556215<\/p>\n<\/div>\n<\/div>\n","protected":false},"excerpt":{"rendered":"<p>Forte tempestade durante a madrugada deixou rastro de destrui\u00e7\u00e3o na cidade; h\u00e1 relatos de pessoas soterradas e ilhadas &nbsp; Temporal deixa ao menos 16 mortos em Juiz de Fora | Foto: Reprodu\u00e7\u00e3o As fortes chuvas que atingem Juiz de Fora, na Zona da Mata de\u00a0Minas Gerais, j\u00e1 deixaram\u00a016 mortos e 440 pessoas desabrigadas. Na madrugada [&hellip;]<\/p>\n","protected":false},"author":3,"featured_media":17944,"comment_status":"open","ping_status":"open","sticky":false,"template":"","format":"standard","meta":{"om_disable_all_campaigns":false,"_monsterinsights_skip_tracking":false,"_monsterinsights_sitenote_active":false,"_monsterinsights_sitenote_note":"","_monsterinsights_sitenote_category":0,"footnotes":""},"categories":[47],"tags":[],"class_list":["post-17943","post","type-post","status-publish","format-standard","has-post-thumbnail","hentry","category-nacionais"],"jetpack_featured_media_url":"https:\/\/fatoelado.com\/wp-content\/uploads\/2026\/02\/temporal-deixa-ao-menos-14-mortos-em-juiz-de-fora-c2fd4380e5f48e16.jpg","_links":{"self":[{"href":"https:\/\/fatoelado.com\/index.php?rest_route=\/wp\/v2\/posts\/17943","targetHints":{"allow":["GET"]}}],"collection":[{"href":"https:\/\/fatoelado.com\/index.php?rest_route=\/wp\/v2\/posts"}],"about":[{"href":"https:\/\/fatoelado.com\/index.php?rest_route=\/wp\/v2\/types\/post"}],"author":[{"embeddable":true,"href":"https:\/\/fatoelado.com\/index.php?rest_route=\/wp\/v2\/users\/3"}],"replies":[{"embeddable":true,"href":"https:\/\/fatoelado.com\/index.php?rest_route=%2Fwp%2Fv2%2Fcomments&post=17943"}],"version-history":[{"count":1,"href":"https:\/\/fatoelado.com\/index.php?rest_route=\/wp\/v2\/posts\/17943\/revisions"}],"predecessor-version":[{"id":17945,"href":"https:\/\/fatoelado.com\/index.php?rest_route=\/wp\/v2\/posts\/17943\/revisions\/17945"}],"wp:featuredmedia":[{"embeddable":true,"href":"https:\/\/fatoelado.com\/index.php?rest_route=\/wp\/v2\/media\/17944"}],"wp:attachment":[{"href":"https:\/\/fatoelado.com\/index.php?rest_route=%2Fwp%2Fv2%2Fmedia&parent=17943"}],"wp:term":[{"taxonomy":"category","embeddable":true,"href":"https:\/\/fatoelado.com\/index.php?rest_route=%2Fwp%2Fv2%2Fcategories&post=17943"},{"taxonomy":"post_tag","embeddable":true,"href":"https:\/\/fatoelado.com\/index.php?rest_route=%2Fwp%2Fv2%2Ftags&post=17943"}],"curies":[{"name":"wp","href":"https:\/\/api.w.org\/{rel}","templated":true}]}}