{"id":17940,"date":"2026-02-24T11:53:33","date_gmt":"2026-02-24T14:53:33","guid":{"rendered":"https:\/\/fatoelado.com\/?p=17940"},"modified":"2026-02-24T11:53:33","modified_gmt":"2026-02-24T14:53:33","slug":"achraf-hakimi-astro-do-psg-vai-a-julgamento-por-acusacao-de-estupro-diz-advogada","status":"publish","type":"post","link":"https:\/\/fatoelado.com\/?p=17940","title":{"rendered":"Achraf Hakimi, astro do PSG, vai a julgamento por acusa\u00e7\u00e3o de estupro, diz advogada"},"content":{"rendered":"<h2 class=\"article-subtitle\" style=\"text-align: center;\">Lateral do PSG foi formalmente indiciado em 2023 e nega as acusa\u00e7\u00f5es, afirmando ser v\u00edtima de chantagem<\/h2>\n<p>&nbsp;<\/p>\n<div class=\"article-image-featured\" style=\"text-align: center;\"><img decoding=\"async\" class=\"i-amphtml-fill-content i-amphtml-replaced-content aligncenter\" src=\"https:\/\/www.meionews.com\/uploads\/imagens\/2026\/2\/24\/jogador-achraf-hakimi-na-copa-africana-de-nacoes--b88ebaefd9235483.jpg\" alt=\"Jogador Achraf Hakimi na Copa Africana de Na\u00e7\u00f5es | Reprodu\u00e7\u00e3o\/ Paul ELLIS \/ AFP\" data-amp-loading=\"lazy\" \/><small>Jogador Achraf Hakimi na Copa Africana de Na\u00e7\u00f5es | Foto: Reprodu\u00e7\u00e3o\/ Paul ELLIS \/ AFP<\/small><\/div>\n<div class=\"g-news\"><\/div>\n<div class=\"article-html\">\n<div class=\"article-html-more\">\n<p><strong>O lateral-direito do Paris Saint-Germain e da sele\u00e7\u00e3o do Marrocos, Achraf Hakimi, ir\u00e1 a julgamento sob acusa\u00e7\u00e3o de estupro na Fran\u00e7a.<\/strong>\u00a0A informa\u00e7\u00e3o foi confirmada pela advogada do jogador \u00e0\u00a0<em>Ag\u00eancia France-Presse (AFP).<\/em><\/p>\n<p>O caso teve in\u00edcio em fevereiro de 2023, quando promotores franceses abriram uma investiga\u00e7\u00e3o preliminar ap\u00f3s den\u00fancia feita por uma jovem. Um m\u00eas depois, o atleta foi formalmente indiciado e colocado sob supervis\u00e3o judicial.<\/p>\n<p>Segundo o jornal norte-americano\u00a0<em>The Athletic,<\/em>\u00a0em agosto do ano passado a promotoria de Nanterre encaminhou o processo ao tribunal criminal, dando andamento \u00e0 a\u00e7\u00e3o penal.<\/p>\n<p>Desde o in\u00edcio das investiga\u00e7\u00f5es, Hakimi nega as acusa\u00e7\u00f5es e afirma ser v\u00edtima de chantagem.<\/p>\n<blockquote><p>\u201cHoje em dia, uma acusa\u00e7\u00e3o de estupro basta para justificar um julgamento, mesmo quando eu a nego e tudo demonstra que \u00e9 falsa\u201d, escreveu o jogador na rede social X. \u201cEspero com tranquilidade este julgamento, que permitir\u00e1 que a verdade venha \u00e0 tona publicamente\u201d, acrescentou o internacional marroquino, de 27 anos.<\/p><\/blockquote>\n<h2 data-end=\"1236\" data-start=\"1219\">Entenda o caso<\/h2>\n<p><span class=\"highlight\">O epis\u00f3dio que deu origem \u00e0 investiga\u00e7\u00e3o ocorreu em fevereiro de 2023.<\/span>\u00a0Uma mulher de 24 anos afirmou ter sido v\u00edtima de viol\u00eancia sexual na resid\u00eancia do jogador, em Boulogne-Billancourt, na regi\u00e3o metropolitana de Paris.<\/p>\n<p>A denunciante procurou a pol\u00edcia no dia seguinte, mas optou por n\u00e3o registrar queixa formal. Ainda assim, o Minist\u00e9rio P\u00fablico decidiu dar prosseguimento \u00e0s apura\u00e7\u00f5es.<\/p>\n<div class=\"dimg\"><img decoding=\"async\" class=\"i-amphtml-intrinsic-sizer\" role=\"presentation\" src=\"data:;base64,<svg height=\"799px\" width=\"1200px\" xmlns=\"http:\/\/www.w3.org\/2000\/svg\" version=\"1.1\"\/>&#8221; alt=&#8221;&#8221; aria-hidden=&#8221;true&#8221; \/><img decoding=\"async\" class=\"i-amphtml-fill-content i-amphtml-replaced-content aligncenter\" src=\"https:\/\/www.meionews.com\/uploads\/imagens\/2026\/2\/24\/achraf-hakimi-astro-do-psg-vai-a-julgamento-por-acusacao-de-estupro-diz-advogada--f8bc3585cfeacb52.jpg\" alt=\"Achraf Hakimi, do PSG e da sele\u00e7\u00e3o marroquina, durante o pr\u00eamio The Best (Foto:\u00a0 Reprodu\u00e7\u00e3o\/ FRANCK FIFE\/AFP)\" data-amp-loading=\"lazy\" \/><\/div>\n<p><span class=\"fr-inner\">Achraf Hakimi, do PSG e da sele\u00e7\u00e3o marroquina, durante o pr\u00eamio The Best (Foto:\u00a0 Reprodu\u00e7\u00e3o\/ FRANCK FIFE\/AFP)<\/span>&nbsp;<\/p>\n<p>\u00c0 \u00e9poca, o PSG declarou apoio ao atleta e afirmou confiar no sistema judici\u00e1rio franc\u00eas.<\/p>\n<p>Semanas ap\u00f3s o in\u00edcio do caso, a ent\u00e3o esposa de Hakimi, a atriz Hiba Abouk, anunciou o fim do relacionamento. Ela declarou que a separa\u00e7\u00e3o j\u00e1 havia sido decidida antes dos fatos investigados e pediu cautela at\u00e9 a conclus\u00e3o do processo.<\/p>\n<h2 data-end=\"2022\" data-start=\"1990\">Trajet\u00f3ria no futebol europeu<\/h2>\n<p>Revelado nas categorias de base do Real Madrid, Hakimi construiu carreira no futebol europeu com passagens pelo Borussia Dortmund e pela Inter de Mil\u00e3o antes de se transferir para o PSG, em 2021, por cerca de 60 milh\u00f5es de euros.<\/p>\n<p>Pelo clube franc\u00eas, conquistou quatro t\u00edtulos consecutivos do Campeonato Franc\u00eas e integrou o elenco campe\u00e3o da Liga dos Campe\u00f5es na temporada passada.<\/p>\n<p><strong>Mesmo durante o andamento do processo, o jogador seguiu atuando normalmente por clube e sele\u00e7\u00e3o.\u00a0<\/strong>Disputou a Copa Africana de Na\u00e7\u00f5es, participou dos Jogos Ol\u00edmpicos de Paris, onde conquistou a medalha de bronze, e esteve presente no Mundial de Clubes da Fifa.<\/p>\n<p>Em entrevistas recentes, voltou a negar as acusa\u00e7\u00f5es e afirmou que o epis\u00f3dio causou sofrimento \u00e0 fam\u00edlia.<\/p>\n<blockquote><p>\u201cSei quem sou e sei que n\u00e3o fiz nada. Sempre estive \u00e0 disposi\u00e7\u00e3o da Justi\u00e7a\u201d, declarou.<\/p><\/blockquote>\n<div class=\"article-share_buttons2 article-share\">\n<div class=\"share_buttons\">\n<div class=\"buttons\">\n<p>&nbsp;<\/p>\n<p>Fonte: Portal MeioNews.<br \/>\nConfira esta e outras mat\u00e9rias na \u00edntegra pelo link: https:\/\/www.meionews.com\/esportes\/achraf-hakimi-astro-do-psg-vai-a-julgamento-por-acusacao-de-estupro-diz-advogada-556227<\/p>\n<\/div>\n<\/div>\n<\/div>\n<\/div>\n<\/div>\n","protected":false},"excerpt":{"rendered":"<p>Lateral do PSG foi formalmente indiciado em 2023 e nega as acusa\u00e7\u00f5es, afirmando ser v\u00edtima de chantagem &nbsp; Jogador Achraf Hakimi na Copa Africana de Na\u00e7\u00f5es | Foto: Reprodu\u00e7\u00e3o\/ Paul ELLIS \/ AFP O lateral-direito do Paris Saint-Germain e da sele\u00e7\u00e3o do Marrocos, Achraf Hakimi, ir\u00e1 a julgamento sob acusa\u00e7\u00e3o de estupro na Fran\u00e7a.\u00a0A informa\u00e7\u00e3o [&hellip;]<\/p>\n","protected":false},"author":3,"featured_media":17941,"comment_status":"open","ping_status":"open","sticky":false,"template":"","format":"standard","meta":{"om_disable_all_campaigns":false,"_monsterinsights_skip_tracking":false,"_monsterinsights_sitenote_active":false,"_monsterinsights_sitenote_note":"","_monsterinsights_sitenote_category":0,"footnotes":""},"categories":[48],"tags":[],"class_list":["post-17940","post","type-post","status-publish","format-standard","has-post-thumbnail","hentry","category-esportes"],"jetpack_featured_media_url":"https:\/\/fatoelado.com\/wp-content\/uploads\/2026\/02\/jogador-achraf-hakimi-na-copa-africana-de-nacoes-b88ebaefd9235483.jpg","_links":{"self":[{"href":"https:\/\/fatoelado.com\/index.php?rest_route=\/wp\/v2\/posts\/17940","targetHints":{"allow":["GET"]}}],"collection":[{"href":"https:\/\/fatoelado.com\/index.php?rest_route=\/wp\/v2\/posts"}],"about":[{"href":"https:\/\/fatoelado.com\/index.php?rest_route=\/wp\/v2\/types\/post"}],"author":[{"embeddable":true,"href":"https:\/\/fatoelado.com\/index.php?rest_route=\/wp\/v2\/users\/3"}],"replies":[{"embeddable":true,"href":"https:\/\/fatoelado.com\/index.php?rest_route=%2Fwp%2Fv2%2Fcomments&post=17940"}],"version-history":[{"count":1,"href":"https:\/\/fatoelado.com\/index.php?rest_route=\/wp\/v2\/posts\/17940\/revisions"}],"predecessor-version":[{"id":17942,"href":"https:\/\/fatoelado.com\/index.php?rest_route=\/wp\/v2\/posts\/17940\/revisions\/17942"}],"wp:featuredmedia":[{"embeddable":true,"href":"https:\/\/fatoelado.com\/index.php?rest_route=\/wp\/v2\/media\/17941"}],"wp:attachment":[{"href":"https:\/\/fatoelado.com\/index.php?rest_route=%2Fwp%2Fv2%2Fmedia&parent=17940"}],"wp:term":[{"taxonomy":"category","embeddable":true,"href":"https:\/\/fatoelado.com\/index.php?rest_route=%2Fwp%2Fv2%2Fcategories&post=17940"},{"taxonomy":"post_tag","embeddable":true,"href":"https:\/\/fatoelado.com\/index.php?rest_route=%2Fwp%2Fv2%2Ftags&post=17940"}],"curies":[{"name":"wp","href":"https:\/\/api.w.org\/{rel}","templated":true}]}}