{"id":17929,"date":"2026-02-24T10:45:11","date_gmt":"2026-02-24T13:45:11","guid":{"rendered":"https:\/\/fatoelado.com\/?p=17929"},"modified":"2026-02-24T10:45:11","modified_gmt":"2026-02-24T13:45:11","slug":"falta-desta-vitamina-pode-afetar-ossos-musculos-e-imunidade-saiba-como-evitar","status":"publish","type":"post","link":"https:\/\/fatoelado.com\/?p=17929","title":{"rendered":"Falta desta vitamina pode afetar ossos, m\u00fasculos e imunidade; saiba como evitar"},"content":{"rendered":"<h2 class=\"article-subtitle\" style=\"text-align: center;\">Conhe\u00e7a os benef\u00edcios da &#8216;vitamina do sol&#8217;, os riscos da defici\u00eancia e a recomenda\u00e7\u00e3o de suplementa\u00e7\u00e3o<\/h2>\n<p>&nbsp;<\/p>\n<div class=\"article-image-featured\" style=\"text-align: center;\"><img decoding=\"async\" class=\"i-amphtml-fill-content i-amphtml-replaced-content aligncenter\" src=\"https:\/\/www.meionews.com\/uploads\/imagens\/2026\/2\/23\/qualidade-de-vida--4ec59d0f9cbf6528.jpg\" alt=\"Qualidade de vida | Reprodu\u00e7\u00e3o\" data-amp-loading=\"lazy\" \/><small>Qualidade de vida | Foto: Reprodu\u00e7\u00e3o<\/small><\/div>\n<div class=\"g-news\"><\/div>\n<div class=\"article-html\">\n<div class=\"article-html-more\">\n<p>A vitamina D \u00e9 essencial para o bom funcionamento do organismo. Respons\u00e1vel por ajudar na absor\u00e7\u00e3o de c\u00e1lcio no intestino e por regular os n\u00edveis de c\u00e1lcio e fosfato no corpo, ela \u00e9 fundamental para a sa\u00fade dos ossos, dentes e m\u00fasculos.<\/p>\n<p>Conhecida como \u201cvitamina do sol\u201d, \u00e9 produzida principalmente pela exposi\u00e7\u00e3o da pele \u00e0 luz solar. Em pa\u00edses como o Reino Unido, no entanto, a radia\u00e7\u00e3o solar durante o outono e o inverno n\u00e3o \u00e9 suficiente para estimular essa produ\u00e7\u00e3o, o que leva \u00e0 recomenda\u00e7\u00e3o de suplementa\u00e7\u00e3o nesse per\u00edodo.<\/p>\n<h2 data-end=\"765\" data-start=\"727\">Por que a vitamina D \u00e9 importante?<\/h2>\n<p>A vitamina D \u00e9 lipossol\u00favel, ou seja, \u00e9 absorvida junto com gorduras da alimenta\u00e7\u00e3o e armazenada no f\u00edgado e no tecido adiposo.<\/p>\n<p><span class=\"highlight\">Ela desempenha papel central na forma\u00e7\u00e3o e manuten\u00e7\u00e3o do tecido \u00f3sseo. A defici\u00eancia pode causar osteomal\u00e1cia em adultos \u2014 condi\u00e7\u00e3o que enfraquece os ossos \u2014 e raquitismo em crian\u00e7as, caracterizado por deformidades \u00f3sseas.<\/span>\u00a0Em pessoas com osteoporose, a suplementa\u00e7\u00e3o combinada com c\u00e1lcio pode reduzir o risco de fraturas.<\/p>\n<p>Al\u00e9m da sa\u00fade \u00f3ssea, a vitamina D tamb\u00e9m atua na fun\u00e7\u00e3o neuromuscular, contribuindo para a manuten\u00e7\u00e3o da for\u00e7a muscular. N\u00edveis baixos t\u00eam sido associados a maior risco de doen\u00e7as cardiovasculares, como hipertens\u00e3o e insufici\u00eancia card\u00edaca, embora ainda n\u00e3o esteja claro se a defici\u00eancia \u00e9 causa direta ou consequ\u00eancia de outras condi\u00e7\u00f5es de sa\u00fade.<\/p>\n<div class=\"dimg\"><img decoding=\"async\" class=\"i-amphtml-intrinsic-sizer\" role=\"presentation\" src=\"data:;base64,<svg height=\"630px\" width=\"1200px\" xmlns=\"http:\/\/www.w3.org\/2000\/svg\" version=\"1.1\"\/>&#8221; alt=&#8221;&#8221; aria-hidden=&#8221;true&#8221; \/><img decoding=\"async\" class=\"i-amphtml-fill-content i-amphtml-replaced-content aligncenter\" src=\"https:\/\/www.meionews.com\/uploads\/imagens\/2026\/2\/23\/falta-desta-vitamina-pode-afetar-ossos-musculos-e-imunidade--a8ef696ab1d97117.jpg\" alt=\"Alimenta\u00e7\u00e3o balanceada (Foto: Reprodu\u00e7\u00e3o)\" data-amp-loading=\"lazy\" \/><\/div>\n<p><span class=\"fr-inner\">Alimenta\u00e7\u00e3o balanceada (Foto: Reprodu\u00e7\u00e3o)<\/span>&nbsp;<\/p>\n<p>Estudos tamb\u00e9m investigam a rela\u00e7\u00e3o entre vitamina D e sistema imunol\u00f3gico. H\u00e1 ind\u00edcios de que a suplementa\u00e7\u00e3o regular possa reduzir a gravidade de infec\u00e7\u00f5es respirat\u00f3rias, como gripe e Covid-19, mas as evid\u00eancias ainda n\u00e3o s\u00e3o conclusivas.<\/p>\n<p>Pesquisas apontam ainda poss\u00edveis associa\u00e7\u00f5es com esclerose m\u00faltipla e regula\u00e7\u00e3o do humor, especialmente em pessoas com defici\u00eancia da vitamina, embora mais estudos sejam necess\u00e1rios.<\/p>\n<h2 data-end=\"2025\" data-start=\"1996\">De onde vem a vitamina D?<\/h2>\n<p><span class=\"highlight\">Entre 80% e 90% da vitamina D necess\u00e1ria ao organismo \u00e9 produzida pela exposi\u00e7\u00e3o ao sol.<\/span>\u00a0Entre o fim de mar\u00e7o e setembro, a maioria das pessoas consegue produzir quantidades adequadas apenas com a exposi\u00e7\u00e3o solar.<\/p>\n<p>J\u00e1 entre outubro e in\u00edcio de mar\u00e7o, especialmente em regi\u00f5es com menor incid\u00eancia solar, essa produ\u00e7\u00e3o \u00e9 insuficiente. Por isso, recomenda-se que adultos e crian\u00e7as considerem suplementa\u00e7\u00e3o durante os meses mais frios.<\/p>\n<p><span class=\"highlight\">A alimenta\u00e7\u00e3o contribui com cerca de 10% a 20% da vitamina D necess\u00e1ria.<\/span>\u00a0As principais fontes alimentares incluem peixes gordurosos (como salm\u00e3o e sardinha), carne vermelha, gema de ovo e alimentos fortificados, como alguns cereais.<\/p>\n<h2 data-end=\"2724\" data-start=\"2696\">Qual a dose recomendada?<\/h2>\n<p>A recomenda\u00e7\u00e3o geral \u00e9 de:<\/p>\n<ul>\n<li data-end=\"2864\" data-start=\"2756\"><strong data-end=\"2791\" data-start=\"2756\">10 microgramas (400 UI) por dia<\/strong>\u00a0para adultos e crian\u00e7as acima de quatro anos durante o outono e inverno;<\/li>\n<li data-end=\"3016\" data-start=\"2867\"><strong data-end=\"2899\" data-start=\"2867\">8,5 a 10 microgramas por dia<\/strong>\u00a0para beb\u00eas com menos de um ano, especialmente se forem amamentados ou consumirem menos de 500 ml de f\u00f3rmula por dia.<\/li>\n<\/ul>\n<p>Suplementos com at\u00e9 25 microgramas (1.000 UI) s\u00e3o considerados seguros para uso geral.<\/p>\n<p>A vitamina D pode ser encontrada em duas formas principais: D\u2082 (ergocalciferol) e D\u2083 (colecalciferol). Ambas s\u00e3o absorvidas pelo organismo, mas a D\u2083 tende a ser mais eficaz na manuten\u00e7\u00e3o dos n\u00edveis adequados no sangue.<\/p>\n<h2 data-end=\"3363\" data-start=\"3326\">Quem deve suplementar o ano todo?<\/h2>\n<p>Alguns grupos podem precisar de suplementa\u00e7\u00e3o cont\u00ednua, independentemente da esta\u00e7\u00e3o. Entre eles:<\/p>\n<ul>\n<li data-end=\"3569\" data-start=\"3466\">Pessoas com pele mais escura, devido \u00e0 maior concentra\u00e7\u00e3o de melanina, que reduz a s\u00edntese da vitamina;<\/li>\n<li data-end=\"3645\" data-start=\"3572\">Pessoas que cobrem grande parte do corpo por raz\u00f5es culturais ou m\u00e9dicas;<\/li>\n<li data-end=\"3708\" data-start=\"3648\">Indiv\u00edduos que passam longos per\u00edodos em ambientes fechados;<\/li>\n<li data-end=\"3804\" data-start=\"3711\">Adultos com mais de 65 anos, j\u00e1 que a capacidade de produ\u00e7\u00e3o da vitamina diminui com a idade.<\/li>\n<\/ul>\n<h2 data-end=\"3834\" data-start=\"3806\">Existe risco de excesso?<\/h2>\n<p>O consumo excessivo de vitamina D pode ser prejudicial. A ingest\u00e3o acima de 100 microgramas por dia por per\u00edodos prolongados pode provocar ac\u00famulo de c\u00e1lcio no organismo, aumentando o risco de problemas renais, card\u00edacos e enfraquecimento \u00f3sseo.<\/p>\n<p>A suplementa\u00e7\u00e3o em doses elevadas s\u00f3 deve ser feita com orienta\u00e7\u00e3o m\u00e9dica e em casos de defici\u00eancia comprovada.<\/p>\n<p>N\u00e3o \u00e9 poss\u00edvel obter excesso de vitamina D apenas por meio da exposi\u00e7\u00e3o solar. Ainda assim, a prote\u00e7\u00e3o contra os danos do sol \u00e9 essencial para reduzir o risco de c\u00e2ncer de pele.<\/p>\n<p>Durante os meses com menor incid\u00eancia solar, a suplementa\u00e7\u00e3o di\u00e1ria pode ser uma estrat\u00e9gia simples para manter a sa\u00fade \u00f3ssea e muscular em dia.<\/p>\n<p class=\"ads\">\n<div class=\"article-share_buttons2 article-share\">\n<div class=\"share_buttons\">\n<div class=\"buttons\">\n<p>Fonte: Portal MeioNews.<br \/>\nConfira esta e outras mat\u00e9rias na \u00edntegra pelo link: https:\/\/www.meionews.com\/bem-estar\/falta-desta-vitamina-pode-afetar-ossos-musculos-e-imunidade-saiba-como-evitar-556204<\/p>\n<\/div>\n<\/div>\n<\/div>\n<\/div>\n<\/div>\n","protected":false},"excerpt":{"rendered":"<p>Conhe\u00e7a os benef\u00edcios da &#8216;vitamina do sol&#8217;, os riscos da defici\u00eancia e a recomenda\u00e7\u00e3o de suplementa\u00e7\u00e3o &nbsp; Qualidade de vida | Foto: Reprodu\u00e7\u00e3o A vitamina D \u00e9 essencial para o bom funcionamento do organismo. Respons\u00e1vel por ajudar na absor\u00e7\u00e3o de c\u00e1lcio no intestino e por regular os n\u00edveis de c\u00e1lcio e fosfato no corpo, ela [&hellip;]<\/p>\n","protected":false},"author":3,"featured_media":17930,"comment_status":"open","ping_status":"open","sticky":false,"template":"","format":"standard","meta":{"om_disable_all_campaigns":false,"_monsterinsights_skip_tracking":false,"_monsterinsights_sitenote_active":false,"_monsterinsights_sitenote_note":"","_monsterinsights_sitenote_category":0,"footnotes":""},"categories":[42],"tags":[],"class_list":["post-17929","post","type-post","status-publish","format-standard","has-post-thumbnail","hentry","category-saude"],"jetpack_featured_media_url":"https:\/\/fatoelado.com\/wp-content\/uploads\/2026\/02\/qualidade-de-vida-4ec59d0f9cbf6528.jpg","_links":{"self":[{"href":"https:\/\/fatoelado.com\/index.php?rest_route=\/wp\/v2\/posts\/17929","targetHints":{"allow":["GET"]}}],"collection":[{"href":"https:\/\/fatoelado.com\/index.php?rest_route=\/wp\/v2\/posts"}],"about":[{"href":"https:\/\/fatoelado.com\/index.php?rest_route=\/wp\/v2\/types\/post"}],"author":[{"embeddable":true,"href":"https:\/\/fatoelado.com\/index.php?rest_route=\/wp\/v2\/users\/3"}],"replies":[{"embeddable":true,"href":"https:\/\/fatoelado.com\/index.php?rest_route=%2Fwp%2Fv2%2Fcomments&post=17929"}],"version-history":[{"count":1,"href":"https:\/\/fatoelado.com\/index.php?rest_route=\/wp\/v2\/posts\/17929\/revisions"}],"predecessor-version":[{"id":17931,"href":"https:\/\/fatoelado.com\/index.php?rest_route=\/wp\/v2\/posts\/17929\/revisions\/17931"}],"wp:featuredmedia":[{"embeddable":true,"href":"https:\/\/fatoelado.com\/index.php?rest_route=\/wp\/v2\/media\/17930"}],"wp:attachment":[{"href":"https:\/\/fatoelado.com\/index.php?rest_route=%2Fwp%2Fv2%2Fmedia&parent=17929"}],"wp:term":[{"taxonomy":"category","embeddable":true,"href":"https:\/\/fatoelado.com\/index.php?rest_route=%2Fwp%2Fv2%2Fcategories&post=17929"},{"taxonomy":"post_tag","embeddable":true,"href":"https:\/\/fatoelado.com\/index.php?rest_route=%2Fwp%2Fv2%2Ftags&post=17929"}],"curies":[{"name":"wp","href":"https:\/\/api.w.org\/{rel}","templated":true}]}}