{"id":17923,"date":"2026-02-24T05:25:13","date_gmt":"2026-02-24T08:25:13","guid":{"rendered":"https:\/\/fatoelado.com\/?p=17923"},"modified":"2026-02-23T23:26:08","modified_gmt":"2026-02-24T02:26:08","slug":"presidente-lula-critica-uso-do-comercio-como-arma-em-discurso-na-coreia-do-sul","status":"publish","type":"post","link":"https:\/\/fatoelado.com\/?p=17923","title":{"rendered":"Presidente Lula critica \u201cuso do com\u00e9rcio como arma\u201d em discurso na Coreia do Sul"},"content":{"rendered":"<h2 class=\"article-subtitle\" style=\"text-align: center;\">Presidente defendeu di\u00e1logo e negocia\u00e7\u00e3o como resposta a medidas protecionistas em f\u00f3rum empresarial<\/h2>\n<p>&nbsp;<\/p>\n<div class=\"article-image-featured\" style=\"text-align: center;\"><img decoding=\"async\" class=\"i-amphtml-fill-content i-amphtml-replaced-content aligncenter\" src=\"https:\/\/www.meionews.com\/uploads\/imagens\/2026\/2\/23\/lula-em-forum-empresarial-coreia-brasil--d41d21ec52557abd.jpg\" alt=\"Lula em F\u00f3rum Empresarial Coreia - Brasil | Reprodu\u00e7\u00e3o\/Gov.br\" data-amp-loading=\"lazy\" \/><small>Lula em F\u00f3rum Empresarial Coreia &#8211; Brasil | Foto: Reprodu\u00e7\u00e3o\/Gov.br<\/small><\/div>\n<div class=\"g-news\"><\/div>\n<div class=\"article-html\">\n<div class=\"article-html-more\">\n<p>O presidente\u00a0<strong data-end=\"138\" data-start=\"104\">Luiz In\u00e1cio Lula da Silva (PT)<\/strong>\u00a0criticou a tentativa de usar o\u00a0<strong data-end=\"192\" data-start=\"170\">com\u00e9rcio como arma<\/strong>, afirmando que a melhor forma de enfrentar esse tipo de medida \u00e9 por meio do\u00a0<strong data-end=\"281\" data-start=\"270\">di\u00e1logo<\/strong>\u00a0e da\u00a0<strong data-end=\"301\" data-start=\"287\">negocia\u00e7\u00e3o<\/strong>.<\/p>\n<blockquote><p>A melhor resposta \u00e0 tentativa de usar o com\u00e9rcio como arma \u00e9 mostrar que \u00e9 poss\u00edvel alcan\u00e7ar entendimentos mutuamente ben\u00e9ficos por meio do di\u00e1logo e da negocia\u00e7\u00e3o. A rela\u00e7\u00e3o entre o\u00a0<strong data-end=\"500\" data-start=\"490\">Brasil<\/strong>\u00a0e a\u00a0<strong data-end=\"528\" data-start=\"505\">Rep\u00fablica da Coreia<\/strong> \u00e9 a prova de que a confian\u00e7a e a coopera\u00e7\u00e3o valem a pena, declarou.<\/p><\/blockquote>\n<p>O discurso foi feito durante o encerramento do F\u00f3rum Empresarial Brasil-Coreia do Sul, em Seul, nesta segunda-feira (23).<\/p>\n<p>A declara\u00e7\u00e3o ocorre ap\u00f3s o presidente dos Estados Unidos, Donald Trump, anunciar uma nova tarifa global de 10%, com base na Se\u00e7\u00e3o 122 do Ato do Com\u00e9rcio de 1974, ap\u00f3s a Suprema Corte barrar o uso da IEEPA (Lei de Poderes Econ\u00f4micos e Emerg\u00eancia Internacional). No s\u00e1bado (21), a tarifa foi elevada para 15%.<\/p>\n<blockquote><p>Antes da viagem \u00e0 Coreia do Sul, Lula enviou um recado ao l\u00edder americano: N\u00e3o queremos uma nova\u00a0<strong data-end=\"1180\" data-start=\"1165\">Guerra Fria<\/strong>. N\u00e3o queremos ter prefer\u00eancia por nenhum pa\u00eds, queremos ter rela\u00e7\u00f5es iguais com todos, afirmou, defendendo\u00a0<strong data-end=\"1315\" data-start=\"1289\">tratamento igualit\u00e1rio<\/strong>\u00a0nas rela\u00e7\u00f5es internacionais.<\/p><\/blockquote>\n<p>O presidente tamb\u00e9m defendeu a retomada das negocia\u00e7\u00f5es de um acordo entre o Mercosul e a Coreia do Sul, destacando o acordo firmado entre o bloco sul-americano e a Uni\u00e3o Europeia, que criou uma das maiores zonas de livre com\u00e9rcio do mundo.<\/p>\n<div class=\"article-share_buttons2 article-share\">\n<div class=\"share_buttons\">\n<div class=\"buttons\">\n<p>&nbsp;<\/p>\n<p>Fonte: Portal MeioNews.<br \/>\nConfira esta e outras mat\u00e9rias na \u00edntegra pelo link: https:\/\/www.meionews.com\/politica\/presidente-lula-critica-uso-do-comercio-como-arma-em-discurso-na-coreia-do-sul-556122<\/p>\n<\/div>\n<\/div>\n<\/div>\n<\/div>\n<\/div>\n","protected":false},"excerpt":{"rendered":"<p>Presidente defendeu di\u00e1logo e negocia\u00e7\u00e3o como resposta a medidas protecionistas em f\u00f3rum empresarial &nbsp; Lula em F\u00f3rum Empresarial Coreia &#8211; Brasil | Foto: Reprodu\u00e7\u00e3o\/Gov.br O presidente\u00a0Luiz In\u00e1cio Lula da Silva (PT)\u00a0criticou a tentativa de usar o\u00a0com\u00e9rcio como arma, afirmando que a melhor forma de enfrentar esse tipo de medida \u00e9 por meio do\u00a0di\u00e1logo\u00a0e da\u00a0negocia\u00e7\u00e3o. A [&hellip;]<\/p>\n","protected":false},"author":3,"featured_media":17924,"comment_status":"open","ping_status":"open","sticky":false,"template":"","format":"standard","meta":{"om_disable_all_campaigns":false,"_monsterinsights_skip_tracking":false,"_monsterinsights_sitenote_active":false,"_monsterinsights_sitenote_note":"","_monsterinsights_sitenote_category":0,"footnotes":""},"categories":[47],"tags":[],"class_list":["post-17923","post","type-post","status-publish","format-standard","has-post-thumbnail","hentry","category-nacionais"],"jetpack_featured_media_url":"https:\/\/fatoelado.com\/wp-content\/uploads\/2026\/02\/lula-em-forum-empresarial-coreia-brasil-d41d21ec52557abd.jpg","_links":{"self":[{"href":"https:\/\/fatoelado.com\/index.php?rest_route=\/wp\/v2\/posts\/17923","targetHints":{"allow":["GET"]}}],"collection":[{"href":"https:\/\/fatoelado.com\/index.php?rest_route=\/wp\/v2\/posts"}],"about":[{"href":"https:\/\/fatoelado.com\/index.php?rest_route=\/wp\/v2\/types\/post"}],"author":[{"embeddable":true,"href":"https:\/\/fatoelado.com\/index.php?rest_route=\/wp\/v2\/users\/3"}],"replies":[{"embeddable":true,"href":"https:\/\/fatoelado.com\/index.php?rest_route=%2Fwp%2Fv2%2Fcomments&post=17923"}],"version-history":[{"count":1,"href":"https:\/\/fatoelado.com\/index.php?rest_route=\/wp\/v2\/posts\/17923\/revisions"}],"predecessor-version":[{"id":17925,"href":"https:\/\/fatoelado.com\/index.php?rest_route=\/wp\/v2\/posts\/17923\/revisions\/17925"}],"wp:featuredmedia":[{"embeddable":true,"href":"https:\/\/fatoelado.com\/index.php?rest_route=\/wp\/v2\/media\/17924"}],"wp:attachment":[{"href":"https:\/\/fatoelado.com\/index.php?rest_route=%2Fwp%2Fv2%2Fmedia&parent=17923"}],"wp:term":[{"taxonomy":"category","embeddable":true,"href":"https:\/\/fatoelado.com\/index.php?rest_route=%2Fwp%2Fv2%2Fcategories&post=17923"},{"taxonomy":"post_tag","embeddable":true,"href":"https:\/\/fatoelado.com\/index.php?rest_route=%2Fwp%2Fv2%2Ftags&post=17923"}],"curies":[{"name":"wp","href":"https:\/\/api.w.org\/{rel}","templated":true}]}}