{"id":17920,"date":"2026-02-24T05:21:47","date_gmt":"2026-02-24T08:21:47","guid":{"rendered":"https:\/\/fatoelado.com\/?p=17920"},"modified":"2026-02-23T23:24:12","modified_gmt":"2026-02-24T02:24:12","slug":"lula-inclui-reuniao-de-ultima-hora-com-membros-do-brics-nos-emirados-arabes","status":"publish","type":"post","link":"https:\/\/fatoelado.com\/?p=17920","title":{"rendered":"Lula inclui reuni\u00e3o de \u00faltima hora com membros do Brics nos Emirados \u00c1rabes"},"content":{"rendered":"<h2 class=\"article-subtitle\" style=\"text-align: center;\">Presidente Lula far\u00e1 reuni\u00e3o de \u00faltima hora com integrantes do BRICS nos Emirados \u00c1rabes Unidos durante escala. Entenda a import\u00e2ncia diplom\u00e1tica do encontro!<\/h2>\n<p>&nbsp;<\/p>\n<div class=\"article-image-featured\" style=\"text-align: center;\"><img decoding=\"async\" class=\"i-amphtml-fill-content i-amphtml-replaced-content aligncenter\" src=\"https:\/\/www.meionews.com\/uploads\/imagens\/2026\/2\/23\/lula-inclui-reuniao-de-ultima-hora-com-membros-do-brics--e62abe851f351d73.jpg\" alt=\"Lula inclui reuni\u00e3o de \u00faltima hora com membros do Brics  |  Foto: Ricardo Stuckert\/ Presid\u00eancia da Rep\u00fablica\" data-amp-loading=\"lazy\" \/><small>Lula inclui reuni\u00e3o de \u00faltima hora com membros do Brics | Foto: Ricardo Stuckert\/ Presid\u00eancia da Rep\u00fablica<\/small><\/div>\n<div class=\"g-news\"><\/div>\n<div class=\"article-html\">\n<div class=\"article-html-more\">\n<p><strong>O presidente Luiz In\u00e1cio Lula da Silva (PT)<\/strong><strong>\u00a0ter\u00e1 uma reuni\u00e3o de \u00faltima hora com integrantes do BRICS<\/strong> nos Emirados \u00c1rabes Unidos, segundo apura\u00e7\u00e3o do site G1.<\/p>\n<p>O encontro deve acontecer entre esta segunda-feira (23) e ter\u00e7a-feira (24), durante a escala da comitiva brasileira em Abu Dhabi. Na capital, Lula tem previs\u00e3o de se reunir com o presidente do pa\u00eds, Mohammed bin Zayed Al Nahyan.<\/p>\n<p>O Brics re\u00fane algumas das principais economias emergentes do mundo, como Brasil, R\u00fassia, \u00cdndia, China e, desde 2024, os Emirados \u00c1rabes Unidos,\u00a0<strong>que passaram a integrar formalmente o grupo ap\u00f3s a amplia\u00e7\u00e3o aprovada na c\u00fapula de Joanesburgo, em 2023.<\/strong><\/p>\n<p>A passagem pelo pa\u00eds \u00e1rabe ocorre durante o giro de Lula pela \u00c1sia. Na semana passada, o presidente esteve na \u00cdndia e, agora, cumpre agenda oficial na Coreia do Sul, onde participa de compromissos a convite do governo local. Durante a visita, Brasil e Coreia do Sul firmaram dez acordos de coopera\u00e7\u00e3o em \u00e1reas comerciais e de minerais cr\u00edticos, al\u00e9m de definirem um plano de a\u00e7\u00e3o com dura\u00e7\u00e3o de quatro anos para fortalecer as rela\u00e7\u00f5es bilaterais nos campos pol\u00edtico, econ\u00f4mico e de interc\u00e2mbio.<\/p>\n<p>Inicialmente, a parada nos Emirados \u00c1rabes estava prevista apenas para reabastecimento da aeronave no retorno ao Brasil. A inclus\u00e3o da reuni\u00e3o, no entanto, transformou a escala em um compromisso diplom\u00e1tico, ainda que breve \u2014 estimado em cerca de uma hora \u2014 e com detalhes sendo ajustados pelas equipes diplom\u00e1ticas.<\/p>\n<p>De acordo com interlocutores do Pal\u00e1cio do Planalto, o encontro n\u00e3o ter\u00e1 car\u00e1ter de visita de Estado e n\u00e3o h\u00e1 previs\u00e3o de assinatura de novos acordos. Lula mant\u00e9m di\u00e1logo frequente com os Emirados \u00c1rabes, com foco em investimentos, energia e com\u00e9rcio. O pa\u00eds tamb\u00e9m participou da COP 30, realizada em Bel\u00e9m (PA), em novembro do ano passado.<\/p>\n<div class=\"article-share_buttons2 article-share\">\n<div class=\"share_buttons\">\n<div class=\"buttons\">\n<p>&nbsp;<\/p>\n<\/div>\n<\/div>\n<\/div>\n<\/div>\n<\/div>\n<p>Fonte: Portal MeioNews.<br \/>\nConfira esta e outras mat\u00e9rias na \u00edntegra pelo link: https:\/\/www.meionews.com\/politica\/lula-inclui-reuniao-de-ultima-hora-com-membros-do-brics-nos-emirados-arabes-556182<\/p>\n","protected":false},"excerpt":{"rendered":"<p>Presidente Lula far\u00e1 reuni\u00e3o de \u00faltima hora com integrantes do BRICS nos Emirados \u00c1rabes Unidos durante escala. Entenda a import\u00e2ncia diplom\u00e1tica do encontro! &nbsp; Lula inclui reuni\u00e3o de \u00faltima hora com membros do Brics | Foto: Ricardo Stuckert\/ Presid\u00eancia da Rep\u00fablica O presidente Luiz In\u00e1cio Lula da Silva (PT)\u00a0ter\u00e1 uma reuni\u00e3o de \u00faltima hora com [&hellip;]<\/p>\n","protected":false},"author":3,"featured_media":17921,"comment_status":"open","ping_status":"open","sticky":false,"template":"","format":"standard","meta":{"om_disable_all_campaigns":false,"_monsterinsights_skip_tracking":false,"_monsterinsights_sitenote_active":false,"_monsterinsights_sitenote_note":"","_monsterinsights_sitenote_category":0,"footnotes":""},"categories":[47],"tags":[],"class_list":["post-17920","post","type-post","status-publish","format-standard","has-post-thumbnail","hentry","category-nacionais"],"jetpack_featured_media_url":"https:\/\/fatoelado.com\/wp-content\/uploads\/2026\/02\/lula-inclui-reuniao-de-ultima-hora-com-membros-do-brics-e62abe851f351d73.jpg","_links":{"self":[{"href":"https:\/\/fatoelado.com\/index.php?rest_route=\/wp\/v2\/posts\/17920","targetHints":{"allow":["GET"]}}],"collection":[{"href":"https:\/\/fatoelado.com\/index.php?rest_route=\/wp\/v2\/posts"}],"about":[{"href":"https:\/\/fatoelado.com\/index.php?rest_route=\/wp\/v2\/types\/post"}],"author":[{"embeddable":true,"href":"https:\/\/fatoelado.com\/index.php?rest_route=\/wp\/v2\/users\/3"}],"replies":[{"embeddable":true,"href":"https:\/\/fatoelado.com\/index.php?rest_route=%2Fwp%2Fv2%2Fcomments&post=17920"}],"version-history":[{"count":1,"href":"https:\/\/fatoelado.com\/index.php?rest_route=\/wp\/v2\/posts\/17920\/revisions"}],"predecessor-version":[{"id":17922,"href":"https:\/\/fatoelado.com\/index.php?rest_route=\/wp\/v2\/posts\/17920\/revisions\/17922"}],"wp:featuredmedia":[{"embeddable":true,"href":"https:\/\/fatoelado.com\/index.php?rest_route=\/wp\/v2\/media\/17921"}],"wp:attachment":[{"href":"https:\/\/fatoelado.com\/index.php?rest_route=%2Fwp%2Fv2%2Fmedia&parent=17920"}],"wp:term":[{"taxonomy":"category","embeddable":true,"href":"https:\/\/fatoelado.com\/index.php?rest_route=%2Fwp%2Fv2%2Fcategories&post=17920"},{"taxonomy":"post_tag","embeddable":true,"href":"https:\/\/fatoelado.com\/index.php?rest_route=%2Fwp%2Fv2%2Ftags&post=17920"}],"curies":[{"name":"wp","href":"https:\/\/api.w.org\/{rel}","templated":true}]}}