{"id":17911,"date":"2026-02-23T07:20:23","date_gmt":"2026-02-23T10:20:23","guid":{"rendered":"https:\/\/fatoelado.com\/?p=17911"},"modified":"2026-02-23T07:20:23","modified_gmt":"2026-02-23T10:20:23","slug":"sesapi-lanca-projeto-para-fortalecer-a-integracao-dos-cuidados-paliativos-na-rede-publica-de-saude-na-terca-24","status":"publish","type":"post","link":"https:\/\/fatoelado.com\/?p=17911","title":{"rendered":"Sesapi lan\u00e7a projeto para fortalecer a integra\u00e7\u00e3o dos cuidados paliativos na rede p\u00fablica de sa\u00fade na ter\u00e7a (24)"},"content":{"rendered":"<h2 class=\"elementor-heading-title elementor-size-default\" style=\"text-align: center;\">O lan\u00e7amento do \u201cProjeto Proadi &#8211; Cuidados Paliativos no SUS&#8221; em unidades de sa\u00fade do territ\u00f3rio Entre Rios ocorre em Teresina<\/h2>\n<p>&nbsp;<\/p>\n<p>A Secretaria de Estado da Sa\u00fade do Piau\u00ed (Sesapi) realiza, entre os dias 24 e 26 de fevereiro, o lan\u00e7amento do \u201cProjeto Proadi \u2013 Cuidados Paliativos no SUS\u201d em unidades de sa\u00fade do territ\u00f3rio Entre Rios, no audit\u00f3rio da Empresa de Tecnologia da Informa\u00e7\u00e3o do Piau\u00ed (Etipi), no Centro Administrativo de Teresina.<\/p>\n<p>O evento, promovido pela Coordena\u00e7\u00e3o da Rede de Urg\u00eancia e Emerg\u00eancia do Estado (RUE), tem como objetivo fortalecer a integra\u00e7\u00e3o das a\u00e7\u00f5es de cuidados paliativos no \u00e2mbito do Sistema \u00danico de Sa\u00fade (SUS), fomentando a qualifica\u00e7\u00e3o t\u00e9cnica, articula\u00e7\u00e3o em rede e aprimoramento da assist\u00eancia prestada \u00e0 popula\u00e7\u00e3o.<\/p>\n<figure id=\"attachment_46348\" class=\"wp-caption alignnone\" aria-describedby=\"caption-attachment-46348\"><img loading=\"lazy\" decoding=\"async\" class=\"size-full wp-image-46348\" src=\"https:\/\/www.pi.gov.br\/wp-content\/uploads\/2025\/04\/medium_full_f4ffe03b_3c20_44a2_92b3_979f8caf272b_ed4b294462-e1745496861315.jpg\" sizes=\"auto, (max-width: 750px) 100vw, 750px\" srcset=\"https:\/\/www.pi.gov.br\/wp-content\/uploads\/2025\/04\/medium_full_f4ffe03b_3c20_44a2_92b3_979f8caf272b_ed4b294462-e1745496861315.jpg 750w, https:\/\/www.pi.gov.br\/wp-content\/uploads\/2025\/04\/medium_full_f4ffe03b_3c20_44a2_92b3_979f8caf272b_ed4b294462-e1745496861315-300x177.jpg 300w\" alt=\"\" width=\"750\" height=\"443\" \/><figcaption id=\"caption-attachment-46348\" class=\"wp-caption-text\">Foto: Ascom HGV<\/figcaption><\/figure>\n<p>A proposta \u00e9 ampliar a discuss\u00e3o acerca da organiza\u00e7\u00e3o dos servi\u00e7os, incentivar a integra\u00e7\u00e3o entre os diferentes n\u00edveis de aten\u00e7\u00e3o e contribuir para a melhoria cont\u00ednua do atendimento oferecido no SUS.<\/p>\n<p>Ao todo, foram selecionados profissionais de seis unidades de sa\u00fade:<\/p>\n<p>Hospital Infantil Luc\u00eddio Portela (Hilp)<br \/>\nInstituto De Doen\u00e7as Tropicais Natan Portella (IDTNP)<br \/>\nNova Maternidade Dona Evangelina Rosa (NMDER)<br \/>\nSamu Estadual<br \/>\nUnidade de Pronto Atendimento (UPA) do Renascen\u00e7a<br \/>\nUnidade B\u00e1sica de Sa\u00fade (UBS) do Poty Velho<\/p>\n<p>&nbsp;<\/p>\n<p>Fonte: Portal pi.Gov.<br \/>\nConfira esta e outras mat\u00e9rias na \u00edntegra pelo link: https:\/\/www.pi.gov.br\/sesapi-lanca-projeto-para-fortalecer-a-integracao-dos-cuidados-paliativos-na-rede-publica-de-saude-na-terca-24\/<\/p>\n","protected":false},"excerpt":{"rendered":"<p>O lan\u00e7amento do \u201cProjeto Proadi &#8211; Cuidados Paliativos no SUS&#8221; em unidades de sa\u00fade do territ\u00f3rio Entre Rios ocorre em Teresina &nbsp; A Secretaria de Estado da Sa\u00fade do Piau\u00ed (Sesapi) realiza, entre os dias 24 e 26 de fevereiro, o lan\u00e7amento do \u201cProjeto Proadi \u2013 Cuidados Paliativos no SUS\u201d em unidades de sa\u00fade do [&hellip;]<\/p>\n","protected":false},"author":3,"featured_media":17912,"comment_status":"open","ping_status":"open","sticky":false,"template":"","format":"standard","meta":{"om_disable_all_campaigns":false,"_monsterinsights_skip_tracking":false,"_monsterinsights_sitenote_active":false,"_monsterinsights_sitenote_note":"","_monsterinsights_sitenote_category":0,"footnotes":""},"categories":[33,42],"tags":[],"class_list":["post-17911","post","type-post","status-publish","format-standard","has-post-thumbnail","hentry","category-piaui","category-saude"],"jetpack_featured_media_url":"https:\/\/fatoelado.com\/wp-content\/uploads\/2026\/02\/medium_full_f4ffe03b_3c20_44a2_92b3_979f8caf272b_ed4b294462-e1745496861315.jpg","_links":{"self":[{"href":"https:\/\/fatoelado.com\/index.php?rest_route=\/wp\/v2\/posts\/17911","targetHints":{"allow":["GET"]}}],"collection":[{"href":"https:\/\/fatoelado.com\/index.php?rest_route=\/wp\/v2\/posts"}],"about":[{"href":"https:\/\/fatoelado.com\/index.php?rest_route=\/wp\/v2\/types\/post"}],"author":[{"embeddable":true,"href":"https:\/\/fatoelado.com\/index.php?rest_route=\/wp\/v2\/users\/3"}],"replies":[{"embeddable":true,"href":"https:\/\/fatoelado.com\/index.php?rest_route=%2Fwp%2Fv2%2Fcomments&post=17911"}],"version-history":[{"count":1,"href":"https:\/\/fatoelado.com\/index.php?rest_route=\/wp\/v2\/posts\/17911\/revisions"}],"predecessor-version":[{"id":17913,"href":"https:\/\/fatoelado.com\/index.php?rest_route=\/wp\/v2\/posts\/17911\/revisions\/17913"}],"wp:featuredmedia":[{"embeddable":true,"href":"https:\/\/fatoelado.com\/index.php?rest_route=\/wp\/v2\/media\/17912"}],"wp:attachment":[{"href":"https:\/\/fatoelado.com\/index.php?rest_route=%2Fwp%2Fv2%2Fmedia&parent=17911"}],"wp:term":[{"taxonomy":"category","embeddable":true,"href":"https:\/\/fatoelado.com\/index.php?rest_route=%2Fwp%2Fv2%2Fcategories&post=17911"},{"taxonomy":"post_tag","embeddable":true,"href":"https:\/\/fatoelado.com\/index.php?rest_route=%2Fwp%2Fv2%2Ftags&post=17911"}],"curies":[{"name":"wp","href":"https:\/\/api.w.org\/{rel}","templated":true}]}}