{"id":17908,"date":"2026-02-23T07:19:27","date_gmt":"2026-02-23T10:19:27","guid":{"rendered":"https:\/\/fatoelado.com\/?p=17908"},"modified":"2026-02-23T07:19:27","modified_gmt":"2026-02-23T10:19:27","slug":"piaui-recebera-forum-esportivo-com-magic-paula-lars-grael-e-andre-heller","status":"publish","type":"post","link":"https:\/\/fatoelado.com\/?p=17908","title":{"rendered":"Piau\u00ed receber\u00e1 f\u00f3rum esportivo com Magic Paula, Lars Grael e Andr\u00e9 Heller"},"content":{"rendered":"<h2 class=\"article-subtitle\" style=\"text-align: center;\">Para fortalecer e capacitar entidades, o F\u00f3rum Estadual de Forma\u00e7\u00e3o Esportiva do Piau\u00ed ser\u00e1 realizado no dia 18 de mar\u00e7o, em Teresina.<\/h2>\n<p>&nbsp;<\/p>\n<div class=\"article-image-featured\" style=\"text-align: center;\"><img decoding=\"async\" class=\"i-amphtml-fill-content i-amphtml-replaced-content aligncenter\" src=\"https:\/\/www.meionews.com\/uploads\/imagens\/2026\/2\/23\/piaui-recebera-forum-esportivo-com-magic-paula-lars-grael-e-andre-heller--d7238698f95ccbb7.jpg\" alt=\"Piau\u00ed receber\u00e1 f\u00f3rum esportivo com Magic Paula, Lars Grael e Andr\u00e9 Heller | Reprodu\u00e7\u00e3o\" data-amp-loading=\"lazy\" \/><small>Piau\u00ed receber\u00e1 f\u00f3rum esportivo com Magic Paula, Lars Grael e Andr\u00e9 Heller | Foto: Reprodu\u00e7\u00e3o<\/small><\/div>\n<div class=\"g-news\"><\/div>\n<div class=\"article-html\">\n<div class=\"article-html-more\">\n<p>Com a presen\u00e7a de grandes nomes do esporte brasileiro, como a\u00a0<strong>campe\u00e3 mundial do basquete, Magic Paula; o medalhista ol\u00edmpico Lars Grael, da vela, e o campe\u00e3o ol\u00edmpico Andr\u00e9 Heller, do v\u00f4lei<\/strong>, o F\u00f3rum Estadual de Forma\u00e7\u00e3o Esportiva do Piau\u00ed ser\u00e1 realizado no dia 18 de mar\u00e7o, das 8h \u00e0s 16h30, no Arrey Gran Hotel, em Teresina. As inscri\u00e7\u00f5es podem ser feitas a partir desta segunda-feira (23) at\u00e9 o dia 11 de mar\u00e7o.<\/p>\n<p><strong>Clique\u00a0<a href=\"https:\/\/cbc-clubes.org.br\/cev\/inscricao_evento_estadual\/control_inscrito_evento_estadual.php?gl_cd_evento_estadual=30\">aqui para ter acesso ao link de inscri\u00e7\u00e3o<\/a>\u00a0para o evento.<\/strong><\/p>\n<p>A iniciativa \u00e9 do Comit\u00ea Brasileiro de Clubes (CBC), em parceria com a Secretaria dos Esporte do Piau\u00ed (Secepi) e a Associa\u00e7\u00e3o Beneficente Giuliano Esporte Clube (GHC), e vai levar conhecimento e capacita\u00e7\u00e3o \u00e0 comunidade esportiva piauiense, com foco em temas como gest\u00e3o esportiva, governan\u00e7a, transpar\u00eancia e capta\u00e7\u00e3o de recursos federais.<\/p>\n<p>Para a secret\u00e1ria dos Esportes, Josiene Campelo, o evento representa uma oportunidade estrat\u00e9gica para fortalecer o esporte no estado.<\/p>\n<blockquote><p>\u00c9 um f\u00f3rum extremamente importante, porque re\u00fane conhecimento t\u00e9cnico e grandes refer\u00eancias nacionais para orientar clubes e entidades esportivas sobre como se estruturar melhor, acessar recursos e profissionalizar ainda mais a gest\u00e3o. O Piau\u00ed vem investindo fortemente no esporte e iniciativas como esta ampliam as possibilidades para que mais projetos sejam fortalecidos e mais atletas sejam formados, destaca a gestora.<\/p><\/blockquote>\n<p>&nbsp;<\/p>\n<div class=\"dimg\"><img decoding=\"async\" class=\"i-amphtml-intrinsic-sizer\" role=\"presentation\" src=\"data:;base64,<svg height=\"680px\" width=\"900px\" xmlns=\"http:\/\/www.w3.org\/2000\/svg\" version=\"1.1\"\/>&#8221; alt=&#8221;&#8221; aria-hidden=&#8221;true&#8221; \/><img decoding=\"async\" class=\"i-amphtml-fill-content i-amphtml-replaced-content\" src=\"https:\/\/www.meionews.com\/uploads\/imagens\/2026\/2\/23\/piaui-recebera-forum-esportivo-com-magic-paula-lars-grael-e-andre-heller--7cbd93d70b4f1247.jpg\" alt=\"Foto: Ascom\/Secepi\u00a0\" data-amp-loading=\"lazy\" \/><\/div>\n<p><span class=\"fr-inner\">Foto: Ascom\/Secepi\u00a0<\/span>&nbsp;<\/p>\n<p>O gerente de Esportes e Rela\u00e7\u00f5es Institucionais do CBC, Emerson Appel, refor\u00e7a a necessidade do evento para o compartilhamento de conhecimentos.<\/p>\n<blockquote><p>Vamos explicar como obter recursos p\u00fablicos federais e abordar temas importantes como gest\u00e3o esportiva, com governan\u00e7a e transpar\u00eancia, melhorando a capacidade de gest\u00e3o de projetos de todas as entidades esportivas p\u00fablicas e privadas do estado\u201d, frisa o gestor. Ele far\u00e1 a palestra de abertura do evento com o tema \u201cO CBC e sua atua\u00e7\u00e3o no cen\u00e1rio esportivo nacional.<\/p><\/blockquote>\n<p>Conforme Emerson Appel, o Comit\u00ea Brasileiro de Clubes promove em todos os estados brasileiros o evento, sendo que o do Piau\u00ed ser\u00e1 o 27\u00ba encontro. Financiado pela lei 13.756\/2018, que distribui recursos arrecadados pelas loterias federais, o CBC conta atualmente com 2.006 clubes integrados \u00e0 Rede Nacional de Forma\u00e7\u00e3o Esportiva, entre pequenos, m\u00e9dios e grandes. No Piau\u00ed, 27 clubes fazem parte dessa rede e recebem incentivos como suporte em treinamento, viabiliza\u00e7\u00e3o de log\u00edstica, passagens a\u00e9reas, compra de materiais e equipamentos esportivos, entre outros benef\u00edcios.<\/p>\n<p><img decoding=\"async\" class=\"aligncenter\" src=\"https:\/\/www.meionews.com\/uploads\/imagens\/2026\/2\/23\/piaui-recebera-forum-esportivo-com-magic-paula-lars-grael-e-andre-heller--d46625490c760293.jpg\" alt=\"Foto: Divulga\u00e7\u00e3o\" \/>Foto: Divulga\u00e7\u00e3o<\/p>\n<p>&nbsp;<\/p>\n<p>Durante o f\u00f3rum, o velejador Lars Grael ir\u00e1 compartilhar sua trajet\u00f3ria de vida e a hist\u00f3ria de supera\u00e7\u00e3o ap\u00f3s o acidente que marcou sua vida. Palestrante desde 2000, ele tamb\u00e9m \u00e9 fundador do Projeto Grael, voltado \u00e0 inclus\u00e3o social de crian\u00e7as e jovens em situa\u00e7\u00e3o de vulnerabilidade. Mais de 17 mil jovens j\u00e1 foram atendidos pela iniciativa.<\/p>\n<p>A ex-jogadora Magic Paula apresentar\u00e1 conceitos aplicados \u00e0 forma\u00e7\u00e3o de atletas de alto rendimento, enquanto o ex-central da sele\u00e7\u00e3o brasileira Andr\u00e9 Heller abordar\u00e1 princ\u00edpios ligados \u00e0 gest\u00e3o esportiva, educa\u00e7\u00e3o corporativa e relacionamento interpessoal. \u201cCada um deles far\u00e1 uma apresenta\u00e7\u00e3o da hist\u00f3ria de vida, a trajet\u00f3ria com alcance ao sucesso, com muita emo\u00e7\u00e3o. S\u00e3o hist\u00f3rias de supera\u00e7\u00e3o\u201d, avalia Emerson Appel.<\/p>\n<p>Outro foco do f\u00f3rum \u00e9 descentralizar o acesso ao conhecimento esportivo no pa\u00eds.<\/p>\n<blockquote><p>A informa\u00e7\u00e3o \u00e0s vezes se concentra no Rio de Janeiro e S\u00e3o Paulo, e n\u00f3s queremos lev\u00e1-la aos 27 \u2018cantinhos\u2019 do Brasil. Informa\u00e7\u00e3o para se tornar conhecimento, acesso a recursos e a melhor maneira de gerenciamento do dinheiro. Queremos ver os pequenos clubes participando de campeonatos nacionais, refor\u00e7a o gerente de Esportes e Rela\u00e7\u00f5es Institucionais do CBC.<\/p><\/blockquote>\n<p>&nbsp;<\/p>\n<div class=\"dimg\"><img decoding=\"async\" class=\"i-amphtml-intrinsic-sizer\" role=\"presentation\" src=\"data:;base64,<svg height=\"719px\" width=\"1280px\" xmlns=\"http:\/\/www.w3.org\/2000\/svg\" version=\"1.1\"\/>&#8221; alt=&#8221;&#8221; aria-hidden=&#8221;true&#8221; \/><img decoding=\"async\" class=\"aligncenter\" src=\"https:\/\/www.meionews.com\/uploads\/imagens\/2026\/2\/23\/piaui-recebera-forum-esportivo-com-magic-paula-lars-grael-e-andre-heller--726020ed34b2bcf6.jpg\" alt=\"Foto: Divulga\u00e7\u00e3oFoto: Divulga\u00e7\u00e3o\" \/><\/div>\n<p><span class=\"fr-inner\">Foto: Divulga\u00e7\u00e3o<\/span>&nbsp;<\/p>\n<p>Al\u00e9m do CBC, tamb\u00e9m s\u00e3o beneficiados com repasses das loterias federais \u00f3rg\u00e3os como o Comit\u00ea Ol\u00edmpico Brasileiro (COB) e o Comit\u00ea Paral\u00edmpico Brasileiro (CPB), entre outras entidades esportivas e tamb\u00e9m de outros segmentos da sociedade brasileira.<\/p>\n<p>Do total arrecadado, 0,46% \u00e9 destinado ao Comit\u00ea Brasileiro de Clubes. \u201cA loteria federal \u00e9 um dos grandes financiadores do esporte no Brasil\u201d, frisa Emerson. Segundo ele, a aplica\u00e7\u00e3o do montante total, que no \u00faltimo ano somou pr\u00f3ximo a R$ 13 bilh\u00f5es, entre todos os benefici\u00e1rios previstos pela legisla\u00e7\u00e3o, \u00e9 auditada pelo Tribunal de Contas da Uni\u00e3o (TCU) e fiscalizada pelo Minist\u00e9rio do Esporte.<\/p>\n<blockquote><p>A legisla\u00e7\u00e3o que disciplina o repasse do valor arrecadado pelas lot\u00e9ricas com jogos que envolvem n\u00fameros tamb\u00e9m regulamenta repasses para educa\u00e7\u00e3o, sa\u00fade e seguran\u00e7a, entre outros, conclui Emerson.<\/p>\n<p>&nbsp;<\/p><\/blockquote>\n<div class=\"article-share_buttons2 article-share\">\n<div class=\"share_buttons\">\n<div class=\"buttons\">\n<p>Fonte: Portal MeioNews.<br \/>\nConfira esta e outras mat\u00e9rias na \u00edntegra pelo link: https:\/\/www.meionews.com\/esportes\/piaui-recebera-forum-esportivo-com-magic-paula-lars-grael-e-andre-heller-556097<\/p>\n<\/div>\n<\/div>\n<\/div>\n<\/div>\n<\/div>\n","protected":false},"excerpt":{"rendered":"<p>Para fortalecer e capacitar entidades, o F\u00f3rum Estadual de Forma\u00e7\u00e3o Esportiva do Piau\u00ed ser\u00e1 realizado no dia 18 de mar\u00e7o, em Teresina. &nbsp; Piau\u00ed receber\u00e1 f\u00f3rum esportivo com Magic Paula, Lars Grael e Andr\u00e9 Heller | Foto: Reprodu\u00e7\u00e3o Com a presen\u00e7a de grandes nomes do esporte brasileiro, como a\u00a0campe\u00e3 mundial do basquete, Magic Paula; o [&hellip;]<\/p>\n","protected":false},"author":3,"featured_media":17909,"comment_status":"open","ping_status":"open","sticky":false,"template":"","format":"standard","meta":{"om_disable_all_campaigns":false,"_monsterinsights_skip_tracking":false,"_monsterinsights_sitenote_active":false,"_monsterinsights_sitenote_note":"","_monsterinsights_sitenote_category":0,"footnotes":""},"categories":[48,33],"tags":[],"class_list":["post-17908","post","type-post","status-publish","format-standard","has-post-thumbnail","hentry","category-esportes","category-piaui"],"jetpack_featured_media_url":"https:\/\/fatoelado.com\/wp-content\/uploads\/2026\/02\/piaui-recebera-forum-esportivo-com-magic-paula-lars-grael-e-andre-heller-d7238698f95ccbb7.jpg","_links":{"self":[{"href":"https:\/\/fatoelado.com\/index.php?rest_route=\/wp\/v2\/posts\/17908","targetHints":{"allow":["GET"]}}],"collection":[{"href":"https:\/\/fatoelado.com\/index.php?rest_route=\/wp\/v2\/posts"}],"about":[{"href":"https:\/\/fatoelado.com\/index.php?rest_route=\/wp\/v2\/types\/post"}],"author":[{"embeddable":true,"href":"https:\/\/fatoelado.com\/index.php?rest_route=\/wp\/v2\/users\/3"}],"replies":[{"embeddable":true,"href":"https:\/\/fatoelado.com\/index.php?rest_route=%2Fwp%2Fv2%2Fcomments&post=17908"}],"version-history":[{"count":1,"href":"https:\/\/fatoelado.com\/index.php?rest_route=\/wp\/v2\/posts\/17908\/revisions"}],"predecessor-version":[{"id":17910,"href":"https:\/\/fatoelado.com\/index.php?rest_route=\/wp\/v2\/posts\/17908\/revisions\/17910"}],"wp:featuredmedia":[{"embeddable":true,"href":"https:\/\/fatoelado.com\/index.php?rest_route=\/wp\/v2\/media\/17909"}],"wp:attachment":[{"href":"https:\/\/fatoelado.com\/index.php?rest_route=%2Fwp%2Fv2%2Fmedia&parent=17908"}],"wp:term":[{"taxonomy":"category","embeddable":true,"href":"https:\/\/fatoelado.com\/index.php?rest_route=%2Fwp%2Fv2%2Fcategories&post=17908"},{"taxonomy":"post_tag","embeddable":true,"href":"https:\/\/fatoelado.com\/index.php?rest_route=%2Fwp%2Fv2%2Ftags&post=17908"}],"curies":[{"name":"wp","href":"https:\/\/api.w.org\/{rel}","templated":true}]}}