{"id":17905,"date":"2026-02-23T07:15:14","date_gmt":"2026-02-23T10:15:14","guid":{"rendered":"https:\/\/fatoelado.com\/?p=17905"},"modified":"2026-02-23T07:15:14","modified_gmt":"2026-02-23T10:15:14","slug":"lula-manda-recado-a-trump-apos-nova-tarifa-nao-queremos-nova-guerra-fria","status":"publish","type":"post","link":"https:\/\/fatoelado.com\/?p=17905","title":{"rendered":"Lula manda recado a Trump ap\u00f3s nova tarifa: \u201cN\u00e3o queremos nova Guerra Fria\u201d"},"content":{"rendered":"<h2 class=\"article-subtitle\" style=\"text-align: center;\">Presidente comenta novas tarifas de Trump e questiona uso do d\u00f3lar em transa\u00e7\u00f5es internacionais.<\/h2>\n<p>&nbsp;<\/p>\n<div class=\"article-image-featured\" style=\"text-align: center;\"><img decoding=\"async\" class=\"i-amphtml-fill-content i-amphtml-replaced-content aligncenter\" src=\"https:\/\/www.meionews.com\/uploads\/imagens\/2026\/2\/22\/presidente-luis-inacio-lula-da-silva--021c855df54fd504.jpg\" alt=\"Presidente Lu\u00eds In\u00e1cio Lula da Silva | Reprodu\u00e7\u00e3o\" data-amp-loading=\"lazy\" \/><small>Presidente Lu\u00eds In\u00e1cio Lula da Silva | Foto: Reprodu\u00e7\u00e3o<\/small><\/div>\n<div class=\"g-news\"><\/div>\n<div class=\"article-html\">\n<div class=\"article-html-more\">\n<p>O presidente Luiz In\u00e1cio Lula da Silva afirmou, na madrugada deste domingo (22) em Nova D\u00e9lhi, na \u00cdndia, que o Brasil n\u00e3o quer uma \u201cnova Guerra Fria\u201d e defendeu rela\u00e7\u00f5es comerciais equilibradas com todos os pa\u00edses, ao comentar as novas tarifas impostas pelos Estados Unidos sob o comando de Donald Trump.<\/p>\n<p>Durante conversa com a imprensa, Lula declarou que o pa\u00eds n\u00e3o pretende demonstrar prefer\u00eancia por nenhuma na\u00e7\u00e3o e busca tratamento igualit\u00e1rio nas rela\u00e7\u00f5es internacionais. \u201cN\u00e3o queremos ter prefer\u00eancia por nenhum pa\u00eds. Queremos rela\u00e7\u00f5es iguais com todos e receber tratamento igualit\u00e1rio\u201d, disse.<\/p>\n<p>Na sexta-feira, 20, Trump anunciou uma tarifa global de 10% com base na Se\u00e7\u00e3o 122 do Ato do Com\u00e9rcio de 1974, ap\u00f3s a Suprema Corte dos Estados Unidos barrar o uso da Lei de Poderes Econ\u00f4micos de Emerg\u00eancia Internacional. No s\u00e1bado, 21, o percentual foi elevado para 15%.<\/p>\n<p>Lula afirmou estar aliviado por n\u00e3o ter se precipitado nas negocia\u00e7\u00f5es tarif\u00e1rias diante das incertezas provocadas pelos embates entre o governo norte-americano e a Suprema Corte. Segundo ele, parte das medidas anunciadas chegou a ser revista, inclusive no que diz respeito ao Brasil.<\/p>\n<p>O presidente brasileiro refor\u00e7ou que pretende dialogar diretamente com Trump para tratar do conjunto das rela\u00e7\u00f5es bilaterais. Ele tamb\u00e9m voltou a questionar o uso do d\u00f3lar nas transa\u00e7\u00f5es internacionais, defendendo a possibilidade de que pa\u00edses realizem com\u00e9rcio utilizando suas pr\u00f3prias moedas. \u201cPara o Brasil negociar com a \u00cdndia, precisa ser em d\u00f3lar ou podemos usar nossas moedas?\u201d, indagou.<\/p>\n<p>&nbsp;<\/p>\n<div class=\"article-share_buttons2 article-share\">\n<div class=\"share_buttons\">\n<div class=\"buttons\">\n<p>Fonte: Portal MeioNews.<br \/>\nConfira esta e outras mat\u00e9rias na \u00edntegra pelo link: https:\/\/www.meionews.com\/politica\/lula-manda-recado-a-trump-apos-nova-tarifa-nao-queremos-nova-guerra-fria-556083<\/p>\n<\/div>\n<\/div>\n<\/div>\n<\/div>\n<\/div>\n","protected":false},"excerpt":{"rendered":"<p>Presidente comenta novas tarifas de Trump e questiona uso do d\u00f3lar em transa\u00e7\u00f5es internacionais. &nbsp; Presidente Lu\u00eds In\u00e1cio Lula da Silva | Foto: Reprodu\u00e7\u00e3o O presidente Luiz In\u00e1cio Lula da Silva afirmou, na madrugada deste domingo (22) em Nova D\u00e9lhi, na \u00cdndia, que o Brasil n\u00e3o quer uma \u201cnova Guerra Fria\u201d e defendeu rela\u00e7\u00f5es comerciais [&hellip;]<\/p>\n","protected":false},"author":3,"featured_media":17906,"comment_status":"open","ping_status":"open","sticky":false,"template":"","format":"standard","meta":{"om_disable_all_campaigns":false,"_monsterinsights_skip_tracking":false,"_monsterinsights_sitenote_active":false,"_monsterinsights_sitenote_note":"","_monsterinsights_sitenote_category":0,"footnotes":""},"categories":[47],"tags":[],"class_list":["post-17905","post","type-post","status-publish","format-standard","has-post-thumbnail","hentry","category-nacionais"],"jetpack_featured_media_url":"https:\/\/fatoelado.com\/wp-content\/uploads\/2026\/02\/presidente-luis-inacio-lula-da-silva-021c855df54fd504.jpg","_links":{"self":[{"href":"https:\/\/fatoelado.com\/index.php?rest_route=\/wp\/v2\/posts\/17905","targetHints":{"allow":["GET"]}}],"collection":[{"href":"https:\/\/fatoelado.com\/index.php?rest_route=\/wp\/v2\/posts"}],"about":[{"href":"https:\/\/fatoelado.com\/index.php?rest_route=\/wp\/v2\/types\/post"}],"author":[{"embeddable":true,"href":"https:\/\/fatoelado.com\/index.php?rest_route=\/wp\/v2\/users\/3"}],"replies":[{"embeddable":true,"href":"https:\/\/fatoelado.com\/index.php?rest_route=%2Fwp%2Fv2%2Fcomments&post=17905"}],"version-history":[{"count":1,"href":"https:\/\/fatoelado.com\/index.php?rest_route=\/wp\/v2\/posts\/17905\/revisions"}],"predecessor-version":[{"id":17907,"href":"https:\/\/fatoelado.com\/index.php?rest_route=\/wp\/v2\/posts\/17905\/revisions\/17907"}],"wp:featuredmedia":[{"embeddable":true,"href":"https:\/\/fatoelado.com\/index.php?rest_route=\/wp\/v2\/media\/17906"}],"wp:attachment":[{"href":"https:\/\/fatoelado.com\/index.php?rest_route=%2Fwp%2Fv2%2Fmedia&parent=17905"}],"wp:term":[{"taxonomy":"category","embeddable":true,"href":"https:\/\/fatoelado.com\/index.php?rest_route=%2Fwp%2Fv2%2Fcategories&post=17905"},{"taxonomy":"post_tag","embeddable":true,"href":"https:\/\/fatoelado.com\/index.php?rest_route=%2Fwp%2Fv2%2Ftags&post=17905"}],"curies":[{"name":"wp","href":"https:\/\/api.w.org\/{rel}","templated":true}]}}