{"id":17902,"date":"2026-02-23T07:11:42","date_gmt":"2026-02-23T10:11:42","guid":{"rendered":"https:\/\/fatoelado.com\/?p=17902"},"modified":"2026-02-23T07:11:42","modified_gmt":"2026-02-23T10:11:42","slug":"relator-da-pec-6x1-sera-indicado-nesta-semana-diz-hugo-motta","status":"publish","type":"post","link":"https:\/\/fatoelado.com\/?p=17902","title":{"rendered":"Relator da PEC 6&#215;1 ser\u00e1 indicado nesta semana, diz Hugo Motta"},"content":{"rendered":"<h2 class=\"article-subtitle\" style=\"text-align: center;\">Hugo Motta anuncia que relator da proposta de jornada de trabalho ser\u00e1 definido no in\u00edcio da semana e an\u00e1lise na CCJ vai at\u00e9 mar\u00e7o.<\/h2>\n<p>&nbsp;<\/p>\n<div class=\"article-image-featured\" style=\"text-align: center;\"><img decoding=\"async\" class=\"i-amphtml-fill-content i-amphtml-replaced-content aligncenter\" src=\"https:\/\/www.meionews.com\/uploads\/imagens\/2026\/2\/22\/hugo-motta-republicanos-pb-candidato-favorito-para-ser-o-proximo-presidente-da-camara-dos-deputados--cdd0c1775c649baa.jpg\" alt=\"Hugo Motta (Republicanos-PB), candidato favorito para ser o pr\u00f3ximo presidente da C\u00e2mara dos Deputados  | M\u00e1rio Agra\/C\u00e2mara dos Deputados\" data-amp-loading=\"lazy\" \/><small>Hugo Motta (Republicanos-PB), candidato favorito para ser o pr\u00f3ximo presidente da C\u00e2mara dos Deputados | Foto: M\u00e1rio Agra\/C\u00e2mara dos Deputados<\/small><\/div>\n<div class=\"g-news\"><\/div>\n<div class=\"article-html\">\n<div class=\"article-html-more\">\n<p>O presidente da C\u00e2mara dos Deputados,<strong>\u00a0Hugo Motta<\/strong>, afirmou neste domingo, 22, que o relator da proposta de emenda \u00e0 Constitui\u00e7\u00e3o que trata da escala 6&#215;1 na Comiss\u00e3o de Constitui\u00e7\u00e3o e Justi\u00e7a e de Cidadania ser\u00e1 definido no in\u00edcio desta semana. Segundo ele, a defini\u00e7\u00e3o ocorreu ap\u00f3s reuni\u00e3o com o presidente do colegiado, Leur Lomanto J\u00fanior.<\/p>\n<p>De acordo com Motta, al\u00e9m da escolha do relator, ficou acertado que a an\u00e1lise da admissibilidade da <strong>PEC na CCJ dever\u00e1 ser conclu\u00edda at\u00e9 o fim de mar\u00e7o.<\/strong>\u00a0Ele acrescentou que, ap\u00f3s essa etapa, o tema ser\u00e1 discutido de forma mais ampla em uma comiss\u00e3o especial a ser criada posteriormente.<\/p>\n<p>Em v\u00eddeo divulgado nas redes sociais, o presidente da C\u00e2mara classificou como leg\u00edtima a discuss\u00e3o sobre mudan\u00e7as na atual jornada de trabalho, mas ressaltou que o debate precisa ocorrer com responsabilidade.<\/p>\n<p>Motta destacou ainda a import\u00e2ncia de ouvir diferentes setores envolvidos. Segundo ele, al\u00e9m de trabalhadores e representantes sindicais, tamb\u00e9m \u00e9 necess\u00e1rio considerar a posi\u00e7\u00e3o de empregadores e empres\u00e1rios, para que a tramita\u00e7\u00e3o ocorra sem radicaliza\u00e7\u00f5es ou imposi\u00e7\u00f5es e com foco no interesse do pa\u00eds.<\/p>\n<p>&nbsp;<\/p>\n<div class=\"article-share_buttons2 article-share\">\n<div class=\"share_buttons\">\n<div class=\"buttons\">\n<p>Fonte: Portal MeioNews.<br \/>\nConfira esta e outras mat\u00e9rias na \u00edntegra pelo link: https:\/\/www.meionews.com\/politica\/relator-da-pec-6&#215;1-sera-indicado-nesta-semana-diz-hugo-motta-556088<\/p>\n<\/div>\n<\/div>\n<\/div>\n<\/div>\n<\/div>\n","protected":false},"excerpt":{"rendered":"<p>Hugo Motta anuncia que relator da proposta de jornada de trabalho ser\u00e1 definido no in\u00edcio da semana e an\u00e1lise na CCJ vai at\u00e9 mar\u00e7o. &nbsp; Hugo Motta (Republicanos-PB), candidato favorito para ser o pr\u00f3ximo presidente da C\u00e2mara dos Deputados | Foto: M\u00e1rio Agra\/C\u00e2mara dos Deputados O presidente da C\u00e2mara dos Deputados,\u00a0Hugo Motta, afirmou neste domingo, [&hellip;]<\/p>\n","protected":false},"author":3,"featured_media":17903,"comment_status":"open","ping_status":"open","sticky":false,"template":"","format":"standard","meta":{"om_disable_all_campaigns":false,"_monsterinsights_skip_tracking":false,"_monsterinsights_sitenote_active":false,"_monsterinsights_sitenote_note":"","_monsterinsights_sitenote_category":0,"footnotes":""},"categories":[47],"tags":[],"class_list":["post-17902","post","type-post","status-publish","format-standard","has-post-thumbnail","hentry","category-nacionais"],"jetpack_featured_media_url":"https:\/\/fatoelado.com\/wp-content\/uploads\/2026\/02\/hugo-motta-republicanos-pb-candidato-favorito-para-ser-o-proximo-presidente-da-camara-dos-deputados-cdd0c1775c649baa.jpg","_links":{"self":[{"href":"https:\/\/fatoelado.com\/index.php?rest_route=\/wp\/v2\/posts\/17902","targetHints":{"allow":["GET"]}}],"collection":[{"href":"https:\/\/fatoelado.com\/index.php?rest_route=\/wp\/v2\/posts"}],"about":[{"href":"https:\/\/fatoelado.com\/index.php?rest_route=\/wp\/v2\/types\/post"}],"author":[{"embeddable":true,"href":"https:\/\/fatoelado.com\/index.php?rest_route=\/wp\/v2\/users\/3"}],"replies":[{"embeddable":true,"href":"https:\/\/fatoelado.com\/index.php?rest_route=%2Fwp%2Fv2%2Fcomments&post=17902"}],"version-history":[{"count":1,"href":"https:\/\/fatoelado.com\/index.php?rest_route=\/wp\/v2\/posts\/17902\/revisions"}],"predecessor-version":[{"id":17904,"href":"https:\/\/fatoelado.com\/index.php?rest_route=\/wp\/v2\/posts\/17902\/revisions\/17904"}],"wp:featuredmedia":[{"embeddable":true,"href":"https:\/\/fatoelado.com\/index.php?rest_route=\/wp\/v2\/media\/17903"}],"wp:attachment":[{"href":"https:\/\/fatoelado.com\/index.php?rest_route=%2Fwp%2Fv2%2Fmedia&parent=17902"}],"wp:term":[{"taxonomy":"category","embeddable":true,"href":"https:\/\/fatoelado.com\/index.php?rest_route=%2Fwp%2Fv2%2Fcategories&post=17902"},{"taxonomy":"post_tag","embeddable":true,"href":"https:\/\/fatoelado.com\/index.php?rest_route=%2Fwp%2Fv2%2Ftags&post=17902"}],"curies":[{"name":"wp","href":"https:\/\/api.w.org\/{rel}","templated":true}]}}