{"id":17897,"date":"2026-02-23T07:10:07","date_gmt":"2026-02-23T10:10:07","guid":{"rendered":"https:\/\/fatoelado.com\/?p=17897"},"modified":"2026-02-23T07:10:07","modified_gmt":"2026-02-23T10:10:07","slug":"homem-e-preso-apos-matar-freira-em-convento-no-interior-do-parana","status":"publish","type":"post","link":"https:\/\/fatoelado.com\/?p=17897","title":{"rendered":"Homem \u00e9 preso ap\u00f3s matar freira em convento no interior do Paran\u00e1"},"content":{"rendered":"<h2 class=\"article-subtitle\" style=\"text-align: center;\">Suspeito, de 33 anos, alegou ter ouvido vozes ap\u00f3s consumir drogas e \u00e1lcool.<\/h2>\n<p>&nbsp;<\/p>\n<div class=\"article-image-featured\" style=\"text-align: center;\"><img decoding=\"async\" class=\"i-amphtml-fill-content i-amphtml-replaced-content aligncenter\" src=\"https:\/\/www.meionews.com\/uploads\/imagens\/2026\/2\/22\/irma-nadia--904d960d3513bc69.jpg\" alt=\"Irm\u00e3 N\u00e1dia | Reprodu\u00e7\u00e3o\" data-amp-loading=\"lazy\" \/><small>Irm\u00e3 N\u00e1dia | Foto: Reprodu\u00e7\u00e3o<\/small><\/div>\n<div class=\"g-news\"><\/div>\n<div class=\"article-html\">\n<div class=\"article-html-more\">\n<p>Um homem de 33 anos foi preso em flagrante ap\u00f3s invadir um convento e matar uma freira de 82 anos no s\u00e1bado (21)em Iva\u00ed, no interior do Paran\u00e1.<\/p>\n<p>Em depoimento \u00e0 Pol\u00edcia Civil do Paran\u00e1,\u00a0<strong>ele afirmou ter consumido crack e bebidas alco\u00f3licas durante a madrugada e relatou que passou a ouvir vozes que o mandavam matar algu\u00e9m.<\/strong>\u00a0Segundo o pr\u00f3prio suspeito, ap\u00f3s isso ele pulou o muro do convento.<\/p>\n<p>O homem contou que encontrou a religiosa, identificada como\u00a0<strong>irm\u00e3 Nadia Gavasnki<\/strong>, e disse a ela que estaria trabalhando em um evento no local. Ainda conforme o relato, a freira desconfiou da justificativa. Ele afirmou que a empurrou, momento em que a v\u00edtima caiu e come\u00e7ou a pedir ajuda. Em seguida, ele a atacou e a asfixiou. O suspeito negou ter atingido diretamente a cabe\u00e7a da idosa, mas admitiu que ela pode ter se ferido na queda.\u00a0<strong>Tamb\u00e9m negou viol\u00eancia sexual ou tentativa de roubo.<\/strong><\/p>\n<p>Depois do crime, aproximou-se de outras pessoas no convento e declarou que havia encontrado a freira ca\u00edda. Uma das religiosas informou que irm\u00e3 Nadia costumava ir ao local ap\u00f3s o almo\u00e7o para alimentar galinhas.<\/p>\n<p>Uma fot\u00f3grafa que registrava um evento no monast\u00e9rio relatou ter sido abordada pelo suspeito logo ap\u00f3s o ocorrido. Segundo ela, o homem demonstrava nervosismo, estava com roupas sujas de sangue e apresentava arranh\u00f5es no pesco\u00e7o. Ele voltou a dizer que era funcion\u00e1rio do convento. Desconfiada, a profissional registrou parte da intera\u00e7\u00e3o e pediu ajuda para que uma ambul\u00e2ncia fosse acionada.<\/p>\n<p>Durante o socorro \u00e0 v\u00edtima, o suspeito deixou o local. Com base nas imagens feitas pela testemunha, ele foi identificado<strong>. J\u00e1 conhecido das for\u00e7as de seguran\u00e7a por antecedentes de roubo e furto,<\/strong>\u00a0foi localizado em casa ap\u00f3s dilig\u00eancias da Pol\u00edcia Militar do Paran\u00e1. Ao perceber a chegada dos policiais, tentou fugir e reagiu com socos e chutes, mas acabou detido. Questionado, admitiu o crime.<\/p>\n<p>Ele foi autuado em flagrante por\u00a0<strong>homic\u00eddio qualificado por motivo f\u00fatil,\u00a0<\/strong>asfixia e recurso que dificultou a defesa da v\u00edtima, al\u00e9m de resist\u00eancia, e encaminhado ao sistema penitenci\u00e1rio.<\/p>\n<p>A Pol\u00edcia Civil informou que tamb\u00e9m ir\u00e1 apurar a poss\u00edvel ocorr\u00eancia de crime sexual, consumado ou tentado, j\u00e1 que a v\u00edtima apresentava vestimentas parcialmente retiradas. A confirma\u00e7\u00e3o depender\u00e1 dos laudos periciais.<\/p>\n<p>Em nota, a Congrega\u00e7\u00e3o das Irm\u00e3s Servas de Maria Imaculada lamentou a morte de irm\u00e3 Nadia e classificou o epis\u00f3dio como um ato de viol\u00eancia injustific\u00e1vel. A institui\u00e7\u00e3o declarou solidariedade aos familiares e informou que colabora com as autoridades. O vel\u00f3rio ocorreu na tarde deste domingo, 22, em Prudent\u00f3polis.<\/p>\n<div class=\"dimg\"><img decoding=\"async\" class=\"i-amphtml-intrinsic-sizer\" role=\"presentation\" src=\"data:;base64,<svg height=\"746px\" width=\"741px\" xmlns=\"http:\/\/www.w3.org\/2000\/svg\" version=\"1.1\"\/>&#8221; alt=&#8221;&#8221; aria-hidden=&#8221;true&#8221; \/><img decoding=\"async\" class=\"aligncenter\" src=\"https:\/\/www.meionews.com\/uploads\/imagens\/2026\/2\/22\/homem-invade-convento-e-mata-freira-apos-ouvir-vozes-no-pr--a82722561bd66e0e.jpg\" alt=\"Nota publicada na p\u00e1gina do convento no Instagram - Foto: reprodu\u00e7\u00e3o\/Redes sociais\" \/><\/div>\n<p><span class=\"fr-inner\">Nota publicada na p\u00e1gina do convento no Instagram &#8211; Foto: reprodu\u00e7\u00e3o\/Redes sociais<\/span>&nbsp;<\/p>\n<div class=\"article-share_buttons2 article-share\">\n<div class=\"share_buttons\">\n<div class=\"buttons\">\n<p>Fonte: Portal MeioNews.<br \/>\nConfira esta e outras mat\u00e9rias na \u00edntegra pelo link: https:\/\/www.meionews.com\/noticias\/homem-e-preso-apos-matar-freira-em-convento-no-interior-do-parana-556091<\/p>\n<\/div>\n<\/div>\n<\/div>\n<\/div>\n<\/div>\n","protected":false},"excerpt":{"rendered":"<p>Suspeito, de 33 anos, alegou ter ouvido vozes ap\u00f3s consumir drogas e \u00e1lcool. &nbsp; Irm\u00e3 N\u00e1dia | Foto: Reprodu\u00e7\u00e3o Um homem de 33 anos foi preso em flagrante ap\u00f3s invadir um convento e matar uma freira de 82 anos no s\u00e1bado (21)em Iva\u00ed, no interior do Paran\u00e1. Em depoimento \u00e0 Pol\u00edcia Civil do Paran\u00e1,\u00a0ele afirmou [&hellip;]<\/p>\n","protected":false},"author":3,"featured_media":17898,"comment_status":"open","ping_status":"open","sticky":false,"template":"","format":"standard","meta":{"om_disable_all_campaigns":false,"_monsterinsights_skip_tracking":false,"_monsterinsights_sitenote_active":false,"_monsterinsights_sitenote_note":"","_monsterinsights_sitenote_category":0,"footnotes":""},"categories":[47],"tags":[],"class_list":["post-17897","post","type-post","status-publish","format-standard","has-post-thumbnail","hentry","category-nacionais"],"jetpack_featured_media_url":"https:\/\/fatoelado.com\/wp-content\/uploads\/2026\/02\/irma-nadia-904d960d3513bc69.jpg","_links":{"self":[{"href":"https:\/\/fatoelado.com\/index.php?rest_route=\/wp\/v2\/posts\/17897","targetHints":{"allow":["GET"]}}],"collection":[{"href":"https:\/\/fatoelado.com\/index.php?rest_route=\/wp\/v2\/posts"}],"about":[{"href":"https:\/\/fatoelado.com\/index.php?rest_route=\/wp\/v2\/types\/post"}],"author":[{"embeddable":true,"href":"https:\/\/fatoelado.com\/index.php?rest_route=\/wp\/v2\/users\/3"}],"replies":[{"embeddable":true,"href":"https:\/\/fatoelado.com\/index.php?rest_route=%2Fwp%2Fv2%2Fcomments&post=17897"}],"version-history":[{"count":1,"href":"https:\/\/fatoelado.com\/index.php?rest_route=\/wp\/v2\/posts\/17897\/revisions"}],"predecessor-version":[{"id":17899,"href":"https:\/\/fatoelado.com\/index.php?rest_route=\/wp\/v2\/posts\/17897\/revisions\/17899"}],"wp:featuredmedia":[{"embeddable":true,"href":"https:\/\/fatoelado.com\/index.php?rest_route=\/wp\/v2\/media\/17898"}],"wp:attachment":[{"href":"https:\/\/fatoelado.com\/index.php?rest_route=%2Fwp%2Fv2%2Fmedia&parent=17897"}],"wp:term":[{"taxonomy":"category","embeddable":true,"href":"https:\/\/fatoelado.com\/index.php?rest_route=%2Fwp%2Fv2%2Fcategories&post=17897"},{"taxonomy":"post_tag","embeddable":true,"href":"https:\/\/fatoelado.com\/index.php?rest_route=%2Fwp%2Fv2%2Ftags&post=17897"}],"curies":[{"name":"wp","href":"https:\/\/api.w.org\/{rel}","templated":true}]}}