{"id":17886,"date":"2026-02-23T07:06:33","date_gmt":"2026-02-23T10:06:33","guid":{"rendered":"https:\/\/fatoelado.com\/?p=17886"},"modified":"2026-02-23T07:06:33","modified_gmt":"2026-02-23T10:06:33","slug":"nova-regra-de-seguranca-do-trabalho-exige-atencao-a-saude-mental","status":"publish","type":"post","link":"https:\/\/fatoelado.com\/?p=17886","title":{"rendered":"Nova regra de seguran\u00e7a do trabalho exige aten\u00e7\u00e3o \u00e0 sa\u00fade mental"},"content":{"rendered":"<h2 class=\"article-subtitle\" style=\"text-align: center;\">Atualiza\u00e7\u00e3o da NR-1 determina que riscos psicossociais sejam inclu\u00eddos oficialmente na gest\u00e3o ocupacional a partir de maio de 2026<\/h2>\n<p>&nbsp;<\/p>\n<div class=\"article-image-featured\" style=\"text-align: center;\"><img decoding=\"async\" class=\"i-amphtml-fill-content i-amphtml-replaced-content aligncenter\" src=\"https:\/\/www.meionews.com\/uploads\/imagens\/2026\/2\/22\/saude-mental-entra-nas-regras-obrigatorias-de-seguranca-do-trabalho--d8b6f01e77ddefe1.jpg\" alt=\"Sa\u00fade mental entra nas regras obrigat\u00f3rias de seguran\u00e7a do trabalho | Reprodu\u00e7\u00e3o\/Freepik\" data-amp-loading=\"lazy\" \/><small>Sa\u00fade mental entra nas regras obrigat\u00f3rias de seguran\u00e7a do trabalho | Foto: Reprodu\u00e7\u00e3o\/Freepik<\/small><\/div>\n<div class=\"g-news\"><\/div>\n<div class=\"article-html\">\n<div class=\"article-html-more\">\n<p>A\u00a0<strong>Norma Regulamentadora n\u00ba 1 (NR-1)<\/strong>, principal diretriz do sistema de seguran\u00e7a e sa\u00fade no trabalho no Brasil, passar\u00e1 por uma mudan\u00e7a significativa em 2026. A partir de 26 de maio, empresas ser\u00e3o obrigadas a incluir riscos psicossociais, como estresse, ass\u00e9dio e sobrecarga, nos processos formais de gerenciamento ocupacional, ampliando o foco tradicional que antes se concentrava sobretudo em riscos f\u00edsicos.<\/p>\n<p>A norma estabelece diretrizes gerais e define responsabilidades de empregadores e trabalhadores na\u00a0<strong>preven\u00e7\u00e3o de acidentes e doen\u00e7as relacionadas ao trabalho<\/strong>. At\u00e9 ent\u00e3o, a aplica\u00e7\u00e3o pr\u00e1tica priorizava fatores como ergonomia e exposi\u00e7\u00e3o a agentes qu\u00edmicos. Com a atualiza\u00e7\u00e3o, o escopo passa a contemplar tamb\u00e9m aspectos ligados \u00e0 sa\u00fade mental.<\/p>\n<div class=\"dimg\"><img decoding=\"async\" class=\"i-amphtml-intrinsic-sizer\" role=\"presentation\" src=\"data:;base64,<svg height=\"600px\" width=\"960px\" xmlns=\"http:\/\/www.w3.org\/2000\/svg\" version=\"1.1\"\/>&#8221; alt=&#8221;&#8221; aria-hidden=&#8221;true&#8221; \/><img decoding=\"async\" class=\"i-amphtml-fill-content i-amphtml-replaced-content aligncenter\" src=\"https:\/\/www.meionews.com\/uploads\/imagens\/2026\/2\/22\/nova-regra-de-seguranca-do-trabalho-exige-atencao-a-saude-mental--36dfd1dd819f1e87.jpg\" alt=\"Cuidados com a sa\u00fade mental impactam diretamente no trabalho - Imagem: Reprodu\u00e7\u00e3o\/Internet\" data-amp-loading=\"lazy\" \/><\/div>\n<p><span class=\"fr-inner\">Cuidados com a sa\u00fade mental impactam diretamente no trabalho &#8211; Imagem: Reprodu\u00e7\u00e3o\/Internet<\/span>&nbsp;<\/p>\n<h3 data-end=\"1117\" data-start=\"1092\">O que muda na pr\u00e1tica<\/h3>\n<p>A principal altera\u00e7\u00e3o \u00e9 a\u00a0<strong>inclus\u00e3o expl\u00edcita dos riscos psicossociais<\/strong>\u00a0no Gerenciamento de Riscos Ocupacionais (GRO), ferramenta integrada aos sistemas oficiais, como o portal gov.br. Isso significa que situa\u00e7\u00f5es como ass\u00e9dio moral, ass\u00e9dio sexual, ambientes hostis, falhas de comunica\u00e7\u00e3o e organiza\u00e7\u00e3o inadequada do trabalho dever\u00e3o ser avaliadas e monitoradas formalmente.<\/p>\n<p>O principal instrumento operacional da NR-1 \u00e9 o Programa de Gerenciamento de Riscos (PGR), vinculado ao sistema\u00a0<strong data-end=\"1681\" data-start=\"1640\">eSocial<\/strong>, que re\u00fane informa\u00e7\u00f5es sobre seguran\u00e7a e sa\u00fade ocupacional. Embora todas as empresas com funcion\u00e1rios precisem gerenciar riscos, nem todas s\u00e3o obrigadas a elaborar o programa completo, dependendo do porte e da atividade exercida.<\/p>\n<h3 data-end=\"1944\" data-start=\"1918\">Impactos para empresas<\/h3>\n<p>Para pequenas e m\u00e9dias empresas, a atualiza\u00e7\u00e3o representa simultaneamente um desafio de adapta\u00e7\u00e3o e uma oportunidade de aprimorar a gest\u00e3o interna. Especialistas avaliam que a norma n\u00e3o se limita ao cumprimento legal, mas tamb\u00e9m pode trazer benef\u00edcios organizacionais.<\/p>\n<p>Segundo Tatiana Gon\u00e7alves, CEO da\u00a0<strong data-end=\"2290\" data-start=\"2249\">Moema Medicina do Trabalho<\/strong>, a regulamenta\u00e7\u00e3o atua como mecanismo preventivo. De acordo com a executiva, a diretriz ajuda a orientar empregadores sobre como agir para evitar conflitos e reduzir riscos jur\u00eddicos, incluindo a\u00e7\u00f5es trabalhistas.<\/p>\n<p>Al\u00e9m disso, ambientes de trabalho estruturados e saud\u00e1veis tendem a favorecer o bem-estar dos profissionais, fator associado a ganhos de produtividade e desempenho.<\/p>\n<div class=\"dimg\">\n<div class=\"dimg\"><img decoding=\"async\" class=\"i-amphtml-fill-content i-amphtml-replaced-content aligncenter\" src=\"https:\/\/www.meionews.com\/uploads\/imagens\/2026\/2\/22\/nova-regra-de-seguranca-do-trabalho-exige-atencao-a-saude-mental--680d945e13bc5016.jpg\" alt=\"Ambiente de trabalho tem forte influ\u00eancia na sanidade mental - Imagem: Reprodu\u00e7\u00e3o\/Freepik\" data-amp-loading=\"lazy\" \/><\/div>\n<p><span class=\"fr-inner\">Ambiente de trabalho tem forte influ\u00eancia na sanidade mental &#8211; Imagem: Reprodu\u00e7\u00e3o\/Freepik<\/span><\/div>\n<h3 data-end=\"2714\" data-start=\"2677\">Medidas recomendadas de adapta\u00e7\u00e3o<\/h3>\n<p>Especialistas indicam que o primeiro passo para adequa\u00e7\u00e3o \u00e9\u00a0<strong>realizar um diagn\u00f3stico interno<\/strong>\u00a0detalhado. Entre as a\u00e7\u00f5es pr\u00e1ticas sugeridas est\u00e1 o mapeamento de riscos com participa\u00e7\u00e3o ativa dos funcion\u00e1rios, incluindo question\u00e1rios an\u00f4nimos sobre clima organizacional, rela\u00e7\u00f5es com lideran\u00e7as e percep\u00e7\u00e3o de carga de trabalho.<\/p>\n<p>Outra estrat\u00e9gia relevante \u00e9<strong>\u00a0revisar processos internos e fluxos de comunica\u00e7\u00e3o<\/strong>. Muitas tens\u00f5es corporativas, segundo especialistas, n\u00e3o decorrem diretamente de ass\u00e9dio, mas de falta de transpar\u00eancia em promo\u00e7\u00f5es, defini\u00e7\u00e3o de fun\u00e7\u00f5es e crit\u00e9rios de avalia\u00e7\u00e3o.<\/p>\n<p>Iniciativas de incentivo \u00e0\u00a0<strong>atividade f\u00edsica e ao bem-estar<\/strong>\u00a0tamb\u00e9m s\u00e3o apontadas como medidas complementares, j\u00e1 que sa\u00fade mental e f\u00edsica tendem a estar interligadas no ambiente profissional.<\/p>\n<p class=\"ads\">\n<div class=\"article-share_buttons2 article-share\">\n<div class=\"share_buttons\">\n<div class=\"buttons\">\n<p>Fonte: Portal MeioNews.<br \/>\nConfira esta e outras mat\u00e9rias na \u00edntegra pelo link: https:\/\/www.meionews.com\/bem-estar\/nova-regra-de-seguranca-do-trabalho-exige-atencao-a-saude-mental-556047<\/p>\n<\/div>\n<\/div>\n<\/div>\n<\/div>\n<\/div>\n","protected":false},"excerpt":{"rendered":"<p>Atualiza\u00e7\u00e3o da NR-1 determina que riscos psicossociais sejam inclu\u00eddos oficialmente na gest\u00e3o ocupacional a partir de maio de 2026 &nbsp; Sa\u00fade mental entra nas regras obrigat\u00f3rias de seguran\u00e7a do trabalho | Foto: Reprodu\u00e7\u00e3o\/Freepik A\u00a0Norma Regulamentadora n\u00ba 1 (NR-1), principal diretriz do sistema de seguran\u00e7a e sa\u00fade no trabalho no Brasil, passar\u00e1 por uma mudan\u00e7a significativa [&hellip;]<\/p>\n","protected":false},"author":3,"featured_media":17888,"comment_status":"open","ping_status":"open","sticky":false,"template":"","format":"standard","meta":{"om_disable_all_campaigns":false,"_monsterinsights_skip_tracking":false,"_monsterinsights_sitenote_active":false,"_monsterinsights_sitenote_note":"","_monsterinsights_sitenote_category":0,"footnotes":""},"categories":[42],"tags":[],"class_list":["post-17886","post","type-post","status-publish","format-standard","has-post-thumbnail","hentry","category-saude"],"jetpack_featured_media_url":"https:\/\/fatoelado.com\/wp-content\/uploads\/2026\/02\/saude-mental-entra-nas-regras-obrigatorias-de-seguranca-do-trabalho-d8b6f01e77ddefe1.webp","_links":{"self":[{"href":"https:\/\/fatoelado.com\/index.php?rest_route=\/wp\/v2\/posts\/17886","targetHints":{"allow":["GET"]}}],"collection":[{"href":"https:\/\/fatoelado.com\/index.php?rest_route=\/wp\/v2\/posts"}],"about":[{"href":"https:\/\/fatoelado.com\/index.php?rest_route=\/wp\/v2\/types\/post"}],"author":[{"embeddable":true,"href":"https:\/\/fatoelado.com\/index.php?rest_route=\/wp\/v2\/users\/3"}],"replies":[{"embeddable":true,"href":"https:\/\/fatoelado.com\/index.php?rest_route=%2Fwp%2Fv2%2Fcomments&post=17886"}],"version-history":[{"count":1,"href":"https:\/\/fatoelado.com\/index.php?rest_route=\/wp\/v2\/posts\/17886\/revisions"}],"predecessor-version":[{"id":17889,"href":"https:\/\/fatoelado.com\/index.php?rest_route=\/wp\/v2\/posts\/17886\/revisions\/17889"}],"wp:featuredmedia":[{"embeddable":true,"href":"https:\/\/fatoelado.com\/index.php?rest_route=\/wp\/v2\/media\/17888"}],"wp:attachment":[{"href":"https:\/\/fatoelado.com\/index.php?rest_route=%2Fwp%2Fv2%2Fmedia&parent=17886"}],"wp:term":[{"taxonomy":"category","embeddable":true,"href":"https:\/\/fatoelado.com\/index.php?rest_route=%2Fwp%2Fv2%2Fcategories&post=17886"},{"taxonomy":"post_tag","embeddable":true,"href":"https:\/\/fatoelado.com\/index.php?rest_route=%2Fwp%2Fv2%2Ftags&post=17886"}],"curies":[{"name":"wp","href":"https:\/\/api.w.org\/{rel}","templated":true}]}}