{"id":17883,"date":"2026-02-22T05:30:52","date_gmt":"2026-02-22T08:30:52","guid":{"rendered":"https:\/\/fatoelado.com\/?p=17883"},"modified":"2026-02-21T21:31:42","modified_gmt":"2026-02-22T00:31:42","slug":"teresina-inaugura-nova-alca-de-ligacao-da-via-sul-a-ponte-wall-ferraz-nesta-segunda-23","status":"publish","type":"post","link":"https:\/\/fatoelado.com\/?p=17883","title":{"rendered":"Teresina inaugura nova al\u00e7a de liga\u00e7\u00e3o da Via Sul \u00e0 Ponte Wall Ferraz nesta segunda (23)"},"content":{"rendered":"<h2 class=\"article-subtitle\" style=\"text-align: center;\">Teresina inaugura nova liga\u00e7\u00e3o vi\u00e1ria entre Via Sul, Higino Cunha e Ponte Wall Ferraz, impulsionando a mobilidade e qualidade de vida na capital.<\/h2>\n<p>&nbsp;<\/p>\n<div class=\"article-image-featured\" style=\"text-align: center;\"><img decoding=\"async\" class=\"i-amphtml-fill-content i-amphtml-replaced-content aligncenter\" src=\"https:\/\/www.meionews.com\/uploads\/imagens\/2026\/2\/21\/via-sul--ca61c0e772e4a440.jpg\" alt=\"Via Sul | Divulga\u00e7\u00e3o\" data-amp-loading=\"lazy\" \/><small>Via Sul | Foto: Divulga\u00e7\u00e3o<\/small><\/div>\n<div class=\"g-news\"><\/div>\n<div class=\"article-html\">\n<div class=\"article-html-more\">\n<p>A Prefeitura de Teresina inaugura\u00a0, nesta segunda-feira (23), \u00e0s 7h30,<strong>\u00a0uma nova liga\u00e7\u00e3o de liga\u00e7\u00e3o da Via Sul com a Avenida Higino Cunha e a Ponte Wall Ferraz.<\/strong> A obra integra a 1\u00aa etapa da implanta\u00e7\u00e3o da Avenida Marginal Poti Sul e representa um avan\u00e7o na mobilidade urbana da capital.<\/p>\n<p>A solenidade contar\u00e1 com a presen\u00e7a do prefeito Dr. Silvio Mendes, do secret\u00e1rio municipal de Planejamento e Coordena\u00e7\u00e3o, Marco Ant\u00f4nio Ayres, e do superintendente de Desenvolvimento Urbano Sul, Isaac Meneses. O evento ser\u00e1 realizado na Avenida Marechal Castelo Branco, sob a Ponte Wall Ferraz.<\/p>\n<p>A interven\u00e7\u00e3o incluiu pavimenta\u00e7\u00e3o asf\u00e1ltica, muros de conten\u00e7\u00e3o, obras de arte corrente, condu\u00e7\u00e3o superficial, cal\u00e7adas com acessibilidade e sinaliza\u00e7\u00e3o vertical e horizontal, com pintura de trilhos e ciclovias, al\u00e9m da instala\u00e7\u00e3o de tac\u00f5es e placas de tr\u00e2nsito. Essa fase, conto com investimento aproximado de R$ 4,5 milh\u00f5es, a etapa corresponde \u00e0 conclus\u00e3o das al\u00e7as que conectam a Via Sul \u2014 prolongamento da Avenida Marechal Castelo Branco \u2014 \u00e0 Avenida Higino Cunha e \u00e0 Ponte Wall Ferraz.<\/p>\n<p>A obra cria um acesso direto entre a Marginal Poti Sul e a Avenida Higino Cunha, fortalecendo a integra\u00e7\u00e3o entre as regi\u00f5es Centro-Norte e Sul-Sudeste, ampliando rotas e contribuindo para a melhoria do fluxo vi\u00e1rio.<\/p>\n<p>Al\u00e9m do impacto na mobilidade, a nova via conta com infraestrutura que incentiva a pr\u00e1tica de caminhadas, corridas e ciclismo, refor\u00e7ando a voca\u00e7\u00e3o esportiva da regi\u00e3o. A entrega consolida mais uma etapa de amplia\u00e7\u00e3o da infraestrutura vi\u00e1ria da capital, promovendo mobilidade e qualidade de vida para a popula\u00e7\u00e3o.<\/p>\n<div class=\"article-share_buttons2 article-share\">\n<div class=\"share_buttons\">\n<div class=\"buttons\">\n<p>&nbsp;<\/p>\n<p>Fonte: Portal MeioNews.<br \/>\nConfira esta e outras mat\u00e9rias na \u00edntegra pelo link: https:\/\/www.meionews.com\/piaui\/teresina-inaugura-nova-alca-de-ligacao-da-via-sul-a-ponte-wall-ferraz-nesta-segunda-23-556034<\/p>\n<\/div>\n<\/div>\n<\/div>\n<\/div>\n<\/div>\n","protected":false},"excerpt":{"rendered":"<p>Teresina inaugura nova liga\u00e7\u00e3o vi\u00e1ria entre Via Sul, Higino Cunha e Ponte Wall Ferraz, impulsionando a mobilidade e qualidade de vida na capital. &nbsp; Via Sul | Foto: Divulga\u00e7\u00e3o A Prefeitura de Teresina inaugura\u00a0, nesta segunda-feira (23), \u00e0s 7h30,\u00a0uma nova liga\u00e7\u00e3o de liga\u00e7\u00e3o da Via Sul com a Avenida Higino Cunha e a Ponte Wall [&hellip;]<\/p>\n","protected":false},"author":3,"featured_media":17884,"comment_status":"open","ping_status":"open","sticky":false,"template":"","format":"standard","meta":{"om_disable_all_campaigns":false,"_monsterinsights_skip_tracking":false,"_monsterinsights_sitenote_active":false,"_monsterinsights_sitenote_note":"","_monsterinsights_sitenote_category":0,"footnotes":""},"categories":[33],"tags":[],"class_list":["post-17883","post","type-post","status-publish","format-standard","has-post-thumbnail","hentry","category-piaui"],"jetpack_featured_media_url":"https:\/\/fatoelado.com\/wp-content\/uploads\/2026\/02\/via-sul-ca61c0e772e4a440.jpg","_links":{"self":[{"href":"https:\/\/fatoelado.com\/index.php?rest_route=\/wp\/v2\/posts\/17883","targetHints":{"allow":["GET"]}}],"collection":[{"href":"https:\/\/fatoelado.com\/index.php?rest_route=\/wp\/v2\/posts"}],"about":[{"href":"https:\/\/fatoelado.com\/index.php?rest_route=\/wp\/v2\/types\/post"}],"author":[{"embeddable":true,"href":"https:\/\/fatoelado.com\/index.php?rest_route=\/wp\/v2\/users\/3"}],"replies":[{"embeddable":true,"href":"https:\/\/fatoelado.com\/index.php?rest_route=%2Fwp%2Fv2%2Fcomments&post=17883"}],"version-history":[{"count":1,"href":"https:\/\/fatoelado.com\/index.php?rest_route=\/wp\/v2\/posts\/17883\/revisions"}],"predecessor-version":[{"id":17885,"href":"https:\/\/fatoelado.com\/index.php?rest_route=\/wp\/v2\/posts\/17883\/revisions\/17885"}],"wp:featuredmedia":[{"embeddable":true,"href":"https:\/\/fatoelado.com\/index.php?rest_route=\/wp\/v2\/media\/17884"}],"wp:attachment":[{"href":"https:\/\/fatoelado.com\/index.php?rest_route=%2Fwp%2Fv2%2Fmedia&parent=17883"}],"wp:term":[{"taxonomy":"category","embeddable":true,"href":"https:\/\/fatoelado.com\/index.php?rest_route=%2Fwp%2Fv2%2Fcategories&post=17883"},{"taxonomy":"post_tag","embeddable":true,"href":"https:\/\/fatoelado.com\/index.php?rest_route=%2Fwp%2Fv2%2Ftags&post=17883"}],"curies":[{"name":"wp","href":"https:\/\/api.w.org\/{rel}","templated":true}]}}