{"id":17880,"date":"2026-02-22T05:27:26","date_gmt":"2026-02-22T08:27:26","guid":{"rendered":"https:\/\/fatoelado.com\/?p=17880"},"modified":"2026-02-21T21:30:50","modified_gmt":"2026-02-22T00:30:50","slug":"brasil-e-india-fecham-oito-acordos-e-lula-celebra-parceria-estrategica","status":"publish","type":"post","link":"https:\/\/fatoelado.com\/?p=17880","title":{"rendered":"Brasil e \u00cdndia fecham oito acordos e Lula celebra parceria estrat\u00e9gica"},"content":{"rendered":"<h2 class=\"article-subtitle\" style=\"text-align: center;\">Coopera\u00e7\u00e3o inclui terras raras e minerais cr\u00edticos; Lula defende multilateralismo e mira US$ 20 bi em com\u00e9rcio.<\/h2>\n<p>&nbsp;<\/p>\n<div class=\"article-image-featured\" style=\"text-align: center;\"><img decoding=\"async\" class=\"i-amphtml-fill-content i-amphtml-replaced-content aligncenter\" src=\"https:\/\/www.meionews.com\/uploads\/imagens\/2026\/2\/21\/lula-firma-acordo-com-governo-da-india--1c9736c48a845ef0.jpg\" alt=\"Lula firma acordo com governo da \u00cdndia | Reprodu\u00e7\u00e3o\" data-amp-loading=\"lazy\" \/><small>Lula firma acordo com governo da \u00cdndia | Foto: Reprodu\u00e7\u00e3o<\/small><\/div>\n<div class=\"g-news\"><\/div>\n<div class=\"article-html\">\n<div class=\"article-html-more\">\n<p>Oito acordos foram fechados neste s\u00e1bado (21) entre o governo brasileiro e a \u00cdndia. Um desses acordos se refere a uma coopera\u00e7\u00e3o entre os dois pa\u00edses envolvendo\u00a0terras raras e minerais cr\u00edticos, mas houve tamb\u00e9m acordos no campo da minera\u00e7\u00e3o para a cadeia de suprimentos do a\u00e7o e de coopera\u00e7\u00e3o no campo das micro, pequenas e m\u00e9dias empresas.<\/p>\n<p>Desse total de acordos, seis tratam de memorandos de entendimentos, que s\u00e3o documentos que formalizam as inten\u00e7\u00f5es antes de um contrato definitivo, alinhando os objetivos entre as partes.\u00a0<strong>Em visita oficial \u00e0 \u00cdndia, o presidente Luiz In\u00e1cio Lula da Silva celebrou esses acordos, dizendo que \u201choje foi um dia muito promissor para a \u00cdndia e para o Brasil\u201d. Segundo Lula, a assinatura desses acordos tamb\u00e9m demonstram uma resposta ao unilateralismo comercial.<\/strong><\/p>\n<p><strong>\u201cNo mundo de hoje, a conectividade e a diversifica\u00e7\u00e3o comercial viraram um sin\u00f4nimo de resili\u00eancia diante do recrudescimento do protecionismo e do unilateralismo comercial\u201d, disse Lula,\u00a0<\/strong>durante solenidade de encerramento do Encontro Empresarial Brasil-\u00cdndia, que foi realizado neste s\u00e1bado (21) em Nova Deli, na \u00cdndia, e que contou com a presen\u00e7a de mais de 300 empresas brasileiras. Mais cedo, ao lado do primeiro-ministro da \u00cdndia, Narendra Modi, Lula j\u00e1 havia defendido a ideia do multilateralismo comercial.<\/p>\n<blockquote><p>\u201cSomos ambos pa\u00edses [Brasil e \u00cdndia] mega-diversos e polos da ind\u00fastria cultural. Somos ambos defensores do multilateralismo e da paz\u201d, ressaltou o presidente brasileiro.<\/p><\/blockquote>\n<h2>Acordos fechados neste s\u00e1bado entre os governos do Brasil e da \u00cdndia<\/h2>\n<p>Declara\u00e7\u00e3o Conjunta sobre Parceria Digital para o Futuro.<\/p>\n<p>Memorando de Entendimento entre o Minist\u00e9rio de Minas do Governo da Rep\u00fablica da \u00cdndia e o Minist\u00e9rio de Minas e Energia do Brasil sobre Coopera\u00e7\u00e3o no Campo de Elementos de Terras Raras e Minerais Cr\u00edticos.<\/p>\n<p>Acordo de Coopera\u00e7\u00e3o Bilateral entre o Conselho de Pesquisa Cient\u00edfica e Industrial da \u00cdndia (CSIR) e o Instituto Nacional da Propriedade Industrial do Brasil (INPI) para Acesso \u00e0 Biblioteca Digital de Conhecimento Tradicional (TKDL).<\/p>\n<p>Memorando de Entendimento entre a Ag\u00eancia Nacional de Vigil\u00e2ncia Sanit\u00e1ria (Anvisa) e a Organiza\u00e7\u00e3o Central de Controle de Padr\u00f5es de Medicamentos, Diretoria-Geral de Servi\u00e7os de Sa\u00fade (CDSCO\/DGHS), Minist\u00e9rio da Sa\u00fade e Bem-Estar Familiar, Governo da \u00cdndia.<\/p>\n<p>Memorando de Entendimento para Coopera\u00e7\u00e3o no Setor Postal entre o Minist\u00e9rio das Comunica\u00e7\u00f5es do Brasil e o Departamento de Correios, Minist\u00e9rio das Comunica\u00e7\u00f5es, Governo da Rep\u00fablica da \u00cdndia.<\/p>\n<p>Memorando de Entendimento entre o Minist\u00e9rio do Empreendedorismo, da Microempresa e da Empresa de Pequeno Porte do Brasil e o Minist\u00e9rio das Micro, Pequenas e M\u00e9dias Empresas da \u00cdndia sobre Coopera\u00e7\u00e3o no Campo das Micro, Pequenas e M\u00e9dias Empresas.<\/p>\n<p>Memorando de Entendimento entre o Minist\u00e9rio do A\u00e7o da \u00cdndia e o Minist\u00e9rio das Minas e Energia do Brasil no Campo da Minera\u00e7\u00e3o para a Cadeia de Suprimentos do A\u00e7o.<\/p>\n<p>Memorando de Entendimento sobre o Uso de Certificados Eletr\u00f4nicos de Origem entre o Brasil e a \u00cdndia.<\/p>\n<h2>Rela\u00e7\u00f5es comerciais<\/h2>\n<p>A visita \u00e0 \u00cdndia ocorre em um contexto de fortalecimento das rela\u00e7\u00f5es entre os dois pa\u00edses. Em 2025, o com\u00e9rcio bilateral alcan\u00e7ou US$ 15 bilh\u00f5es, maior valor da s\u00e9rie hist\u00f3rica, com crescimento de 25,5% em rela\u00e7\u00e3o ao ano anterior.\u00a0<strong>Recentemente, Brasil e \u00cdndia estabeleceram a meta de alcan\u00e7ar US$ 20 bilh\u00f5es em com\u00e9rcio at\u00e9 2030 e iniciaram negocia\u00e7\u00f5es para a amplia\u00e7\u00e3o do Acordo de Com\u00e9rcio Preferencial Mercosul\u2013\u00cdndia.<\/strong><\/p>\n<p>Para o presidente Lula, as rela\u00e7\u00f5es comerciais entre Brasil e \u00cdndia, no entanto, poderiam ser ainda maiores.\u00a0<strong>\u201cTive a honra de estar \u00e0 frente da celebra\u00e7\u00e3o da nossa parceria estrat\u00e9gica no ano de 2006.<\/strong><\/p>\n<p><strong>De l\u00e1 para c\u00e1, nosso com\u00e9rcio bilateral saltou de US$ 2,4 bilh\u00f5es para US$ 15 bilh\u00f5es. \u00c9 um grande crescimento, mas \u00e9 muito pouco diante do tamanho da \u00cdndia e do tamanho do Brasil\u201d, falou o presidente.<\/strong><\/p>\n<p>Em seu discurso de encerramento do f\u00f3rum empresarial, Lula defendeu que a amplia\u00e7\u00e3o do acordo entre o Mercosul e a \u00cdndia \u00e9 uma prioridade.<\/p>\n<blockquote><p>\u201cAmpliar significativamente o Acordo de Com\u00e9rcio Preferencial Mercosul-\u00cdndia, que vigora desde 2009, \u00e9 uma prioridade, com vistas a um futuro acordo de livre com\u00e9rcio. Dois mercados t\u00e3o importantes como o Brasil e a \u00cdndia precisam de um arcabou\u00e7o mais abrangente e mais ambicioso. O interesse rec\u00edproco \u00e9 crescente\u201d, acrescentou.<\/p><\/blockquote>\n<p>Lula embarcou para a \u00c1sia na \u00faltima ter\u00e7a-feira (17) para visitas \u00e0 \u00cdndia e \u00e0 Coreia do Sul em agendas voltadas ao fortalecimento do com\u00e9rcio e de parcerias estrat\u00e9gicas com os dois pa\u00edses asi\u00e1ticos. Em Nova Delhi, capital da \u00cdndia, Lula foi recebido em retribui\u00e7\u00e3o \u00e0 visita do primeiro-ministro indiano, Narendra Modi, ao Brasil, em julho de 2025 durante a C\u00fapula do Brics. Esta foi a quarta viagem de Lula \u00e0 \u00cdndia, a segunda do atual mandato.<\/p>\n<p>Amanh\u00e3 (22), Lula e sua comitiva presidencial desembarca em Seul, na Coreia do Sul, a convite do presidente Lee Jae Myung. Esta ser\u00e1 a terceira visita do l\u00edder brasileiro ao pa\u00eds, a primeira de Estado. Na ocasi\u00e3o, ser\u00e1 adotado o Plano de A\u00e7\u00e3o Trienal 2026-2029, que visa elevar o n\u00edvel do relacionamento entre os pa\u00edses para uma parceria estrat\u00e9gica.<\/p>\n<p class=\"ads\">\n<div class=\"article-share_buttons2 article-share\">\n<div class=\"share_buttons\">\n<div class=\"buttons\">\n<p>Fonte: Portal MeioNews.<br \/>\nConfira esta e outras mat\u00e9rias na \u00edntegra pelo link: https:\/\/www.meionews.com\/politica\/brasil-e-india-fecham-oito-acordos-e-lula-celebra-parceria-estrategica-556025<\/p>\n<\/div>\n<\/div>\n<\/div>\n<\/div>\n<\/div>\n","protected":false},"excerpt":{"rendered":"<p>Coopera\u00e7\u00e3o inclui terras raras e minerais cr\u00edticos; Lula defende multilateralismo e mira US$ 20 bi em com\u00e9rcio. &nbsp; Lula firma acordo com governo da \u00cdndia | Foto: Reprodu\u00e7\u00e3o Oito acordos foram fechados neste s\u00e1bado (21) entre o governo brasileiro e a \u00cdndia. Um desses acordos se refere a uma coopera\u00e7\u00e3o entre os dois pa\u00edses envolvendo\u00a0terras [&hellip;]<\/p>\n","protected":false},"author":3,"featured_media":17881,"comment_status":"open","ping_status":"open","sticky":false,"template":"","format":"standard","meta":{"om_disable_all_campaigns":false,"_monsterinsights_skip_tracking":false,"_monsterinsights_sitenote_active":false,"_monsterinsights_sitenote_note":"","_monsterinsights_sitenote_category":0,"footnotes":""},"categories":[47],"tags":[],"class_list":["post-17880","post","type-post","status-publish","format-standard","has-post-thumbnail","hentry","category-nacionais"],"jetpack_featured_media_url":"https:\/\/fatoelado.com\/wp-content\/uploads\/2026\/02\/lula-firma-acordo-com-governo-da-india-1c9736c48a845ef0.jpg","_links":{"self":[{"href":"https:\/\/fatoelado.com\/index.php?rest_route=\/wp\/v2\/posts\/17880","targetHints":{"allow":["GET"]}}],"collection":[{"href":"https:\/\/fatoelado.com\/index.php?rest_route=\/wp\/v2\/posts"}],"about":[{"href":"https:\/\/fatoelado.com\/index.php?rest_route=\/wp\/v2\/types\/post"}],"author":[{"embeddable":true,"href":"https:\/\/fatoelado.com\/index.php?rest_route=\/wp\/v2\/users\/3"}],"replies":[{"embeddable":true,"href":"https:\/\/fatoelado.com\/index.php?rest_route=%2Fwp%2Fv2%2Fcomments&post=17880"}],"version-history":[{"count":1,"href":"https:\/\/fatoelado.com\/index.php?rest_route=\/wp\/v2\/posts\/17880\/revisions"}],"predecessor-version":[{"id":17882,"href":"https:\/\/fatoelado.com\/index.php?rest_route=\/wp\/v2\/posts\/17880\/revisions\/17882"}],"wp:featuredmedia":[{"embeddable":true,"href":"https:\/\/fatoelado.com\/index.php?rest_route=\/wp\/v2\/media\/17881"}],"wp:attachment":[{"href":"https:\/\/fatoelado.com\/index.php?rest_route=%2Fwp%2Fv2%2Fmedia&parent=17880"}],"wp:term":[{"taxonomy":"category","embeddable":true,"href":"https:\/\/fatoelado.com\/index.php?rest_route=%2Fwp%2Fv2%2Fcategories&post=17880"},{"taxonomy":"post_tag","embeddable":true,"href":"https:\/\/fatoelado.com\/index.php?rest_route=%2Fwp%2Fv2%2Ftags&post=17880"}],"curies":[{"name":"wp","href":"https:\/\/api.w.org\/{rel}","templated":true}]}}