{"id":17867,"date":"2026-02-21T14:04:46","date_gmt":"2026-02-21T17:04:46","guid":{"rendered":"https:\/\/fatoelado.com\/?p=17867"},"modified":"2026-02-21T14:04:46","modified_gmt":"2026-02-21T17:04:46","slug":"piaui-ultrapassa-pela-primeira-vez-300-mil-trabalhadores-com-carteira-assinada-aponta-ibge","status":"publish","type":"post","link":"https:\/\/fatoelado.com\/?p=17867","title":{"rendered":"Piau\u00ed ultrapassa, pela primeira vez, 300 mil trabalhadores com carteira assinada, aponta IBGE"},"content":{"rendered":"<h2 class=\"elementor-heading-title elementor-size-default\" style=\"text-align: center;\">Levantamento da PNAD Cont\u00ednua mostra forte alta na gera\u00e7\u00e3o de vagas e aumento da formaliza\u00e7\u00e3o entre trabalhadores e empreendedores.<\/h2>\n<p>&nbsp;<\/p>\n<div>\n<p>O Piau\u00ed alcan\u00e7ou um marco hist\u00f3rico no mercado de trabalho ao ultrapassar, pela primeira vez, a marca de 300 mil trabalhadores com carteira assinada em um \u00fanico trimestre. Os dados s\u00e3o da Pesquisa Nacional por Amostra de Domic\u00edlios Cont\u00ednua (PNAD Cont\u00ednua), divulgada pelo Instituto Brasileiro de Geografia e Estat\u00edstica (IBGE) na \u00faltima sexta-feira (20), e refletem o fortalecimento das pol\u00edticas p\u00fablicas de gera\u00e7\u00e3o de emprego e incentivo \u00e0 formaliza\u00e7\u00e3o implementadas pelo Governo do Estado.<\/p>\n<p>De acordo com o levantamento, o n\u00famero de empregados do setor privado com carteira assinada saltou de 279 mil no terceiro trimestre para 305 mil no quarto trimestre de 2025, um crescimento de 9,6% em apenas tr\u00eas meses. Na compara\u00e7\u00e3o com o mesmo per\u00edodo de 2024, quando o Estado contabilizava 272 mil trabalhadores formais, o aumento foi ainda mais expressivo, chegando a 12,3%.<\/p>\n<p>O resultado representa o melhor desempenho da s\u00e9rie hist\u00f3rica no Piau\u00ed e consolida o avan\u00e7o do Estado na promo\u00e7\u00e3o de um ambiente mais favor\u00e1vel \u00e0 gera\u00e7\u00e3o de emprego formal, resultado de a\u00e7\u00f5es estrat\u00e9gicas voltadas ao fortalecimento da economia, atra\u00e7\u00e3o de investimentos e est\u00edmulo ao empreendedorismo.<\/p>\n<p>Outro dado que refor\u00e7a esse cen\u00e1rio positivo \u00e9 o avan\u00e7o da formaliza\u00e7\u00e3o entre os trabalhadores por conta pr\u00f3pria, ou seja, aqueles que atuam como empreendedores e possuem registro no Cadastro Nacional da Pessoa Jur\u00eddica (CNPJ). Esse grupo passou de 51 mil no terceiro trimestre para 63 mil no quarto trimestre de 2025, um crescimento de 23,2%. Em rela\u00e7\u00e3o ao mesmo per\u00edodo de 2024, quando havia 53 mil trabalhadores formalizados nessa condi\u00e7\u00e3o, o aumento foi de 18,5%. O resultado demonstra que mais piauienses est\u00e3o deixando a informalidade e passando a atuar de forma regular, com acesso a direitos, cr\u00e9dito e melhores oportunidades de desenvolvimento econ\u00f4mico.<\/p>\n<\/div>\n<div>A PNAD Cont\u00ednua \u00e9 o principal instrumento de monitoramento do mercado de trabalho brasileiro. A pesquisa \u00e9 realizada trimestralmente em cerca de 211 mil domic\u00edlios em todo o pa\u00eds, com o trabalho de aproximadamente dois mil entrevistadores distribu\u00eddos nos 26 estados e no Distrito Federal, integrados a uma rede de mais de 500 ag\u00eancias do IBGE.<\/div>\n<div><img loading=\"lazy\" decoding=\"async\" class=\"size-full wp-image-64833 aligncenter\" src=\"https:\/\/www.pi.gov.br\/wp-content\/uploads\/2025\/07\/caged-empregos-agosto-marcelo-camargo-agencia-brasil.jpg\" sizes=\"auto, (max-width: 1170px) 100vw, 1170px\" srcset=\"https:\/\/www.pi.gov.br\/wp-content\/uploads\/2025\/07\/caged-empregos-agosto-marcelo-camargo-agencia-brasil.jpg 1170w, https:\/\/www.pi.gov.br\/wp-content\/uploads\/2025\/07\/caged-empregos-agosto-marcelo-camargo-agencia-brasil-300x179.jpg 300w, https:\/\/www.pi.gov.br\/wp-content\/uploads\/2025\/07\/caged-empregos-agosto-marcelo-camargo-agencia-brasil-1024x613.jpg 1024w, https:\/\/www.pi.gov.br\/wp-content\/uploads\/2025\/07\/caged-empregos-agosto-marcelo-camargo-agencia-brasil-768x459.jpg 768w\" alt=\"\" width=\"1170\" height=\"700\" \/><\/div>\n<div><\/div>\n<div><\/div>\n<div>Fonte: Portal pi.Gov.<br \/>\nConfira esta e outras mat\u00e9rias na \u00edntegra pelo link: https:\/\/www.pi.gov.br\/piaui-ultrapassa-pela-primeira-vez-300-mil-trabalhadores-com-carteira-assinada-aponta-ibge\/<\/div>\n","protected":false},"excerpt":{"rendered":"<p>Levantamento da PNAD Cont\u00ednua mostra forte alta na gera\u00e7\u00e3o de vagas e aumento da formaliza\u00e7\u00e3o entre trabalhadores e empreendedores. &nbsp; O Piau\u00ed alcan\u00e7ou um marco hist\u00f3rico no mercado de trabalho ao ultrapassar, pela primeira vez, a marca de 300 mil trabalhadores com carteira assinada em um \u00fanico trimestre. Os dados s\u00e3o da Pesquisa Nacional por [&hellip;]<\/p>\n","protected":false},"author":3,"featured_media":17868,"comment_status":"open","ping_status":"open","sticky":false,"template":"","format":"standard","meta":{"om_disable_all_campaigns":false,"_monsterinsights_skip_tracking":false,"_monsterinsights_sitenote_active":false,"_monsterinsights_sitenote_note":"","_monsterinsights_sitenote_category":0,"footnotes":""},"categories":[33],"tags":[],"class_list":["post-17867","post","type-post","status-publish","format-standard","has-post-thumbnail","hentry","category-piaui"],"jetpack_featured_media_url":"https:\/\/fatoelado.com\/wp-content\/uploads\/2026\/02\/caged-empregos-agosto-marcelo-camargo-agencia-brasil.jpg","_links":{"self":[{"href":"https:\/\/fatoelado.com\/index.php?rest_route=\/wp\/v2\/posts\/17867","targetHints":{"allow":["GET"]}}],"collection":[{"href":"https:\/\/fatoelado.com\/index.php?rest_route=\/wp\/v2\/posts"}],"about":[{"href":"https:\/\/fatoelado.com\/index.php?rest_route=\/wp\/v2\/types\/post"}],"author":[{"embeddable":true,"href":"https:\/\/fatoelado.com\/index.php?rest_route=\/wp\/v2\/users\/3"}],"replies":[{"embeddable":true,"href":"https:\/\/fatoelado.com\/index.php?rest_route=%2Fwp%2Fv2%2Fcomments&post=17867"}],"version-history":[{"count":1,"href":"https:\/\/fatoelado.com\/index.php?rest_route=\/wp\/v2\/posts\/17867\/revisions"}],"predecessor-version":[{"id":17869,"href":"https:\/\/fatoelado.com\/index.php?rest_route=\/wp\/v2\/posts\/17867\/revisions\/17869"}],"wp:featuredmedia":[{"embeddable":true,"href":"https:\/\/fatoelado.com\/index.php?rest_route=\/wp\/v2\/media\/17868"}],"wp:attachment":[{"href":"https:\/\/fatoelado.com\/index.php?rest_route=%2Fwp%2Fv2%2Fmedia&parent=17867"}],"wp:term":[{"taxonomy":"category","embeddable":true,"href":"https:\/\/fatoelado.com\/index.php?rest_route=%2Fwp%2Fv2%2Fcategories&post=17867"},{"taxonomy":"post_tag","embeddable":true,"href":"https:\/\/fatoelado.com\/index.php?rest_route=%2Fwp%2Fv2%2Ftags&post=17867"}],"curies":[{"name":"wp","href":"https:\/\/api.w.org\/{rel}","templated":true}]}}