{"id":17861,"date":"2026-02-21T14:03:11","date_gmt":"2026-02-21T17:03:11","guid":{"rendered":"https:\/\/fatoelado.com\/?p=17861"},"modified":"2026-02-21T14:03:11","modified_gmt":"2026-02-21T17:03:11","slug":"com-crescimento-de-218-em-tres-anos-operacoes-aereas-fortalecem-seguranca-publica-e-defesa-social-no-piaui","status":"publish","type":"post","link":"https:\/\/fatoelado.com\/?p=17861","title":{"rendered":"Com crescimento de 218% em tr\u00eas anos, opera\u00e7\u00f5es a\u00e9reas fortalecem seguran\u00e7a p\u00fablica e defesa social no Piau\u00ed"},"content":{"rendered":"<h2 class=\"elementor-heading-title elementor-size-default\" style=\"text-align: center;\">Foram 59 miss\u00f5es realizadas no ano, refor\u00e7ando o combate \u00e0 viol\u00eancia, aos crimes ambientais e ampliando a capacidade de resposta em situa\u00e7\u00f5es de risco \u00e0 vida<\/h2>\n<p>&nbsp;<\/p>\n<p>A Ger\u00eancia de Opera\u00e7\u00f5es A\u00e9reas (GOA), da Secretaria de Seguran\u00e7a P\u00fablica do Piau\u00ed (SSP), consolidou, em 2025, o maior volume de a\u00e7\u00f5es com emprego da aeronave Esquilo multimiss\u00e3o, operada pelo Batalh\u00e3o de Opera\u00e7\u00f5es A\u00e9reas (Bopaer), da Pol\u00edcia Militar do Piau\u00ed. Ao todo, foram 59 miss\u00f5es realizadas no ano, refor\u00e7ando o combate \u00e0 viol\u00eancia, aos crimes ambientais e ampliando a capacidade de resposta em situa\u00e7\u00f5es de risco \u00e0 vida.<\/p>\n<p>Os n\u00fameros evidenciam crescimento expressivo nas opera\u00e7\u00f5es integradas com as for\u00e7as de seguran\u00e7a p\u00fablica. Em 2023, foram 16 a\u00e7\u00f5es conjuntas. Em 2024, o total saltou para 37, um aumento de 131%. J\u00e1 em 2025, o n\u00famero chegou a 51 opera\u00e7\u00f5es, avan\u00e7o de 38% em rela\u00e7\u00e3o ao ano anterior e de 218% na compara\u00e7\u00e3o com 2023.<\/p>\n<figure id=\"attachment_117288\" class=\"wp-caption alignnone\" aria-describedby=\"caption-attachment-117288\"><img loading=\"lazy\" decoding=\"async\" class=\"size-full wp-image-117288\" src=\"https:\/\/www.pi.gov.br\/wp-content\/uploads\/2026\/02\/IMG_1931.jpeg\" sizes=\"auto, (max-width: 1320px) 100vw, 1320px\" srcset=\"https:\/\/www.pi.gov.br\/wp-content\/uploads\/2026\/02\/IMG_1931.jpeg 1320w, https:\/\/www.pi.gov.br\/wp-content\/uploads\/2026\/02\/IMG_1931-300x192.jpeg 300w, https:\/\/www.pi.gov.br\/wp-content\/uploads\/2026\/02\/IMG_1931-1024x655.jpeg 1024w, https:\/\/www.pi.gov.br\/wp-content\/uploads\/2026\/02\/IMG_1931-768x491.jpeg 768w\" alt=\"\" width=\"1320\" height=\"844\" \/><figcaption id=\"caption-attachment-117288\" class=\"wp-caption-text\">Foto: Ger\u00eancia de Opera\u00e7\u00f5es A\u00e9reas<\/figcaption><\/figure>\n<p>No enfrentamento a inc\u00eandios florestais de grandes propor\u00e7\u00f5es, o helic\u00f3ptero tamb\u00e9m ampliou sua presen\u00e7a. Foram seis miss\u00f5es em 2023 e seis em 2024. Em 2025, o total subiu para oito ocorr\u00eancias, crescimento de 33% em rela\u00e7\u00e3o ao ano anterior.<\/p>\n<p>Al\u00e9m do patrulhamento preventivo di\u00e1rio, a aeronave atua no apoio a opera\u00e7\u00f5es integradas, no resgate e remo\u00e7\u00e3o aerom\u00e9dica, al\u00e9m do apoio inc\u00eandios florestais sob acionamento Secretaria do Meio Ambiente e Recursos H\u00eddricos (Semarh) e do Corpo de Bombeiros (CBMEPI).<\/p>\n<figure id=\"attachment_117286\" class=\"wp-caption alignnone\" aria-describedby=\"caption-attachment-117286\"><img loading=\"lazy\" decoding=\"async\" class=\"size-full wp-image-117286\" src=\"https:\/\/www.pi.gov.br\/wp-content\/uploads\/2026\/02\/83ef89a9-eb31-4114-a7e6-cfea431bfbd6.jpeg\" sizes=\"auto, (max-width: 1280px) 100vw, 1280px\" srcset=\"https:\/\/www.pi.gov.br\/wp-content\/uploads\/2026\/02\/83ef89a9-eb31-4114-a7e6-cfea431bfbd6.jpeg 1280w, https:\/\/www.pi.gov.br\/wp-content\/uploads\/2026\/02\/83ef89a9-eb31-4114-a7e6-cfea431bfbd6-300x220.jpeg 300w, https:\/\/www.pi.gov.br\/wp-content\/uploads\/2026\/02\/83ef89a9-eb31-4114-a7e6-cfea431bfbd6-1024x750.jpeg 1024w, https:\/\/www.pi.gov.br\/wp-content\/uploads\/2026\/02\/83ef89a9-eb31-4114-a7e6-cfea431bfbd6-768x562.jpeg 768w\" alt=\"\" width=\"1280\" height=\"937\" \/><figcaption id=\"caption-attachment-117286\" class=\"wp-caption-text\">Foto: Gerencia de Opera\u00e7\u00f5es A\u00e9reas<\/figcaption><\/figure>\n<p>O gerente de opera\u00e7\u00f5es a\u00e9reas da SSP, coronel Clayton Gomes, explica que a atua\u00e7\u00e3o \u00e9 ampla. \u201cFazemos o policiamento ostensivo, preventivo, mas tamb\u00e9m repressivo, quando \u00e9 o caso. E estamos tamb\u00e9m preparados para transportar pessoas, quando h\u00e1 necessidade por acidente ou coisa do tipo, que exige uma interven\u00e7\u00e3o m\u00e9dica mais r\u00e1pida\u201d, afirmou.<\/p>\n<p><strong>Patrulhamento e capacita\u00e7\u00e3o<\/strong><\/p>\n<p>Durante o \u00faltimo Carnaval, a GOA refor\u00e7ou o patrulhamento das festas no litoral do estado. O helic\u00f3ptero permaneceu de prontid\u00e3o para resgates e deu suporte \u00e0s for\u00e7as de seguran\u00e7a que atuaram na regi\u00e3o.<\/p>\n<figure id=\"attachment_117289\" class=\"wp-caption alignnone\" aria-describedby=\"caption-attachment-117289\"><img loading=\"lazy\" decoding=\"async\" class=\"size-full wp-image-117289\" src=\"https:\/\/www.pi.gov.br\/wp-content\/uploads\/2026\/02\/1bb4c85c-90c2-419f-afe0-cfa7328e842c.jpeg\" sizes=\"auto, (max-width: 1280px) 100vw, 1280px\" srcset=\"https:\/\/www.pi.gov.br\/wp-content\/uploads\/2026\/02\/1bb4c85c-90c2-419f-afe0-cfa7328e842c.jpeg 1280w, https:\/\/www.pi.gov.br\/wp-content\/uploads\/2026\/02\/1bb4c85c-90c2-419f-afe0-cfa7328e842c-300x215.jpeg 300w, https:\/\/www.pi.gov.br\/wp-content\/uploads\/2026\/02\/1bb4c85c-90c2-419f-afe0-cfa7328e842c-1024x733.jpeg 1024w, https:\/\/www.pi.gov.br\/wp-content\/uploads\/2026\/02\/1bb4c85c-90c2-419f-afe0-cfa7328e842c-768x550.jpeg 768w\" alt=\"\" width=\"1280\" height=\"916\" \/><figcaption id=\"caption-attachment-117289\" class=\"wp-caption-text\">Foto: Ger\u00eancia de Opera\u00e7\u00f5es A\u00e9reas<\/figcaption><\/figure>\n<p>No per\u00edodo, os tripulantes tamb\u00e9m realizaram treinamento de salvamento aqu\u00e1tico, com policiais e bombeiros militares integrantes do Bopaer. As atividades ocorreram na Lagoa do Portinho e na orla mar\u00edtima.<\/p>\n<p>\u201cIsso mostra o emprego da aeronave em diversas situa\u00e7\u00f5es, demonstrando mais uma vez o quanto ela \u00e9 importante para a seguran\u00e7a p\u00fablica e defesa social\u201d, concluiu o coronel.<\/p>\n<p>&nbsp;<\/p>\n<p>Fonte: Portal pi.Gov.<br \/>\nConfira esta e outras mat\u00e9rias na \u00edntegra pelo link: https:\/\/www.pi.gov.br\/com-crescimento-de-218-em-tres-anos-operacoes-aereas-fortalecem-seguranca-publica-e-defesa-social-no-piaui\/<\/p>\n","protected":false},"excerpt":{"rendered":"<p>Foram 59 miss\u00f5es realizadas no ano, refor\u00e7ando o combate \u00e0 viol\u00eancia, aos crimes ambientais e ampliando a capacidade de resposta em situa\u00e7\u00f5es de risco \u00e0 vida &nbsp; A Ger\u00eancia de Opera\u00e7\u00f5es A\u00e9reas (GOA), da Secretaria de Seguran\u00e7a P\u00fablica do Piau\u00ed (SSP), consolidou, em 2025, o maior volume de a\u00e7\u00f5es com emprego da aeronave Esquilo multimiss\u00e3o, [&hellip;]<\/p>\n","protected":false},"author":3,"featured_media":17862,"comment_status":"open","ping_status":"open","sticky":false,"template":"","format":"standard","meta":{"om_disable_all_campaigns":false,"_monsterinsights_skip_tracking":false,"_monsterinsights_sitenote_active":false,"_monsterinsights_sitenote_note":"","_monsterinsights_sitenote_category":0,"footnotes":""},"categories":[33],"tags":[],"class_list":["post-17861","post","type-post","status-publish","format-standard","has-post-thumbnail","hentry","category-piaui"],"jetpack_featured_media_url":"https:\/\/fatoelado.com\/wp-content\/uploads\/2026\/02\/83ef89a9-eb31-4114-a7e6-cfea431bfbd6.jpeg","_links":{"self":[{"href":"https:\/\/fatoelado.com\/index.php?rest_route=\/wp\/v2\/posts\/17861","targetHints":{"allow":["GET"]}}],"collection":[{"href":"https:\/\/fatoelado.com\/index.php?rest_route=\/wp\/v2\/posts"}],"about":[{"href":"https:\/\/fatoelado.com\/index.php?rest_route=\/wp\/v2\/types\/post"}],"author":[{"embeddable":true,"href":"https:\/\/fatoelado.com\/index.php?rest_route=\/wp\/v2\/users\/3"}],"replies":[{"embeddable":true,"href":"https:\/\/fatoelado.com\/index.php?rest_route=%2Fwp%2Fv2%2Fcomments&post=17861"}],"version-history":[{"count":1,"href":"https:\/\/fatoelado.com\/index.php?rest_route=\/wp\/v2\/posts\/17861\/revisions"}],"predecessor-version":[{"id":17863,"href":"https:\/\/fatoelado.com\/index.php?rest_route=\/wp\/v2\/posts\/17861\/revisions\/17863"}],"wp:featuredmedia":[{"embeddable":true,"href":"https:\/\/fatoelado.com\/index.php?rest_route=\/wp\/v2\/media\/17862"}],"wp:attachment":[{"href":"https:\/\/fatoelado.com\/index.php?rest_route=%2Fwp%2Fv2%2Fmedia&parent=17861"}],"wp:term":[{"taxonomy":"category","embeddable":true,"href":"https:\/\/fatoelado.com\/index.php?rest_route=%2Fwp%2Fv2%2Fcategories&post=17861"},{"taxonomy":"post_tag","embeddable":true,"href":"https:\/\/fatoelado.com\/index.php?rest_route=%2Fwp%2Fv2%2Ftags&post=17861"}],"curies":[{"name":"wp","href":"https:\/\/api.w.org\/{rel}","templated":true}]}}