{"id":17858,"date":"2026-02-21T14:02:12","date_gmt":"2026-02-21T17:02:12","guid":{"rendered":"https:\/\/fatoelado.com\/?p=17858"},"modified":"2026-02-21T14:02:12","modified_gmt":"2026-02-21T17:02:12","slug":"eu-sou-a-teoria-eles-a-pratica-diz-givanildo-do-oeirense-antes-de-decisao","status":"publish","type":"post","link":"https:\/\/fatoelado.com\/?p=17858","title":{"rendered":"\u201cEu sou a teoria, eles a pr\u00e1tica\u201d, diz Givanildo do Oeirense antes de decis\u00e3o"},"content":{"rendered":"<p>O Oeirense finalizou na tarde desta sexta-feira (20) o pen\u00faltimo treino em prepara\u00e7\u00e3o para o confronto direto contra o Altos, pela \u00faltima rodada da primeira fase do Campeonato Piauiense Jelta Fiat. A partida que acontece domingo, em Oeiras, define a \u00faltima vaga nas semifinais da competi\u00e7\u00e3o.<\/p>\n<p><img decoding=\"async\" class=\"aligncenter\" src=\"https:\/\/cidadeverde.com\/assets\/uploads\/colecoes\/14623\/2026\/01\/Teresina_x_Oeirense_pela_terceira_rodada_do_Campeonato_Piauiense_Jelta_Fiat_(7).jpeg\" alt=\"\" \/><\/p>\n<p>Durante a semana, a comiss\u00e3o t\u00e9cnica trabalhou ajustes espec\u00edficos de olho no advers\u00e1rio. O t\u00e9cnico Givanildo Sales destacou que o grupo assimilou bem o planejamento e encerrou a parte t\u00e1tica da prepara\u00e7\u00e3o.<\/p>\n<blockquote><p>\u201cUma semana muito boa de trabalho, n\u00e9? Gra\u00e7as a Deus, uma semana onde o grupo t\u00e1 entendendo bem a nossa prepara\u00e7\u00e3o. Finalizamos hoje o \u00faltimo treino t\u00e1tico, dentro daquilo que a gente viu do Altos, do que o Altos vai propor para a gente\u201d, afirmou.<\/p><\/blockquote>\n<p>Al\u00e9m dos ajustes estrat\u00e9gicos, o t\u00e9cnico ressaltou que o aspecto emocional tem sido prioridade por se tratar de uma partida decisiva.<\/p>\n<blockquote><p>\u201cEssa semana trabalhamos muito o lado psicol\u00f3gico, o lado emocional, porque \u00e9 uma decis\u00e3o. E o lado psicol\u00f3gico, lado emocional \u00e9 muito importante, n\u00e3o s\u00f3 o lado t\u00e1tico. O grupo est\u00e1 muito focado, o grupo est\u00e1 bem concentrado no que tem que fazer\u201d, pontuou.<\/p><\/blockquote>\n<blockquote><p>\u201cSempre falo para eles: eu sou a teoria e eles s\u00e3o a pr\u00e1tica. Se os dois andarem lado a lado, a busca do sucesso \u00e9 muito maior. Sempre falo para eles que o meu coletivo s\u00f3 funciona, quando o individual de cada um funciona tamb\u00e9m\u201d, declarou.<\/p><\/blockquote>\n<p>O comandante reconheceu a qualidade do advers\u00e1rio, mas refor\u00e7ou a confian\u00e7a no fator casa e no apoio da torcida para alcan\u00e7ar o objetivo tra\u00e7ado desde o in\u00edcio da pr\u00e9-temporada.<\/p>\n<blockquote><p>\u201cSabemos que vamos enfrentar uma equipe qualificada. Mas jogando em casa, com o apoio do nosso torcedor, sabemos que podemos buscar o resultado positivo. Estamos conscientes do que precisamos fazer, agora \u00e9 executar dentro do jogo\u201d, concluiu.<\/p><\/blockquote>\n<p>O confronto entre Oeirense e Altos ser\u00e1 decisivo para definir o \u00faltimo integrante do G-4 do Estadual. A bola rola no domingo, \u00e0s 16h, em Oeiras. O duelo ter\u00e1 transmiss\u00e3o ao vivo da TV Cidade Verde, Canal 5.2, YouTube e Cidadeverde.com.<\/p>\n<p>&nbsp;<\/p>\n<p>Fonte: Portal CidadeVerde.<br \/>\nConfira esta e outras mat\u00e9rias na \u00edntegra pelo link: https:\/\/cidadeverde.com\/noticias\/451182\/eu-sou-a-teoria-eles-a-pratica-diz-givanildo-do-oeirense-antes-de-decisao<\/p>\n","protected":false},"excerpt":{"rendered":"<p>O Oeirense finalizou na tarde desta sexta-feira (20) o pen\u00faltimo treino em prepara\u00e7\u00e3o para o confronto direto contra o Altos, pela \u00faltima rodada da primeira fase do Campeonato Piauiense Jelta Fiat. A partida que acontece domingo, em Oeiras, define a \u00faltima vaga nas semifinais da competi\u00e7\u00e3o. Durante a semana, a comiss\u00e3o t\u00e9cnica trabalhou ajustes espec\u00edficos [&hellip;]<\/p>\n","protected":false},"author":3,"featured_media":17859,"comment_status":"open","ping_status":"open","sticky":false,"template":"","format":"standard","meta":{"om_disable_all_campaigns":false,"_monsterinsights_skip_tracking":false,"_monsterinsights_sitenote_active":false,"_monsterinsights_sitenote_note":"","_monsterinsights_sitenote_category":0,"footnotes":""},"categories":[48],"tags":[],"class_list":["post-17858","post","type-post","status-publish","format-standard","has-post-thumbnail","hentry","category-esportes"],"jetpack_featured_media_url":"https:\/\/fatoelado.com\/wp-content\/uploads\/2026\/02\/Teresina_x_Oeirense_pela_terceira_rodada_do_Campeonato_Piauiense_Jelta_Fiat_7.jpeg","_links":{"self":[{"href":"https:\/\/fatoelado.com\/index.php?rest_route=\/wp\/v2\/posts\/17858","targetHints":{"allow":["GET"]}}],"collection":[{"href":"https:\/\/fatoelado.com\/index.php?rest_route=\/wp\/v2\/posts"}],"about":[{"href":"https:\/\/fatoelado.com\/index.php?rest_route=\/wp\/v2\/types\/post"}],"author":[{"embeddable":true,"href":"https:\/\/fatoelado.com\/index.php?rest_route=\/wp\/v2\/users\/3"}],"replies":[{"embeddable":true,"href":"https:\/\/fatoelado.com\/index.php?rest_route=%2Fwp%2Fv2%2Fcomments&post=17858"}],"version-history":[{"count":1,"href":"https:\/\/fatoelado.com\/index.php?rest_route=\/wp\/v2\/posts\/17858\/revisions"}],"predecessor-version":[{"id":17860,"href":"https:\/\/fatoelado.com\/index.php?rest_route=\/wp\/v2\/posts\/17858\/revisions\/17860"}],"wp:featuredmedia":[{"embeddable":true,"href":"https:\/\/fatoelado.com\/index.php?rest_route=\/wp\/v2\/media\/17859"}],"wp:attachment":[{"href":"https:\/\/fatoelado.com\/index.php?rest_route=%2Fwp%2Fv2%2Fmedia&parent=17858"}],"wp:term":[{"taxonomy":"category","embeddable":true,"href":"https:\/\/fatoelado.com\/index.php?rest_route=%2Fwp%2Fv2%2Fcategories&post=17858"},{"taxonomy":"post_tag","embeddable":true,"href":"https:\/\/fatoelado.com\/index.php?rest_route=%2Fwp%2Fv2%2Ftags&post=17858"}],"curies":[{"name":"wp","href":"https:\/\/api.w.org\/{rel}","templated":true}]}}