{"id":17851,"date":"2026-02-21T13:59:58","date_gmt":"2026-02-21T16:59:58","guid":{"rendered":"https:\/\/fatoelado.com\/?p=17851"},"modified":"2026-02-21T13:59:58","modified_gmt":"2026-02-21T16:59:58","slug":"advogado-e-acionado-no-stf-apos-publicar-video-antigo-de-flavio-dino-fazendo-o-l","status":"publish","type":"post","link":"https:\/\/fatoelado.com\/?p=17851","title":{"rendered":"Advogado \u00e9 acionado no STF ap\u00f3s publicar v\u00eddeo antigo de Fl\u00e1vio Dino &#8216;fazendo o L&#8217;"},"content":{"rendered":"<h2 class=\"article-subtitle\" style=\"text-align: center;\">Publica\u00e7\u00e3o feita por Jeffrey Chiquini com imagens antigas de Fl\u00e1vio Dino motivou representa\u00e7\u00e3o apresentada \u00e0 Corte por outro advogado, que alega poss\u00edvel ataque institucional<\/h2>\n<p>&nbsp;<\/p>\n<div class=\"article-image-featured\" style=\"text-align: center;\"><img decoding=\"async\" class=\"i-amphtml-fill-content i-amphtml-replaced-content aligncenter\" src=\"https:\/\/www.meionews.com\/uploads\/imagens\/2026\/2\/21\/jeffrey-chiquini-publica-video-fora-de-contexto-de-flavio-dino--56b1b6c43de8cefa.jpg\" alt=\"Jeffrey Chiquini publica video fora de contexto de Fl\u00e1vio Dino | Fotos: BRENO ESAKI\/METR\u00d3POLES \/\/ Brenno Carvalho\/Ag\u00eancia O Globo\" data-amp-loading=\"lazy\" \/><small>Jeffrey Chiquini publica video fora de contexto de Fl\u00e1vio Dino | Fotos: BRENO ESAKI\/METR\u00d3POLES \/\/ Brenno Carvalho\/Ag\u00eancia O Globo<\/small><\/div>\n<div class=\"g-news\"><\/div>\n<div class=\"article-html\">\n<div class=\"article-html-more\">\n<p>O advogado\u00a0<strong>Jeffrey Chiquini<\/strong>\u00a0tornou-se alvo de uma not\u00edcia de fato protocolada no\u00a0<strong data-end=\"547\" data-start=\"506\">Supremo Tribunal Federal<\/strong>\u00a0<strong>(STF)<\/strong>\u00a0ap\u00f3s publicar, em rede social, um v\u00eddeo antigo do ministro\u00a0Fl\u00e1vio Dino sem contextualizar a data da grava\u00e7\u00e3o.<\/p>\n<p>A representa\u00e7\u00e3o foi apresentada por\u00a0<strong data-end=\"736\" data-start=\"695\">Odair Jos\u00e9<\/strong>, que exerceu fun\u00e7\u00f5es p\u00fablicas durante a gest\u00e3o de Fl\u00e1vio Dino no governo do\u00a0<strong data-end=\"847\" data-start=\"806\">Maranh\u00e3o<\/strong>. No pedido, ele sustenta que a postagem pode caracterizar ataque institucional \u00e0 Corte e solicita a abertura de investiga\u00e7\u00e3o ou o encaminhamento do caso para apura\u00e7\u00e3o em procedimento j\u00e1 existente.<\/p>\n<p>Chiquini atua na defesa do ex-assessor presidencial\u00a0<strong data-end=\"1139\" data-start=\"1098\">Filipe Martins<\/strong>\u00a0e divulgou a grava\u00e7\u00e3o em que Dino aparece durante o Carnaval fazendo o gesto conhecido como \u201cL\u201d. Ao compartilhar o v\u00eddeo, o advogado afirmou que a conduta configuraria \u201ccrime de responsabilidade por atividade pol\u00edtico-partid\u00e1ria\u201d, o que, segundo ele, seria vedado a ministros do STF. A publica\u00e7\u00e3o, por\u00e9m, n\u00e3o informava que as imagens eram anteriores \u00e0 posse de Dino na Corte.<\/p>\n<div class=\"dimg\"><img decoding=\"async\" class=\"i-amphtml-intrinsic-sizer\" role=\"presentation\" src=\"data:;base64,<svg height=\"400px\" width=\"700px\" xmlns=\"http:\/\/www.w3.org\/2000\/svg\" version=\"1.1\"\/>&#8221; alt=&#8221;&#8221; aria-hidden=&#8221;true&#8221; \/><img decoding=\"async\" class=\"i-amphtml-fill-content i-amphtml-replaced-content aligncenter\" src=\"https:\/\/www.meionews.com\/uploads\/imagens\/2026\/2\/21\/advogado-e-acionado-no-stf-apos-publicar-video-antigo-de-flavio-dino-fazendo-o-l--80386bcd4c48ef1c.jpg\" alt=\"Filipe Martins e seu advogado, Jeffrey Chiquini. (Foto: Rosinei Coutinho\/STF)\" data-amp-loading=\"lazy\" \/><\/div>\n<p><span class=\"fr-inner\">Filipe Martins e seu advogado, Jeffrey Chiquini. (Foto: Rosinei Coutinho\/STF)<\/span><\/div>\n<div class=\"article-html-more\">\n<p>&nbsp;<\/p>\n<p>O epis\u00f3dio ocorre em meio a um hist\u00f3rico recente de embates entre Chiquini e o ministro\u00a0<strong data-end=\"1646\" data-start=\"1605\">Alexandre de Moraes<\/strong>\u00a0durante audi\u00eancias relacionadas \u00e0 a\u00e7\u00e3o penal sobre a tentativa de golpe de Estado, processo no qual o advogado tamb\u00e9m atua na defesa de Filipe Martins.<\/p>\n<p>&nbsp;<\/p>\n<div class=\"article-share_buttons2 article-share\">\n<div class=\"share_buttons\">\n<div class=\"buttons\">\n<div>Fonte: Portal MeioNews.<\/div>\n<div>Confira esta e outras mat\u00e9rias na \u00edntegra pelo link: https:\/\/www.meionews.com\/politica\/advogado-e-acionado-no-stf-apos-publicar-video-antigo-de-flavio-dino-fazendo-o-l-555985<\/div>\n<\/div>\n<\/div>\n<\/div>\n<\/div>\n<\/div>\n","protected":false},"excerpt":{"rendered":"<p>Publica\u00e7\u00e3o feita por Jeffrey Chiquini com imagens antigas de Fl\u00e1vio Dino motivou representa\u00e7\u00e3o apresentada \u00e0 Corte por outro advogado, que alega poss\u00edvel ataque institucional &nbsp; Jeffrey Chiquini publica video fora de contexto de Fl\u00e1vio Dino | Fotos: BRENO ESAKI\/METR\u00d3POLES \/\/ Brenno Carvalho\/Ag\u00eancia O Globo O advogado\u00a0Jeffrey Chiquini\u00a0tornou-se alvo de uma not\u00edcia de fato protocolada no\u00a0Supremo [&hellip;]<\/p>\n","protected":false},"author":3,"featured_media":17852,"comment_status":"open","ping_status":"open","sticky":false,"template":"","format":"standard","meta":{"om_disable_all_campaigns":false,"_monsterinsights_skip_tracking":false,"_monsterinsights_sitenote_active":false,"_monsterinsights_sitenote_note":"","_monsterinsights_sitenote_category":0,"footnotes":""},"categories":[47],"tags":[],"class_list":["post-17851","post","type-post","status-publish","format-standard","has-post-thumbnail","hentry","category-nacionais"],"jetpack_featured_media_url":"https:\/\/fatoelado.com\/wp-content\/uploads\/2026\/02\/jeffrey-chiquini-publica-video-fora-de-contexto-de-flavio-dino-56b1b6c43de8cefa.jpg","_links":{"self":[{"href":"https:\/\/fatoelado.com\/index.php?rest_route=\/wp\/v2\/posts\/17851","targetHints":{"allow":["GET"]}}],"collection":[{"href":"https:\/\/fatoelado.com\/index.php?rest_route=\/wp\/v2\/posts"}],"about":[{"href":"https:\/\/fatoelado.com\/index.php?rest_route=\/wp\/v2\/types\/post"}],"author":[{"embeddable":true,"href":"https:\/\/fatoelado.com\/index.php?rest_route=\/wp\/v2\/users\/3"}],"replies":[{"embeddable":true,"href":"https:\/\/fatoelado.com\/index.php?rest_route=%2Fwp%2Fv2%2Fcomments&post=17851"}],"version-history":[{"count":1,"href":"https:\/\/fatoelado.com\/index.php?rest_route=\/wp\/v2\/posts\/17851\/revisions"}],"predecessor-version":[{"id":17853,"href":"https:\/\/fatoelado.com\/index.php?rest_route=\/wp\/v2\/posts\/17851\/revisions\/17853"}],"wp:featuredmedia":[{"embeddable":true,"href":"https:\/\/fatoelado.com\/index.php?rest_route=\/wp\/v2\/media\/17852"}],"wp:attachment":[{"href":"https:\/\/fatoelado.com\/index.php?rest_route=%2Fwp%2Fv2%2Fmedia&parent=17851"}],"wp:term":[{"taxonomy":"category","embeddable":true,"href":"https:\/\/fatoelado.com\/index.php?rest_route=%2Fwp%2Fv2%2Fcategories&post=17851"},{"taxonomy":"post_tag","embeddable":true,"href":"https:\/\/fatoelado.com\/index.php?rest_route=%2Fwp%2Fv2%2Ftags&post=17851"}],"curies":[{"name":"wp","href":"https:\/\/api.w.org\/{rel}","templated":true}]}}