{"id":17848,"date":"2026-02-21T13:58:51","date_gmt":"2026-02-21T16:58:51","guid":{"rendered":"https:\/\/fatoelado.com\/?p=17848"},"modified":"2026-02-21T13:58:51","modified_gmt":"2026-02-21T16:58:51","slug":"flavio-bolsonaro-lidera-preferencia-entre-parlamentares-para-comandar-a-direita","status":"publish","type":"post","link":"https:\/\/fatoelado.com\/?p=17848","title":{"rendered":"Fl\u00e1vio Bolsonaro lidera prefer\u00eancia entre parlamentares para comandar a direita"},"content":{"rendered":"<h2 class=\"article-subtitle\" style=\"text-align: center;\">Levantamento do Ranking dos Pol\u00edticos mostra senador \u00e0 frente de Tarc\u00edsio na C\u00e2mara dos Deputados e no Senado<\/h2>\n<p>&nbsp;<\/p>\n<div class=\"article-image-featured\" style=\"text-align: center;\"><img decoding=\"async\" class=\"i-amphtml-fill-content i-amphtml-replaced-content aligncenter\" src=\"https:\/\/www.meionews.com\/uploads\/imagens\/2026\/2\/21\/senador-flavio-bolsonaro-cresce-entre-os-lideres-do-congresso--a86cefbfb322d06b.jpg\" alt=\"Senador Fl\u00e1vio Bolsonaro cresce entre os l\u00edderes do Congresso | Jefferson Rudy\/Ag\u00eancia Senado\" data-amp-loading=\"lazy\" \/><small>Senador Fl\u00e1vio Bolsonaro cresce entre os l\u00edderes do Congresso | Foto: Jefferson Rudy\/Ag\u00eancia Senado<\/small><\/div>\n<div class=\"g-news\"><\/div>\n<div class=\"article-html\">\n<div class=\"article-html-more\">\n<p>A disputa pelo protagonismo da\u00a0<strong>direita brasileira<\/strong>, ap\u00f3s a sa\u00edda eleitoral de\u00a0<strong data-end=\"485\" data-start=\"444\">Jair Bolsonaro<\/strong><strong data-end=\"485\" data-start=\"444\">,<\/strong>\u00a0come\u00e7a a apresentar sinais mais definidos dentro do Legislativo. Levantamento divulgado na sexta-feira (20) pelo\u00a0<strong data-end=\"640\" data-start=\"599\">Ranking dos Pol\u00edticos<\/strong>\u00a0aponta<strong>\u00a0Fl\u00e1vio Bolsonaro<\/strong>\u00a0como o nome atualmente mais citado por parlamentares para liderar o campo conservador em eventual\u00a0corrida presidencial.<\/p>\n<h3 data-end=\"822\" data-start=\"791\">Prefer\u00eancia entre deputados<\/h3>\n<p>Na\u00a0<strong data-end=\"867\" data-start=\"826\">C\u00e2mara dos Deputados<\/strong>, 48,1% dos entrevistados mencionaram espontaneamente o senador do PL como principal lideran\u00e7a da direita. O governador de S\u00e3o Paulo,\u00a0<strong data-end=\"1036\" data-start=\"995\">Tarc\u00edsio de Freitas<\/strong>\u00a0(Republicanos), aparece em segundo lugar, com 17,6%, indicando dist\u00e2ncia expressiva entre os dois no ambiente da Casa.<\/p>\n<p>Tamb\u00e9m foram lembrados\u00a0<strong data-end=\"1246\" data-start=\"1205\">Ratinho Jr.<\/strong>\u00a0(10,2%),\u00a0<strong data-end=\"1297\" data-start=\"1256\">Michelle Bolsonaro<\/strong>\u00a0(7,5%),\u00a0<strong data-end=\"1347\" data-start=\"1306\">Romeu Zema<\/strong>\u00a0e\u00a0<strong data-end=\"1398\" data-start=\"1357\">Eduardo Bolsonaro<\/strong>\u00a0(3,7% cada). O resultado representa mudan\u00e7a relevante em rela\u00e7\u00e3o \u00e0 rodada anterior, realizada em novembro de 2025, quando Tarc\u00edsio liderava com 48,6% e Fl\u00e1vio sequer aparecia entre os mais citados.<\/p>\n<div class=\"dimg\"><img decoding=\"async\" class=\"i-amphtml-fill-content i-amphtml-replaced-content aligncenter\" src=\"https:\/\/www.meionews.com\/uploads\/imagens\/2026\/2\/21\/flavio-bolsonaro-lidera-preferencia-entre-parlamentares-para-comandar-a-direita--1ca4875871661e79.jpg\" alt=\"Tarc\u00edsio de Freitas, Fl\u00e1vo e Jair Bolsonaro reunidos - Foto: Gabriela Bil\u00f3\/Folhapress\" data-amp-loading=\"lazy\" \/><\/div>\n<p><span class=\"fr-inner\">Tarc\u00edsio de Freitas, Fl\u00e1vo e Jair Bolsonaro reunidos &#8211; Foto: Gabriela Bil\u00f3\/Folhapress<\/span><\/p>\n<div class=\"mgbox\"><\/div>\n<h3 data-end=\"1670\" data-start=\"1638\">PREFER\u00caNCIA no Senado<\/h3>\n<p>No\u00a0<strong data-end=\"1717\" data-start=\"1674\">Senado Federal<\/strong>, o padr\u00e3o se repete. Fl\u00e1vio foi citado por 46,7% dos senadores ouvidos, contra 20% de Tarc\u00edsio. Em seguida aparecem Ratinho Jr. (13,3%) e Ronaldo Caiado (6,7%). Michelle Bolsonaro e Romeu Zema registraram 3,3% cada.<\/p>\n<p>Assim como entre deputados, a percep\u00e7\u00e3o dos senadores tamb\u00e9m se alterou desde novembro, quando Tarc\u00edsio liderava como principal nome para conduzir a direita nacional.<\/p>\n<h3 data-end=\"2164\" data-start=\"2137\">Metodologia da sondagem<\/h3>\n<p>A pesquisa ouviu 108 deputados federais de 18 partidos e 30 senadores de 12 legendas entre 28 de janeiro e 3 de fevereiro. Segundo a entidade, a margem de erro \u00e9 de 6,5 pontos percentuais, com n\u00edvel de confian\u00e7a de 95%.<\/p>\n<h3 data-end=\"2423\" data-start=\"2391\">Desempenho eleitoral recente<\/h3>\n<p>Uma\u00a0nova rodada da pesquisa\u00a0<strong data-end=\"2491\" data-start=\"2448\">Genial\/Quaest<\/strong>\u00a0indica que, em fevereiro, Fl\u00e1vio Bolsonaro avan\u00e7ou nas inten\u00e7\u00f5es de voto e se aproximou do presidente\u00a0<strong data-end=\"2637\" data-start=\"2594\">Luiz In\u00e1cio Lula da Silva<\/strong>\u00a0(PT). O levantamento aponta Lula com 43% e o senador do PL com 38%. Em dezembro, a diferen\u00e7a era de dez pontos percentuais.<\/p>\n<p class=\"ads\">\n<div class=\"article-share_buttons2 article-share\">\n<div class=\"share_buttons\">\n<div class=\"buttons\">\n<p>Fonte: Portal MeioNews.<br \/>\nConfira esta e outras mat\u00e9rias na \u00edntegra pelo link: https:\/\/www.meionews.com\/politica\/flavio-bolsonaro-lidera-preferencia-entre-parlamentares-para-comandar-a-direita-556004<\/p>\n<\/div>\n<\/div>\n<\/div>\n<\/div>\n<\/div>\n","protected":false},"excerpt":{"rendered":"<p>Levantamento do Ranking dos Pol\u00edticos mostra senador \u00e0 frente de Tarc\u00edsio na C\u00e2mara dos Deputados e no Senado &nbsp; Senador Fl\u00e1vio Bolsonaro cresce entre os l\u00edderes do Congresso | Foto: Jefferson Rudy\/Ag\u00eancia Senado A disputa pelo protagonismo da\u00a0direita brasileira, ap\u00f3s a sa\u00edda eleitoral de\u00a0Jair Bolsonaro,\u00a0come\u00e7a a apresentar sinais mais definidos dentro do Legislativo. Levantamento divulgado [&hellip;]<\/p>\n","protected":false},"author":3,"featured_media":17849,"comment_status":"open","ping_status":"open","sticky":false,"template":"","format":"standard","meta":{"om_disable_all_campaigns":false,"_monsterinsights_skip_tracking":false,"_monsterinsights_sitenote_active":false,"_monsterinsights_sitenote_note":"","_monsterinsights_sitenote_category":0,"footnotes":""},"categories":[47],"tags":[],"class_list":["post-17848","post","type-post","status-publish","format-standard","has-post-thumbnail","hentry","category-nacionais"],"jetpack_featured_media_url":"https:\/\/fatoelado.com\/wp-content\/uploads\/2026\/02\/senador-flavio-bolsonaro-cresce-entre-os-lideres-do-congresso-a86cefbfb322d06b.jpg","_links":{"self":[{"href":"https:\/\/fatoelado.com\/index.php?rest_route=\/wp\/v2\/posts\/17848","targetHints":{"allow":["GET"]}}],"collection":[{"href":"https:\/\/fatoelado.com\/index.php?rest_route=\/wp\/v2\/posts"}],"about":[{"href":"https:\/\/fatoelado.com\/index.php?rest_route=\/wp\/v2\/types\/post"}],"author":[{"embeddable":true,"href":"https:\/\/fatoelado.com\/index.php?rest_route=\/wp\/v2\/users\/3"}],"replies":[{"embeddable":true,"href":"https:\/\/fatoelado.com\/index.php?rest_route=%2Fwp%2Fv2%2Fcomments&post=17848"}],"version-history":[{"count":1,"href":"https:\/\/fatoelado.com\/index.php?rest_route=\/wp\/v2\/posts\/17848\/revisions"}],"predecessor-version":[{"id":17850,"href":"https:\/\/fatoelado.com\/index.php?rest_route=\/wp\/v2\/posts\/17848\/revisions\/17850"}],"wp:featuredmedia":[{"embeddable":true,"href":"https:\/\/fatoelado.com\/index.php?rest_route=\/wp\/v2\/media\/17849"}],"wp:attachment":[{"href":"https:\/\/fatoelado.com\/index.php?rest_route=%2Fwp%2Fv2%2Fmedia&parent=17848"}],"wp:term":[{"taxonomy":"category","embeddable":true,"href":"https:\/\/fatoelado.com\/index.php?rest_route=%2Fwp%2Fv2%2Fcategories&post=17848"},{"taxonomy":"post_tag","embeddable":true,"href":"https:\/\/fatoelado.com\/index.php?rest_route=%2Fwp%2Fv2%2Ftags&post=17848"}],"curies":[{"name":"wp","href":"https:\/\/api.w.org\/{rel}","templated":true}]}}