{"id":17845,"date":"2026-02-21T13:56:33","date_gmt":"2026-02-21T16:56:33","guid":{"rendered":"https:\/\/fatoelado.com\/?p=17845"},"modified":"2026-02-21T13:56:33","modified_gmt":"2026-02-21T16:56:33","slug":"brasil-registra-novos-casos-de-mpox-saiba-quais-sao-os-estados-afetados","status":"publish","type":"post","link":"https:\/\/fatoelado.com\/?p=17845","title":{"rendered":"Brasil registra novos casos de Mpox; saiba quais s\u00e3o os estados afetados"},"content":{"rendered":"<h2 class=\"article-subtitle\" style=\"text-align: center;\">Autoridades sanit\u00e1rias confirmam dezenas de diagn\u00f3sticos no pa\u00eds em 2026 enquanto especialistas analisam cen\u00e1rio epidemiol\u00f3gico e impacto de grandes eventos<\/h2>\n<p>&nbsp;<\/p>\n<div class=\"article-image-featured\" style=\"text-align: center;\"><img decoding=\"async\" class=\"i-amphtml-fill-content i-amphtml-replaced-content aligncenter\" src=\"https:\/\/www.meionews.com\/uploads\/imagens\/2026\/2\/21\/doenca-pode-causar-erupcoes-cutaneas--c2737750591aa5e7.jpg\" alt=\"Doen\u00e7a pode causar erup\u00e7\u00f5es cut\u00e2neas | Reprodu\u00e7\u00e3o\/ Internet\" data-amp-loading=\"lazy\" \/><small>Doen\u00e7a pode causar erup\u00e7\u00f5es cut\u00e2neas | Foto: Reprodu\u00e7\u00e3o\/ Internet<\/small><\/div>\n<div class=\"g-news\"><\/div>\n<div class=\"article-html\">\n<div class=\"article-html-more\">\n<p>O\u00a0<strong data-end=\"480\" data-start=\"439\">Brasil<\/strong>\u00a0j\u00e1 contabiliza ao menos\u00a0<strong>62 casos confirmados de\u00a0<\/strong><strong>M<\/strong><strong>pox<\/strong><a href=\"https:\/\/www.meionews.com\/tudo-sobre\/mpox\">\u00a0<\/a>em 2026, segundo dados do\u00a0<strong data-end=\"601\" data-start=\"560\">Minist\u00e9rio da Sa\u00fade<\/strong> e de autoridades estaduais. A doen\u00e7a \u00e9 causada por um v\u00edrus da fam\u00edlia Orthopoxvirus, a mesma da antiga var\u00edola humana, e possui diferentes grupos gen\u00e9ticos, conhecidos como clados, que classificam varia\u00e7\u00f5es com pequenas altera\u00e7\u00f5es no material gen\u00e9tico.<\/p>\n<p>Al\u00e9m dos clados I e II, cientistas identificaram subdivis\u00f5es como Ia, Ib, IIa e IIb. Recentemente, foram detectados dois casos de uma cepa resultante da recombina\u00e7\u00e3o entre variantes Ib e IIb, fen\u00f4meno que ocorre quando duas vers\u00f5es do v\u00edrus infectam simultaneamente uma pessoa e trocam material gen\u00e9tico.<\/p>\n<h3 data-end=\"1204\" data-start=\"1171\">Distribui\u00e7\u00e3o de casos no pa\u00eds<\/h3>\n<p>O estado de\u00a0<strong data-end=\"1258\" data-start=\"1217\">S\u00e3o Paulo<\/strong>\u00a0concentra a maior parte das confirma\u00e7\u00f5es, com 44 diagn\u00f3sticos e 71 suspeitas at\u00e9 fevereiro, segundo dados estaduais. Na sequ\u00eancia aparecem\u00a0<strong data-end=\"1439\" data-start=\"1398\">Rio de Janeiro<\/strong>\u00a0(9),\u00a0<strong data-end=\"1486\" data-start=\"1445\">Rond\u00f4nia<\/strong>\u00a0(4),\u00a0<strong data-end=\"1533\" data-start=\"1492\">Bahia<\/strong>\u00a0(2),\u00a0<strong data-end=\"1580\" data-start=\"1539\">Rio Grande do Sul<\/strong>\u00a0(1), al\u00e9m de 1 caso no\u00a0<strong data-end=\"1657\" data-start=\"1616\">Distrito Federal<\/strong>\u00a0e em\u00a0<strong data-end=\"1704\" data-start=\"1663\">Santa Catarina<\/strong>.<\/p>\n<p>Em S\u00e3o Paulo, 185 suspeitas foram notificadas no total, com 57 descartadas. No Rio de Janeiro, foram registradas 20 notifica\u00e7\u00f5es, quatro ainda sob investiga\u00e7\u00e3o. J\u00e1 em\u00a0<strong data-end=\"1915\" data-start=\"1874\">Porto Velho<\/strong>, quatro casos foram confirmados ap\u00f3s seis notifica\u00e7\u00f5es, e dois foram descartados<\/p>\n<p>Na Bahia, sete suspeitas foram registradas, tr\u00eas descartadas. Um caso confirmado ocorreu em\u00a0<strong data-end=\"2108\" data-start=\"2065\">Vit\u00f3ria da Conquista<\/strong>\u00a0e outro, considerado importado, foi notificado em\u00a0<strong data-end=\"2202\" data-start=\"2159\">Salvador<\/strong>, referente a paciente residente em\u00a0<strong data-end=\"2281\" data-start=\"2238\">Osasco<\/strong>. Em\u00a0<strong data-end=\"2329\" data-start=\"2286\">Porto Alegre<\/strong>, autoridades confirmaram o primeiro diagn\u00f3stico do ano; o paciente teria contra\u00eddo a infec\u00e7\u00e3o fora do estado.<\/p>\n<h3 data-end=\"2476\" data-start=\"2446\">Gravidade e perfil cl\u00ednico<\/h3>\n<p>Segundo o Minist\u00e9rio da Sa\u00fade, a maioria dos quadros registrados no pa\u00eds \u00e9\u00a0<strong>classificada como leve ou moderada, sem mortes confirmadas<\/strong>\u00a0<strong>at\u00e9 o momento<\/strong>. Dois pacientes diagnosticados em dezembro de 2025 j\u00e1 receberam alta hospitalar, enquanto outros dois identificados em fevereiro seguem internados em condi\u00e7\u00e3o est\u00e1vel e isolados.<\/p>\n<p>A\u00a0<strong>transmiss\u00e3o ocorre principalmente por contato f\u00edsico pr\u00f3ximo com les\u00f5es, secre\u00e7\u00f5es ou fluidos corporais de pessoas infectadas, inclusive durante rela\u00e7\u00f5es sexuais<\/strong>. Tamb\u00e9m pode ocorrer por objetos contaminados, got\u00edculas respirat\u00f3rias em circunst\u00e2ncias espec\u00edficas e, mais raramente, da m\u00e3e para o beb\u00ea durante a gesta\u00e7\u00e3o.<\/p>\n<div class=\"dimg\"><img decoding=\"async\" class=\"i-amphtml-fill-content i-amphtml-replaced-content aligncenter\" src=\"https:\/\/www.meionews.com\/uploads\/imagens\/2026\/2\/21\/brasil-registra-novos-casos-de-mpox--b1a1167df5ccd0b4.jpg\" alt=\"Sintomas da mpox - Imagem: airdone\/Shutterstock\u00a0\" data-amp-loading=\"lazy\" \/><\/div>\n<p><span class=\"fr-inner\">Sintomas da mpox &#8211; Imagem: airdone\/Shutterstock\u00a0<\/span>&nbsp;<\/p>\n<h3 data-end=\"3164\" data-start=\"3134\">Avalia\u00e7\u00e3o de especialistas<\/h3>\n<p>Para a infectologista\u00a0<strong data-end=\"3230\" data-start=\"3187\">Cristhieni Rodrigues<\/strong>, do Hospital Santa Paula, da Rede Am\u00e9ricas, os n\u00fameros atuais n\u00e3o indicam surto nacional. Segundo ela, diferentemente de 2022, quando houve expans\u00e3o global acelerada, os registros recentes\u00a0<strong>s\u00e3o menores e est\u00e3o sob monitoramento ativo<\/strong>, mantendo baixo o risco para a popula\u00e7\u00e3o geral.<\/p>\n<p>J\u00e1 o infectologista\u00a0<strong data-end=\"3632\" data-start=\"3589\">Juvencio Furtado<\/strong>, do Hospital Heli\u00f3polis, gerido pelo Hospital Israelita Albert Einstein, avalia que o<strong>\u00a0volume atual pode superar o esperado para o per\u00edodo<\/strong>. Em 2025, entre janeiro e as tr\u00eas primeiras semanas de fevereiro, foram confirmados 209 casos no pa\u00eds. Os dados de 2026 ainda s\u00e3o preliminares e podem crescer com o avan\u00e7o das investiga\u00e7\u00f5es.<\/p>\n<p>Segundo ele, o\u00a0<strong data-end=\"4054\" data-start=\"4011\">Sistema \u00danico de Sa\u00fade<\/strong>\u00a0precisa manter capacidade de vigil\u00e2ncia e diagn\u00f3stico, sobretudo ap\u00f3s per\u00edodos de maior intera\u00e7\u00e3o social. \u201cEm um primeiro momento, o cen\u00e1rio preocupa. Mas o teste real vir\u00e1 depois desses eventos. Se mais casos forem detectados, pode se tornar uma quest\u00e3o de sa\u00fade p\u00fablica maior\u201d, afirma.<\/p>\n<h3 data-end=\"4385\" data-start=\"4349\">Variante recombinante monitorada<\/h3>\n<p>A\u00a0<strong data-end=\"4431\" data-start=\"4388\">Organiza\u00e7\u00e3o Mundial da Sa\u00fade<\/strong>\u00a0confirmou recentemente a identifica\u00e7\u00e3o de uma\u00a0<strong>nova variante recombinante do v\u00edrus<\/strong>. At\u00e9 agora, apenas dois registros foram documentados, um no\u00a0<strong data-end=\"4618\" data-start=\"4575\">Reino Unido<\/strong>\u00a0e outro na\u00a0<strong data-end=\"4673\" data-start=\"4630\">\u00cdndia,<\/strong>\u00a0e\u00a0<strong>n\u00e3o h\u00e1 evid\u00eancias de circula\u00e7\u00e3o ampla nem liga\u00e7\u00e3o comprovada com os casos atuais no Brasil<\/strong>.<\/p>\n<p class=\"ads\">\n<div class=\"article-share_buttons2 article-share\">\n<div class=\"share_buttons\">\n<div class=\"buttons\">\n<p>Fonte: Portal MeioNews.<br \/>\nConfira esta e outras mat\u00e9rias na \u00edntegra pelo link: https:\/\/www.meionews.com\/bem-estar\/brasil-registra-novos-casos-de-mpox-saiba-quais-sao-os-estados-afetados-555989<\/p>\n<\/div>\n<\/div>\n<\/div>\n<\/div>\n<\/div>\n","protected":false},"excerpt":{"rendered":"<p>Autoridades sanit\u00e1rias confirmam dezenas de diagn\u00f3sticos no pa\u00eds em 2026 enquanto especialistas analisam cen\u00e1rio epidemiol\u00f3gico e impacto de grandes eventos &nbsp; Doen\u00e7a pode causar erup\u00e7\u00f5es cut\u00e2neas | Foto: Reprodu\u00e7\u00e3o\/ Internet O\u00a0Brasil\u00a0j\u00e1 contabiliza ao menos\u00a062 casos confirmados de\u00a0Mpox\u00a0em 2026, segundo dados do\u00a0Minist\u00e9rio da Sa\u00fade e de autoridades estaduais. A doen\u00e7a \u00e9 causada por um v\u00edrus da [&hellip;]<\/p>\n","protected":false},"author":3,"featured_media":17846,"comment_status":"open","ping_status":"open","sticky":false,"template":"","format":"standard","meta":{"om_disable_all_campaigns":false,"_monsterinsights_skip_tracking":false,"_monsterinsights_sitenote_active":false,"_monsterinsights_sitenote_note":"","_monsterinsights_sitenote_category":0,"footnotes":""},"categories":[42],"tags":[],"class_list":["post-17845","post","type-post","status-publish","format-standard","has-post-thumbnail","hentry","category-saude"],"jetpack_featured_media_url":"https:\/\/fatoelado.com\/wp-content\/uploads\/2026\/02\/doenca-pode-causar-erupcoes-cutaneas-c2737750591aa5e7.jpg","_links":{"self":[{"href":"https:\/\/fatoelado.com\/index.php?rest_route=\/wp\/v2\/posts\/17845","targetHints":{"allow":["GET"]}}],"collection":[{"href":"https:\/\/fatoelado.com\/index.php?rest_route=\/wp\/v2\/posts"}],"about":[{"href":"https:\/\/fatoelado.com\/index.php?rest_route=\/wp\/v2\/types\/post"}],"author":[{"embeddable":true,"href":"https:\/\/fatoelado.com\/index.php?rest_route=\/wp\/v2\/users\/3"}],"replies":[{"embeddable":true,"href":"https:\/\/fatoelado.com\/index.php?rest_route=%2Fwp%2Fv2%2Fcomments&post=17845"}],"version-history":[{"count":1,"href":"https:\/\/fatoelado.com\/index.php?rest_route=\/wp\/v2\/posts\/17845\/revisions"}],"predecessor-version":[{"id":17847,"href":"https:\/\/fatoelado.com\/index.php?rest_route=\/wp\/v2\/posts\/17845\/revisions\/17847"}],"wp:featuredmedia":[{"embeddable":true,"href":"https:\/\/fatoelado.com\/index.php?rest_route=\/wp\/v2\/media\/17846"}],"wp:attachment":[{"href":"https:\/\/fatoelado.com\/index.php?rest_route=%2Fwp%2Fv2%2Fmedia&parent=17845"}],"wp:term":[{"taxonomy":"category","embeddable":true,"href":"https:\/\/fatoelado.com\/index.php?rest_route=%2Fwp%2Fv2%2Fcategories&post=17845"},{"taxonomy":"post_tag","embeddable":true,"href":"https:\/\/fatoelado.com\/index.php?rest_route=%2Fwp%2Fv2%2Ftags&post=17845"}],"curies":[{"name":"wp","href":"https:\/\/api.w.org\/{rel}","templated":true}]}}