{"id":17842,"date":"2026-02-21T13:47:33","date_gmt":"2026-02-21T16:47:33","guid":{"rendered":"https:\/\/fatoelado.com\/?p=17842"},"modified":"2026-02-21T13:47:33","modified_gmt":"2026-02-21T16:47:33","slug":"vasco-x-fluminense-horario-onde-assistir-escalacoes-e-arbitragem-da-semifinal-do-carioca","status":"publish","type":"post","link":"https:\/\/fatoelado.com\/?p=17842","title":{"rendered":"Vasco x Fluminense: hor\u00e1rio, onde assistir, escala\u00e7\u00f5es e arbitragem da semifinal do Carioca"},"content":{"rendered":"<h2 class=\"article-subtitle\" style=\"text-align: center;\">Cl\u00e1ssico decide vaga na final em confronto de ida neste domingo, com mando cruz-maltino e transmiss\u00e3o em TV aberta e fechada<\/h2>\n<p>&nbsp;<\/p>\n<div class=\"article-image-featured\" style=\"text-align: center;\"><img decoding=\"async\" class=\"i-amphtml-fill-content i-amphtml-replaced-content aligncenter\" src=\"https:\/\/www.meionews.com\/uploads\/imagens\/2026\/2\/21\/classico-dos-gigantes-na-semifinal-do-carioca--88a38221bea87002.jpg\" alt=\"Cl\u00e1ssico dos Gigantes na semifinal do Carioca | Reprodu\u00e7\u00e3o\/ Internet\" data-amp-loading=\"lazy\" \/><small>Cl\u00e1ssico dos Gigantes na semifinal do Carioca | Foto: Reprodu\u00e7\u00e3o\/ Internet<\/small><\/div>\n<div class=\"g-news\"><\/div>\n<div class=\"article-html\">\n<div class=\"article-html-more\">\n<p><strong data-end=\"358\">Vasco da Gama<\/strong>\u00a0e\u00a0<strong data-end=\"402\" data-start=\"361\">Fluminense<\/strong>\u00a0se enfrentam neste domingo (22), \u00e0s 18h, pelo jogo de ida da semifinal do\u00a0Campeonato Carioca. A partida ser\u00e1 disputada no\u00a0<strong data-end=\"566\" data-start=\"525\">Est\u00e1dio Nilton Santos<\/strong>, com mando vasca\u00edno. O confronto de volta est\u00e1 marcado para o domingo seguinte (1\u00ba), tamb\u00e9m \u00e0s 18h, no\u00a0<strong data-end=\"711\" data-start=\"670\">Maracan\u00e3<\/strong>, desta vez com mando tricolor.<\/p>\n<p>O Vasco garantiu vaga na semifinal ap\u00f3s eliminar o Volta Redonda nas quartas de final. O duelo terminou empatado em 1 a 1 no tempo normal, e a classifica\u00e7\u00e3o veio nos p\u00eanaltis, em S\u00e3o Janu\u00e1rio. J\u00e1 o Fluminense avan\u00e7ou ao superar o Bangu por 3 a 1 no Maraca.<\/p>\n<p>A outra semifinal do torneio ser\u00e1 disputada entre\u00a0<strong data-end=\"1147\" data-start=\"1106\">Flamengo<\/strong>\u00a0e\u00a0<strong data-end=\"1191\" data-start=\"1150\">Madureira<\/strong>, tamb\u00e9m em jogos de ida e volta.<\/p>\n<p>&nbsp;<\/p>\n<h2 data-end=\"1248\" data-start=\"1231\">Onde assistir<\/h2>\n<p>A partida ter\u00e1 transmiss\u00e3o da\u00a0<strong data-end=\"1320\" data-start=\"1279\">TV Globo<\/strong>\u00a0(TV aberta),\u00a0<strong data-end=\"1375\" data-start=\"1334\">SporTV<\/strong>\u00a0(TV fechada) e\u00a0<strong data-end=\"1434\" data-start=\"1391\">Premiere<\/strong>\u00a0(pay-per-view).<\/p>\n<h3 data-end=\"1481\" data-start=\"1457\">Prov\u00e1veis escala\u00e7\u00f5es<\/h3>\n<p><strong data-end=\"1543\" data-start=\"1483\">Vasco &#8211; t\u00e9cnico: Fernando Diniz<\/strong><br data-start=\"1543\" data-end=\"1546\" \/>L\u00e9o Jardim; Puma Rodr\u00edguez, Cuesta, Robert Renan e Lucas Piton; Cauan Barros, Hugo Moura e Johan Rojas; Nuno Moreira, Andr\u00e9s G\u00f3mez e Brenner.<br data-start=\"1694\" data-end=\"1697\" \/><strong>Desfalques:<\/strong>\u00a0Thiago Mendes (dores no joelho); al\u00e9m disso,\u00a0Coutinho rescindiu contrato\u00a0e deixou o clube.<\/p>\n<p><strong data-end=\"1860\">Fluminense &#8211; t\u00e9cnico: Luis Zubeld\u00eda<\/strong><br data-start=\"1860\" data-end=\"1863\" \/>F\u00e1bio; Samuel Xavier, Jemmes, Ign\u00e1cio e Ren\u00ea; Bernal, Martinelli e Lucho Acosta; Canobbio, Kevin Serna e John Kennedy.<br data-start=\"1981\" data-end=\"1984\" \/><strong>Desfalques e d\u00favidas<\/strong>:\u00a0<strong data-end=\"2049\" data-start=\"2006\">Germ\u00e1n Cano<\/strong>\u00a0est\u00e1 fora ap\u00f3s artroscopia; H\u00e9rcules e Arana ainda s\u00e3o d\u00favidas por recupera\u00e7\u00e3o f\u00edsica.<\/p>\n<h3 data-end=\"2157\" data-start=\"2143\">Arbitragem<\/h3>\n<ul>\n<li>\u00c1rbitro de campo: Jodis Nascimento de Souza<\/li>\n<li>Auxiliares: Rodrigo Figueiredo Henrique Corr\u00eaa e Carlos Henrique Alves de Lima Filho<\/li>\n<li>VAR: Carlos Eduardo Nunes Braga<\/li>\n<\/ul>\n<p>&nbsp;<\/p>\n<div class=\"article-share_buttons2 article-share\">\n<div class=\"share_buttons\">\n<div class=\"buttons\">\n<p>Fonte: Portal MeioNews.<br \/>\nConfira esta e outras mat\u00e9rias na \u00edntegra pelo link: https:\/\/www.meionews.com\/esportes\/vasco-x-fluminense-horario-onde-assistir-escalacoes-e-arbitragem-da-semifinal-do-carioca-555992<\/p>\n<\/div>\n<\/div>\n<\/div>\n<\/div>\n<\/div>\n","protected":false},"excerpt":{"rendered":"<p>Cl\u00e1ssico decide vaga na final em confronto de ida neste domingo, com mando cruz-maltino e transmiss\u00e3o em TV aberta e fechada &nbsp; Cl\u00e1ssico dos Gigantes na semifinal do Carioca | Foto: Reprodu\u00e7\u00e3o\/ Internet Vasco da Gama\u00a0e\u00a0Fluminense\u00a0se enfrentam neste domingo (22), \u00e0s 18h, pelo jogo de ida da semifinal do\u00a0Campeonato Carioca. A partida ser\u00e1 disputada no\u00a0Est\u00e1dio [&hellip;]<\/p>\n","protected":false},"author":3,"featured_media":17843,"comment_status":"open","ping_status":"open","sticky":false,"template":"","format":"standard","meta":{"om_disable_all_campaigns":false,"_monsterinsights_skip_tracking":false,"_monsterinsights_sitenote_active":false,"_monsterinsights_sitenote_note":"","_monsterinsights_sitenote_category":0,"footnotes":""},"categories":[48],"tags":[],"class_list":["post-17842","post","type-post","status-publish","format-standard","has-post-thumbnail","hentry","category-esportes"],"jetpack_featured_media_url":"https:\/\/fatoelado.com\/wp-content\/uploads\/2026\/02\/classico-dos-gigantes-na-semifinal-do-carioca-88a38221bea87002.jpg","_links":{"self":[{"href":"https:\/\/fatoelado.com\/index.php?rest_route=\/wp\/v2\/posts\/17842","targetHints":{"allow":["GET"]}}],"collection":[{"href":"https:\/\/fatoelado.com\/index.php?rest_route=\/wp\/v2\/posts"}],"about":[{"href":"https:\/\/fatoelado.com\/index.php?rest_route=\/wp\/v2\/types\/post"}],"author":[{"embeddable":true,"href":"https:\/\/fatoelado.com\/index.php?rest_route=\/wp\/v2\/users\/3"}],"replies":[{"embeddable":true,"href":"https:\/\/fatoelado.com\/index.php?rest_route=%2Fwp%2Fv2%2Fcomments&post=17842"}],"version-history":[{"count":1,"href":"https:\/\/fatoelado.com\/index.php?rest_route=\/wp\/v2\/posts\/17842\/revisions"}],"predecessor-version":[{"id":17844,"href":"https:\/\/fatoelado.com\/index.php?rest_route=\/wp\/v2\/posts\/17842\/revisions\/17844"}],"wp:featuredmedia":[{"embeddable":true,"href":"https:\/\/fatoelado.com\/index.php?rest_route=\/wp\/v2\/media\/17843"}],"wp:attachment":[{"href":"https:\/\/fatoelado.com\/index.php?rest_route=%2Fwp%2Fv2%2Fmedia&parent=17842"}],"wp:term":[{"taxonomy":"category","embeddable":true,"href":"https:\/\/fatoelado.com\/index.php?rest_route=%2Fwp%2Fv2%2Fcategories&post=17842"},{"taxonomy":"post_tag","embeddable":true,"href":"https:\/\/fatoelado.com\/index.php?rest_route=%2Fwp%2Fv2%2Ftags&post=17842"}],"curies":[{"name":"wp","href":"https:\/\/api.w.org\/{rel}","templated":true}]}}