{"id":17839,"date":"2026-02-21T13:45:59","date_gmt":"2026-02-21T16:45:59","guid":{"rendered":"https:\/\/fatoelado.com\/?p=17839"},"modified":"2026-02-21T13:45:59","modified_gmt":"2026-02-21T16:45:59","slug":"candidato-a-presidencia-do-barcelona-planeja-retorno-de-messi-ao-time","status":"publish","type":"post","link":"https:\/\/fatoelado.com\/?p=17839","title":{"rendered":"Candidato \u00e0 presid\u00eancia do Barcelona planeja retorno de Messi ao time"},"content":{"rendered":"<h2 class=\"article-subtitle\" style=\"text-align: center;\">V\u00edctor Font apresenta plano eleitoral que inclui homenagem hist\u00f3rica e v\u00ednculo permanente entre o \u00eddolo argentino e o clube catal\u00e3o.<\/h2>\n<p>&nbsp;<\/p>\n<div class=\"article-image-featured\" style=\"text-align: center;\"><img decoding=\"async\" class=\"i-amphtml-fill-content i-amphtml-replaced-content aligncenter\" src=\"https:\/\/www.meionews.com\/uploads\/imagens\/2026\/2\/21\/messi-comemora-gol-pelo-barcelona--3474ec0b6c8c9dc2.jpg\" alt=\"Messi comemora gol pelo Barcelona | Foto: Joan Monfort \/ Associated Press\" data-amp-loading=\"lazy\" \/><small>Messi comemora gol pelo Barcelona | Foto: Joan Monfort \/ Associated Press<\/small><\/div>\n<div class=\"g-news\"><\/div>\n<div class=\"article-html\">\n<div class=\"article-html-more\">\n<p>O candidato \u00e0 presid\u00eancia do\u00a0<strong data-end=\"388\" data-start=\"347\">Barcelona<\/strong>,\u00a0<strong data-end=\"431\" data-start=\"390\">Victor Font<\/strong>\u00a0colocou\u00a0<strong data-end=\"481\" data-start=\"440\">Lionel Messi<\/strong>\u00a0como pe\u00e7a central de sua proposta de gest\u00e3o. Ao apresentar diretrizes de campanha, o dirigente afirmou que pretende trabalhar para viabilizar um retorno do atacante ao clube para\u00a0<strong>despedida oficial<\/strong>\u00a0e sugeriu ainda que o argentino seja aclamado como\u00a0<strong>presidente de honra da institui\u00e7\u00e3o<\/strong>.<\/p>\n<p>Segundo Font, h\u00e1 dois caminhos poss\u00edveis para consolidar o legado do jogador: conceder o t\u00edtulo honor\u00e1rio e estabelecer um v\u00ednculo institucional permanente entre a marca Messi-Bar\u00e7a. Ele afirmou que, no campo comercial, j\u00e1 existe um acordo estrat\u00e9gico envolvendo o atual clube do atleta, o\u00a0<strong data-end=\"1084\" data-start=\"1043\">Inter Miami<\/strong>, o que facilitaria futuras a\u00e7\u00f5es conjuntas.<\/p>\n<div class=\"dimg\"><img decoding=\"async\" class=\"i-amphtml-intrinsic-sizer\" role=\"presentation\" src=\"data:;base64,<svg height=\"768px\" width=\"1228px\" xmlns=\"http:\/\/www.w3.org\/2000\/svg\" version=\"1.1\"\/>&#8221; alt=&#8221;&#8221; aria-hidden=&#8221;true&#8221; \/><img decoding=\"async\" class=\"i-amphtml-fill-content i-amphtml-replaced-content aligncenter\" src=\"https:\/\/www.meionews.com\/uploads\/imagens\/2026\/2\/21\/candidato-a-presidencia-do-barcelona-planeja-retorno-de-messi-ao-time--667cfff2190d7be2.jpg\" alt=\"Messi posa ao lado de alguns dos principais t\u00edtulos conquistados com a camisa do Barcelona - Foto: Reprodu\u00e7\u00e3o\/Barcelona\" data-amp-loading=\"lazy\" \/><\/div>\n<p><span class=\"fr-inner\">Messi posa ao lado de alguns dos principais t\u00edtulos conquistados com a camisa do Barcelona &#8211; Foto: Reprodu\u00e7\u00e3o\/Barcelona<\/span>&nbsp;<\/p>\n<p>O candidato tamb\u00e9m criticou a\u00a0<strong>forma<\/strong>\u00a0<strong>como se encerrou a passagem do camisa 10<\/strong>\u00a0pelo time catal\u00e3o. Para ele, o \u00eddolo n\u00e3o pode finalizar sua hist\u00f3ria no clube \u201cem uma sala fechada\u201d, avalia\u00e7\u00e3o que atribui \u00e0 atual gest\u00e3o de\u00a0<strong data-end=\"1389\" data-start=\"1348\">Joan Laporta<\/strong>, sugerindo que, sob a dire\u00e7\u00e3o vigente, n\u00e3o haveria espa\u00e7o para uma despedida p\u00fablica adequada:<\/p>\n<blockquote><p>Messi n\u00e3o pode encerrar sua trajet\u00f3ria no Bar\u00e7a com uma despedida em uma sala fechada. \u00c9 impens\u00e1vel. Messi precisa se aposentar em campo. Obviamente, como isso acontecer\u00e1 depende de seus desejos e de sua situa\u00e7\u00e3o no final de 2026. O que queremos dizer \u00e9 que a \u00fanica maneira de ele se despedir como merece, com a camisa do clube e em campo, \u00e9 se Joan Laporta n\u00e3o estiver mais no poder ap\u00f3s 16 de mar\u00e7o.<\/p><\/blockquote>\n<p>A proposta de Font depende de aprova\u00e7\u00e3o da Assembleia Geral do clube, condicionada \u00e0 prometida reforma estatut\u00e1ria. A elei\u00e7\u00e3o presidencial est\u00e1 marcada para 16 de mar\u00e7o.<\/p>\n<h3 data-end=\"1696\" data-start=\"1662\">Trajet\u00f3ria ap\u00f3s sa\u00edda do Bar\u00e7a<\/h3>\n<p>Messi deixou o Barcelona em 2021, ap\u00f3s 21 anos de v\u00ednculo, e se transferiu sem custos para o\u00a0<strong data-end=\"1831\" data-start=\"1790\">Paris Saint-Germain<\/strong>, onde conquistou t\u00edtulos nacionais, mas enfrentou cr\u00edticas dos torcedores parisienses por desempenho considerado abaixo da expectativa. Em julho de 2023, acertou com o Inter Miami e, desde ent\u00e3o, soma quatro t\u00edtulos, incluindo a Confer\u00eancia Leste e a MLS Cup, ambas em 2025.<\/p>\n<div class=\"mgbox\"><\/div>\n<div class=\"article-share_buttons2 article-share\">\n<div class=\"share_buttons\">\n<div class=\"buttons\">\n<p>Fonte: Portal MeioNews.<br \/>\nConfira esta e outras mat\u00e9rias na \u00edntegra pelo link: https:\/\/www.meionews.com\/esportes\/candidato-a-presidencia-do-barcelona-planeja-retorno-de-messi-ao-time-555998<\/p>\n<\/div>\n<\/div>\n<\/div>\n<\/div>\n<\/div>\n","protected":false},"excerpt":{"rendered":"<p>V\u00edctor Font apresenta plano eleitoral que inclui homenagem hist\u00f3rica e v\u00ednculo permanente entre o \u00eddolo argentino e o clube catal\u00e3o. &nbsp; Messi comemora gol pelo Barcelona | Foto: Joan Monfort \/ Associated Press O candidato \u00e0 presid\u00eancia do\u00a0Barcelona,\u00a0Victor Font\u00a0colocou\u00a0Lionel Messi\u00a0como pe\u00e7a central de sua proposta de gest\u00e3o. Ao apresentar diretrizes de campanha, o dirigente afirmou [&hellip;]<\/p>\n","protected":false},"author":3,"featured_media":17840,"comment_status":"open","ping_status":"open","sticky":false,"template":"","format":"standard","meta":{"om_disable_all_campaigns":false,"_monsterinsights_skip_tracking":false,"_monsterinsights_sitenote_active":false,"_monsterinsights_sitenote_note":"","_monsterinsights_sitenote_category":0,"footnotes":""},"categories":[48],"tags":[],"class_list":["post-17839","post","type-post","status-publish","format-standard","has-post-thumbnail","hentry","category-esportes"],"jetpack_featured_media_url":"https:\/\/fatoelado.com\/wp-content\/uploads\/2026\/02\/messi-comemora-gol-pelo-barcelona-3474ec0b6c8c9dc2.jpg","_links":{"self":[{"href":"https:\/\/fatoelado.com\/index.php?rest_route=\/wp\/v2\/posts\/17839","targetHints":{"allow":["GET"]}}],"collection":[{"href":"https:\/\/fatoelado.com\/index.php?rest_route=\/wp\/v2\/posts"}],"about":[{"href":"https:\/\/fatoelado.com\/index.php?rest_route=\/wp\/v2\/types\/post"}],"author":[{"embeddable":true,"href":"https:\/\/fatoelado.com\/index.php?rest_route=\/wp\/v2\/users\/3"}],"replies":[{"embeddable":true,"href":"https:\/\/fatoelado.com\/index.php?rest_route=%2Fwp%2Fv2%2Fcomments&post=17839"}],"version-history":[{"count":1,"href":"https:\/\/fatoelado.com\/index.php?rest_route=\/wp\/v2\/posts\/17839\/revisions"}],"predecessor-version":[{"id":17841,"href":"https:\/\/fatoelado.com\/index.php?rest_route=\/wp\/v2\/posts\/17839\/revisions\/17841"}],"wp:featuredmedia":[{"embeddable":true,"href":"https:\/\/fatoelado.com\/index.php?rest_route=\/wp\/v2\/media\/17840"}],"wp:attachment":[{"href":"https:\/\/fatoelado.com\/index.php?rest_route=%2Fwp%2Fv2%2Fmedia&parent=17839"}],"wp:term":[{"taxonomy":"category","embeddable":true,"href":"https:\/\/fatoelado.com\/index.php?rest_route=%2Fwp%2Fv2%2Fcategories&post=17839"},{"taxonomy":"post_tag","embeddable":true,"href":"https:\/\/fatoelado.com\/index.php?rest_route=%2Fwp%2Fv2%2Ftags&post=17839"}],"curies":[{"name":"wp","href":"https:\/\/api.w.org\/{rel}","templated":true}]}}