{"id":17835,"date":"2026-02-21T05:54:00","date_gmt":"2026-02-21T08:54:00","guid":{"rendered":"https:\/\/fatoelado.com\/?p=17835"},"modified":"2026-02-20T21:55:06","modified_gmt":"2026-02-21T00:55:06","slug":"sul-do-piaui-pode-ter-chuva-acima-de-100-mm-no-fim-de-semana-veja-previsao","status":"publish","type":"post","link":"https:\/\/fatoelado.com\/?p=17835","title":{"rendered":"Sul do Piau\u00ed pode ter chuva acima de 100 mm no fim de semana; veja previs\u00e3o"},"content":{"rendered":"<p>Ap\u00f3s duas semanas consecutivas de instabilidade, o\u00a0<strong>Piau\u00ed\u00a0<\/strong>entra no terceiro fim de semana de fevereiro com<strong>\u00a0previs\u00e3o de chuvas mais volumosas no centro-sul do estado.<\/strong>\u00a0Segundo a Secretaria de Meio Ambiente e Recursos H\u00eddricos (Semarh), os acumulados podem\u00a0<strong>superar 60 mil\u00edmetros em poucas horas<\/strong>\u00a0e, de forma isolada,\u00a0<strong>ultrapassar 100 mm em alguns munic\u00edpios.<\/strong><\/p>\n<p>De acordo com a meteorologista\u00a0<strong>S\u00f4nia Feitosa<\/strong>, o padr\u00e3o de chuva tem se mantido desde o in\u00edcio do m\u00eas, mas agora a intensidade deve migrar para o sul do territ\u00f3rio.<\/p>\n<blockquote><p>\u201cEstamos na terceira semana de fevereiro e desde a primeira semana o estado vem sendo marcado por chuvas em toda a sua extens\u00e3o. Agora, sexta, s\u00e1bado e domingo, as chuvas mais volumosas devem ocorrer no centro-sul, incluindo sudeste e sudoeste\u201d, explicou.<\/p><\/blockquote>\n<p><em>Foto: Reprodu\u00e7\u00e3o \/ Inmet<\/em><\/p>\n<p><img decoding=\"async\" src=\"https:\/\/cidadeverde.com\/assets\/uploads\/colecoes\/2\/2026\/02\/chuva_20_21_e_22.jpg\" alt=\"\" \/><\/p>\n<h2><strong>Onde deve chover mais<\/strong><\/h2>\n<p>Conforme a previs\u00e3o meteorol\u00f3gica di\u00e1ria da Semarh para os dias 20, 21 e 22 de fevereiro , a tend\u00eancia \u00e9 de precipita\u00e7\u00f5es distribu\u00eddas em todo o estado, com maior concentra\u00e7\u00e3o no centro-sul.<\/p>\n<p>As \u00e1reas com maior potencial de chuva mais intensa incluem:<\/p>\n<ul>\n<li>Floriano<\/li>\n<li>Jerumenha<\/li>\n<li>Bom Jesus<\/li>\n<li>Ribeiro Gon\u00e7alves<\/li>\n<li>Baixa Grande do Ribeiro<\/li>\n<li>Uru\u00e7u\u00ed<\/li>\n<li>Corrente<\/li>\n<li>Curimat\u00e1<\/li>\n<li>Paulistana<\/li>\n<li>Simpl\u00edcio Mendes<\/li>\n<li>Picos<\/li>\n<li>Itain\u00f3polis<\/li>\n<\/ul>\n<p>No Norte e Centro-Norte, incluindo Teresina, as chuvas continuam ocorrendo, mas de forma mais isolada em compara\u00e7\u00e3o ao sul.<\/p>\n<h2><strong>Previs\u00e3o para sexta, s\u00e1bado e domingo<\/strong><\/h2>\n<h3><strong>Sexta-feira (20)<\/strong><\/h3>\n<ul>\n<li>Norte: nublado com pancadas isoladas, m\u00e1xima de 34\u00b0C<\/li>\n<li>Centro-Norte: chuva no decorrer do dia e \u00e0 noite em Teresina, m\u00e1xima de 30\u00b0C<\/li>\n<li>Sudeste: pancadas e trovoadas isoladas<\/li>\n<li>Sudoeste: chuvas e trovoadas, com ventos moderados a fortes<\/li>\n<\/ul>\n<h3><strong>S\u00e1bado (21)<\/strong><\/h3>\n<ul>\n<li>Norte: chuvas isoladas<\/li>\n<li>Centro-Norte: chuva ao fim do dia em Teresina<\/li>\n<li>Sudeste: chuva no decorrer do dia<\/li>\n<li>Sudoeste: possibilidade de chuvas com trovoadas em Floriano, Corrente e Bom Jesus<\/li>\n<\/ul>\n<h3><strong>Domingo (22)<\/strong><\/h3>\n<ul>\n<li>Norte: chuva e trovoadas<\/li>\n<li>Centro-Norte: pancadas ao longo do dia<\/li>\n<li>Sudeste e Sudoeste: manuten\u00e7\u00e3o das instabilidades, com risco de volumes mais elevados<\/li>\n<\/ul>\n<h2><strong>Pode chover mais de 100 mm?<\/strong><\/h2>\n<p>Segundo S\u00f4nia Feitosa, epis\u00f3dios isolados podem registrar acumulados muito expressivos.<\/p>\n<blockquote><p>\u201cPodem acontecer chuvas com acumulados superando 60 mil\u00edmetros em pouco tempo e, de forma isolada, alguns munic\u00edpios podem ultrapassar 100 mil\u00edmetros. Claro que isso n\u00e3o ocorre em todos os munic\u00edpios, mas \u00e9 poss\u00edvel nesta \u00e9poca do ano.\u201d<\/p><\/blockquote>\n<p>A meteorologista alerta que<strong>\u00a0o solo j\u00e1 est\u00e1 encharcado em v\u00e1rias regi\u00f5es<\/strong>\u00a0devido \u00e0s chuvas sucessivas das \u00faltimas semanas. \u201cQuando ocorre uma chuva volumosa nesse cen\u00e1rio, aumenta o risco de alagamentos e desabamento de barreiras\u201d, destacou.<\/p>\n<p>A tend\u00eancia de precipita\u00e7\u00f5es entre os dias 19 e 26 de fevereiro est\u00e1<strong>\u00a0associada \u00e0 atua\u00e7\u00e3o da Zona de Converg\u00eancia Intertropical\u00a0<\/strong>(ZCIT), \u00e0 canaliza\u00e7\u00e3o de umidade da Amaz\u00f4nia e a fatores locais que favorecem a convec\u00e7\u00e3o, segundo o boletim t\u00e9cnico da Semarh .<\/p>\n<p>Esse padr\u00e3o \u00e9 t\u00edpico do per\u00edodo mais chuvoso do Piau\u00ed, que se concentra entre janeiro e mar\u00e7o.<\/p>\n<h2><strong>Recomenda\u00e7\u00f5es \u00e0 popula\u00e7\u00e3o<\/strong><\/h2>\n<p>Com risco de tempestades, ventos e descargas el\u00e9tricas, a orienta\u00e7\u00e3o \u00e9:<\/p>\n<ul>\n<li>Evitar se abrigar debaixo de \u00e1rvores<\/li>\n<li>N\u00e3o permanecer em \u00e1reas abertas durante trovoadas<\/li>\n<li>Evitar contato com superf\u00edcies met\u00e1licas<\/li>\n<li>N\u00e3o atravessar \u00e1reas alagadas<\/li>\n<li>Em caso de emerg\u00eancia, acionar Defesa Civil (199) ou Corpo de Bombeiros (193)<\/li>\n<\/ul>\n<blockquote><p>\u201cQuando poss\u00edvel, evitem at\u00e9 sair de casa durante as tempestades\u201d, refor\u00e7ou S\u00f4nia Feitosa.<\/p><\/blockquote>\n<p>&nbsp;<\/p>\n<p>Fonte: Portal CidadeVerde.<br \/>\nConfira esta e outras mat\u00e9rias na \u00edntegra pelo link: https:\/\/cidadeverde.com\/noticias\/451179\/sul-do-piaui-pode-ter-chuva-acima-de-100-mm-no-fim-de-semana-veja-previsao<\/p>\n","protected":false},"excerpt":{"rendered":"<p>Ap\u00f3s duas semanas consecutivas de instabilidade, o\u00a0Piau\u00ed\u00a0entra no terceiro fim de semana de fevereiro com\u00a0previs\u00e3o de chuvas mais volumosas no centro-sul do estado.\u00a0Segundo a Secretaria de Meio Ambiente e Recursos H\u00eddricos (Semarh), os acumulados podem\u00a0superar 60 mil\u00edmetros em poucas horas\u00a0e, de forma isolada,\u00a0ultrapassar 100 mm em alguns munic\u00edpios. De acordo com a meteorologista\u00a0S\u00f4nia Feitosa, o [&hellip;]<\/p>\n","protected":false},"author":3,"featured_media":17836,"comment_status":"open","ping_status":"open","sticky":false,"template":"","format":"standard","meta":{"om_disable_all_campaigns":false,"_monsterinsights_skip_tracking":false,"_monsterinsights_sitenote_active":false,"_monsterinsights_sitenote_note":"","_monsterinsights_sitenote_category":0,"footnotes":""},"categories":[33],"tags":[],"class_list":["post-17835","post","type-post","status-publish","format-standard","has-post-thumbnail","hentry","category-piaui"],"jetpack_featured_media_url":"https:\/\/fatoelado.com\/wp-content\/uploads\/2026\/02\/Captura-de-tela-2026-02-20-215444.png","_links":{"self":[{"href":"https:\/\/fatoelado.com\/index.php?rest_route=\/wp\/v2\/posts\/17835","targetHints":{"allow":["GET"]}}],"collection":[{"href":"https:\/\/fatoelado.com\/index.php?rest_route=\/wp\/v2\/posts"}],"about":[{"href":"https:\/\/fatoelado.com\/index.php?rest_route=\/wp\/v2\/types\/post"}],"author":[{"embeddable":true,"href":"https:\/\/fatoelado.com\/index.php?rest_route=\/wp\/v2\/users\/3"}],"replies":[{"embeddable":true,"href":"https:\/\/fatoelado.com\/index.php?rest_route=%2Fwp%2Fv2%2Fcomments&post=17835"}],"version-history":[{"count":2,"href":"https:\/\/fatoelado.com\/index.php?rest_route=\/wp\/v2\/posts\/17835\/revisions"}],"predecessor-version":[{"id":17838,"href":"https:\/\/fatoelado.com\/index.php?rest_route=\/wp\/v2\/posts\/17835\/revisions\/17838"}],"wp:featuredmedia":[{"embeddable":true,"href":"https:\/\/fatoelado.com\/index.php?rest_route=\/wp\/v2\/media\/17836"}],"wp:attachment":[{"href":"https:\/\/fatoelado.com\/index.php?rest_route=%2Fwp%2Fv2%2Fmedia&parent=17835"}],"wp:term":[{"taxonomy":"category","embeddable":true,"href":"https:\/\/fatoelado.com\/index.php?rest_route=%2Fwp%2Fv2%2Fcategories&post=17835"},{"taxonomy":"post_tag","embeddable":true,"href":"https:\/\/fatoelado.com\/index.php?rest_route=%2Fwp%2Fv2%2Ftags&post=17835"}],"curies":[{"name":"wp","href":"https:\/\/api.w.org\/{rel}","templated":true}]}}