{"id":17793,"date":"2026-02-20T05:20:24","date_gmt":"2026-02-20T08:20:24","guid":{"rendered":"https:\/\/fatoelado.com\/?p=17793"},"modified":"2026-02-19T22:21:27","modified_gmt":"2026-02-20T01:21:27","slug":"greve-geral-na-argentina-afeta-voos-no-brasil-e-leva-a-dezenas-de-cancelamentos","status":"publish","type":"post","link":"https:\/\/fatoelado.com\/?p=17793","title":{"rendered":"Greve geral na Argentina afeta voos no Brasil e leva a dezenas de cancelamentos"},"content":{"rendered":"<h2 class=\"article-subtitle\" style=\"text-align: center;\">A paralisa\u00e7\u00e3o nacional de 24 horas convocada pela Confedera\u00e7\u00e3o Geral do Trabalho (CGT) contra a proposta de reforma trabalhista do governo de Javier Milei provocou impactos tamb\u00e9m no Brasil<\/h2>\n<p>&nbsp;<\/p>\n<div class=\"article-image-featured\" style=\"text-align: center;\"><img decoding=\"async\" class=\"i-amphtml-fill-content i-amphtml-replaced-content aligncenter\" src=\"https:\/\/www.meionews.com\/uploads\/imagens\/2026\/2\/19\/aviao-da-companhia-latam-em-voo--89e4569ae01f21db.jpg\" alt=\"Avi\u00e3o da Companhia Latam em voo | Robin Guess\/Shutterstock\" data-amp-loading=\"lazy\" \/><small>Avi\u00e3o da Companhia Latam em voo | Foto: Robin Guess\/Shutterstock<\/small><\/div>\n<div class=\"g-news\"><\/div>\n<div class=\"article-html\">\n<div class=\"article-html-more\">\n<p>A\u00a0<strong>greve geral na Argentina<\/strong> mobilizou sindicatos em todo o territ\u00f3rio argentino e afetou diretamente o setor a\u00e9reo. Empresas como Aerol\u00edneas Argentinas, LATAM Airlines e Gol Linhas A\u00e9reas tiveram voos impactados.<\/p>\n<p>Nesta quinta-feira (19),\u00a0<strong>dezenas de voos entre Brasil e Argentina foram cancelados<\/strong>. A Aerol\u00edneas Argentinas informou que 255 voos da companhia deixaram de operar. A empresa tamb\u00e9m comunicou que realizou reprograma\u00e7\u00f5es, antecipa\u00e7\u00f5es e ajustes fora do per\u00edodo mais cr\u00edtico da paralisa\u00e7\u00e3o.<\/p>\n<p>A recomenda\u00e7\u00e3o aos passageiros \u00e9\u00a0<strong>acompanhar as notifica\u00e7\u00f5es enviadas pelas companhias e consultar os canais oficiais de atendimento<\/strong>\u00a0antes de se dirigir aos aeroportos.<\/p>\n<h3 data-end=\"1321\" data-start=\"1282\">Servi\u00e7os aeroportu\u00e1rios paralisados<\/h3>\n<p>Em nota, o\u00a0<strong>Grupo Latam<\/strong>\u00a0informou que a ades\u00e3o de sindicatos ligados \u00e0 Intercargo, respons\u00e1vel pelos servi\u00e7os de rampa nos aeroportos argentinos, contribuiu para a altera\u00e7\u00e3o das opera\u00e7\u00f5es.<\/p>\n<blockquote><p>Alguns voos poder\u00e3o operar com\u00a0<strong>altera\u00e7\u00e3o de hor\u00e1rio e\/ou data<\/strong>, sem necessariamente serem cancelados&#8221;, apontou a companhia.<\/p><\/blockquote>\n<p>Enquanto a\u00a0<strong>Gol<\/strong>\u00a0explicou que as atividades aeroportu\u00e1rias foram suspensas nas cidades de Buenos Aires, Ros\u00e1rio, Mendoza e C\u00f3rdoba, o que resultou no cancelamento de diversos voos programados para hoje (19).<\/p>\n<h3 data-end=\"1787\" data-start=\"1754\">Reforma trabalhista em debate<\/h3>\n<div class=\"dimg\"><img decoding=\"async\" class=\"i-amphtml-intrinsic-sizer\" role=\"presentation\" src=\"data:;base64,<svg height=\"614px\" width=\"863px\" xmlns=\"http:\/\/www.w3.org\/2000\/svg\" version=\"1.1\"\/>&#8221; alt=&#8221;&#8221; aria-hidden=&#8221;true&#8221; \/><img decoding=\"async\" class=\"i-amphtml-fill-content i-amphtml-replaced-content aligncenter\" src=\"https:\/\/www.meionews.com\/uploads\/imagens\/2026\/2\/19\/greve-geral-na-argentina-afeta-voos-no-brasil-e-leva-a-dezenas-de-cancelamentos--d34aab3d55b7618c.jpg\" alt=\"Protestos na Argentina - Foto: Martin Cossarini\/REUTERS\" data-amp-loading=\"lazy\" \/><\/div>\n<p><span class=\"fr-inner\">Protestos na Argentina &#8211; Foto: Martin Cossarini\/REUTERS<\/span>&nbsp;<\/p>\n<p>A greve foi convocada em\u00a0<strong>protesto contra o projeto de reforma trabalhista<\/strong>\u00a0apresentado pelo governo\u00a0<strong>Milei<\/strong>. A proposta prev\u00ea, entre outros pontos, a possibilidade de amplia\u00e7\u00e3o da jornada de trabalho para at\u00e9 12 horas di\u00e1rias.<\/p>\n<p>O texto tamb\u00e9m prop\u00f5e mudan\u00e7as nos modelos de contrato, nas regras de f\u00e9rias e na jornada, al\u00e9m de flexibilizar demiss\u00f5es e impor limites ao direito de greve. A mat\u00e9ria deve ser discutida na C\u00e2mara argentina nesta quinta-feira (19).<\/p>\n<p class=\"ads\">\n<div class=\"article-share_buttons2 article-share\">\n<div class=\"share_buttons\">\n<div class=\"buttons\">\n<p>Fonte: Portal MeioNews.<br \/>\nConfira esta e outras mat\u00e9rias na \u00edntegra pelo link: https:\/\/www.meionews.com\/noticias\/internacional\/greve-geral-na-argentina-afeta-voos-no-brasil-e-leva-a-dezenas-de-cancelamentos-555849<\/p>\n<\/div>\n<\/div>\n<\/div>\n<\/div>\n<\/div>\n","protected":false},"excerpt":{"rendered":"<p>A paralisa\u00e7\u00e3o nacional de 24 horas convocada pela Confedera\u00e7\u00e3o Geral do Trabalho (CGT) contra a proposta de reforma trabalhista do governo de Javier Milei provocou impactos tamb\u00e9m no Brasil &nbsp; Avi\u00e3o da Companhia Latam em voo | Foto: Robin Guess\/Shutterstock A\u00a0greve geral na Argentina mobilizou sindicatos em todo o territ\u00f3rio argentino e afetou diretamente o [&hellip;]<\/p>\n","protected":false},"author":3,"featured_media":17794,"comment_status":"open","ping_status":"open","sticky":false,"template":"","format":"standard","meta":{"om_disable_all_campaigns":false,"_monsterinsights_skip_tracking":false,"_monsterinsights_sitenote_active":false,"_monsterinsights_sitenote_note":"","_monsterinsights_sitenote_category":0,"footnotes":""},"categories":[48],"tags":[],"class_list":["post-17793","post","type-post","status-publish","format-standard","has-post-thumbnail","hentry","category-esportes"],"jetpack_featured_media_url":"https:\/\/fatoelado.com\/wp-content\/uploads\/2026\/02\/aviao-da-companhia-latam-em-voo-89e4569ae01f21db.webp","_links":{"self":[{"href":"https:\/\/fatoelado.com\/index.php?rest_route=\/wp\/v2\/posts\/17793","targetHints":{"allow":["GET"]}}],"collection":[{"href":"https:\/\/fatoelado.com\/index.php?rest_route=\/wp\/v2\/posts"}],"about":[{"href":"https:\/\/fatoelado.com\/index.php?rest_route=\/wp\/v2\/types\/post"}],"author":[{"embeddable":true,"href":"https:\/\/fatoelado.com\/index.php?rest_route=\/wp\/v2\/users\/3"}],"replies":[{"embeddable":true,"href":"https:\/\/fatoelado.com\/index.php?rest_route=%2Fwp%2Fv2%2Fcomments&post=17793"}],"version-history":[{"count":1,"href":"https:\/\/fatoelado.com\/index.php?rest_route=\/wp\/v2\/posts\/17793\/revisions"}],"predecessor-version":[{"id":17795,"href":"https:\/\/fatoelado.com\/index.php?rest_route=\/wp\/v2\/posts\/17793\/revisions\/17795"}],"wp:featuredmedia":[{"embeddable":true,"href":"https:\/\/fatoelado.com\/index.php?rest_route=\/wp\/v2\/media\/17794"}],"wp:attachment":[{"href":"https:\/\/fatoelado.com\/index.php?rest_route=%2Fwp%2Fv2%2Fmedia&parent=17793"}],"wp:term":[{"taxonomy":"category","embeddable":true,"href":"https:\/\/fatoelado.com\/index.php?rest_route=%2Fwp%2Fv2%2Fcategories&post=17793"},{"taxonomy":"post_tag","embeddable":true,"href":"https:\/\/fatoelado.com\/index.php?rest_route=%2Fwp%2Fv2%2Ftags&post=17793"}],"curies":[{"name":"wp","href":"https:\/\/api.w.org\/{rel}","templated":true}]}}